{"id":64937,"date":"2025-01-27T11:16:02","date_gmt":"2025-01-27T17:16:02","guid":{"rendered":"https:\/\/informativoelvalledeaguascalientes.online\/?p=64937"},"modified":"2025-01-27T11:16:02","modified_gmt":"2025-01-27T17:16:02","slug":"en-apoyo-a-madres-y-padres-trabajadores-ya-se-encuentra-abierta-la-convocatoria-para-las-estancias-infantiles","status":"publish","type":"post","link":"https:\/\/informativoelvalledeaguascalientes.online\/?p=64937","title":{"rendered":"EN APOYO A MADRES Y PADRES TRABAJADORES, YA SE ENCUENTRA ABIERTA LA CONVOCATORIA PARA LAS ESTANCIAS INFANTILES"},"content":{"rendered":"<p>#informativoelvalledeaguascalientes #novaradioaguascalientes #informativoelvalledeaguascalientesll #Aguascalientes<\/p>\n<p>&nbsp;<\/p>\n<div id=\"comp-l7yvxqnz\" class=\"MazNVa comp-l7yvxqnz wixui-image rYiAuL\"><\/div>\n<div id=\"comp-l7sh9ubx\" class=\"TWFxr5 \">\n<div class=\"comp-l7sh9ubx\">\n<div class=\"sGWYken comp-l7sh9ubx\" data-hook=\"ricosviewer-wrapper\">\n<div class=\"nIlW2\" dir=\"ltr\" data-id=\"content-viewer\">\n<div class=\"C0hbR\">\n<div class=\"av0i6\">\n<p id=\"viewer-foo\" class=\"o0STb GF80u joYDm HjRUP\" dir=\"auto\"><span class=\"B-fpk\">Ya se encuentra abierta la convocatoria para que padres y madres inscriban a sus hijos de uno a cuatro a\u00f1os en las Estancias Infantiles, en donde los ni\u00f1os acceden a espacios seguros, servicios de cuidado, atenci\u00f3n y desarrollo integral infantil. As\u00ed lo inform\u00f3 el Gobierno del Estado de Aguascalientes, a trav\u00e9s de la Secretar\u00eda de Desarrollo Social (Sedeso).\u00a0<\/span><\/p>\n<div id=\"viewer-wqhgt177\" class=\"o0STb GF80u joYDm HjRUP\" dir=\"auto\"><span class=\"B-fpk\">\u00a0<\/span><\/div>\n<p id=\"viewer-pzrwf163\" class=\"o0STb GF80u _6Vwzd HjRUP\" dir=\"auto\"><span class=\"B-fpk _6Vwzd\">Las 61 Estancias Infantiles participantes reciben a los menores y les proporcionan atenci\u00f3n de calidad a un bajo costo, dependiendo de los servicios disponibles en cada estancia.<\/span><\/p>\n<div id=\"viewer-70e5r196\" class=\"o0STb GF80u _6Vwzd HjRUP\" dir=\"auto\"><span class=\"B-fpk _6Vwzd\">\u00a0<\/span><\/div>\n<p id=\"viewer-yelnj165\" class=\"o0STb GF80u _6Vwzd HjRUP\" dir=\"auto\"><span class=\"B-fpk _6Vwzd\">Los requisitos para participar en esta convocatoria pueden consultarse en <a class=\"_5VzWt lfO3I\" href=\"https:\/\/www.aguascalientes.gob.mx\/sedeso\/\" target=\"_self\" rel=\"noopener\" data-hook=\"WebLink\"><u>https:\/\/www.aguascalientes.gob.mx\/sedeso\/<\/u><\/a>, y la lista de las Estancias Infantiles disponibles est\u00e1 publicada en <a class=\"_5VzWt lfO3I\" href=\"https:\/\/www.facebook.com\/share\/1F52jAWXqD\/?mibextid=wwXIfr\" target=\"_self\" rel=\"noopener\" data-hook=\"WebLink\"><u>https:\/\/www.facebook.com\/share\/1F52jAWXqD\/?mibextid=wwXIfr<\/u><\/a>.\u00a0<\/span><\/p>\n<div id=\"viewer-vzou9192\" class=\"o0STb GF80u _6Vwzd HjRUP\" dir=\"auto\"><span class=\"B-fpk _6Vwzd\">\u00a0<\/span><\/div>\n<p id=\"viewer-hb1fu171\" class=\"o0STb GF80u _6Vwzd HjRUP\" dir=\"auto\"><span class=\"B-fpk _6Vwzd\">Para m\u00e1s informaci\u00f3n o para realizar el tr\u00e1mite correspondiente, los interesados pueden acudir directamente a las oficinas de la Sedeso, ubicadas en Blvd. Jos\u00e9 Mar\u00eda Ch\u00e1vez No. 3202, Ciudad Industrial, en un horario de 8:00 a 15:30 horas. Tambi\u00e9n pueden dirigirse a la Casa del Bien Com\u00fan m\u00e1s cercana a su domicilio o comunicarse al tel\u00e9fono 449 910 21 21, extensi\u00f3n 4285.<\/span><\/p>\n<\/div>\n<\/div>\n<\/div>\n<\/div>\n<\/div>\n<\/div>\n","protected":false},"excerpt":{"rendered":"<p>#informativoelvalledeaguascalientes #novaradioaguascalientes #informativoelvalledeaguascalientesll #Aguascalientes &nbsp; Ya se encuentra abierta la convocatoria para que padres y madres inscriban a sus hijos de uno a cuatro a\u00f1os en las Estancias Infantiles, en donde los ni\u00f1os acceden a espacios seguros, servicios de cuidado, atenci\u00f3n y desarrollo integral infantil. As\u00ed lo inform\u00f3 el Gobierno del Estado de Aguascalientes, a [&hellip;]<\/p>\n","protected":false},"author":1,"featured_media":64938,"comment_status":"closed","ping_status":"open","sticky":false,"template":"","format":"standard","meta":{"advanced_seo_description":"","jetpack_seo_html_title":"","jetpack_seo_noindex":false,"_jetpack_memberships_contains_paid_content":false,"footnotes":"","jetpack_publicize_message":"","jetpack_publicize_feature_enabled":true,"jetpack_social_post_already_shared":true,"jetpack_social_options":{"image_generator_settings":{"template":"highway","default_image_id":0,"font":"","enabled":false},"version":2}},"categories":[21,4],"tags":[22,615,24],"class_list":["post-64937","post","type-post","status-publish","format-standard","has-post-thumbnail","hentry","category-aguascalientes","category-gobierno-del-estado-aguascalientes","tag-aguascalientes","tag-gobierno-del-estado-de-aguascalientes","tag-sedeso"],"jetpack_publicize_connections":[],"jetpack_featured_media_url":"https:\/\/i0.wp.com\/informativoelvalledeaguascalientes.online\/wp-content\/uploads\/2025\/01\/9-1.jpeg?fit=1600%2C1200&ssl=1","jetpack-related-posts":[],"jetpack_sharing_enabled":true,"jetpack_likes_enabled":true,"_links":{"self":[{"href":"https:\/\/informativoelvalledeaguascalientes.online\/index.php?rest_route=\/wp\/v2\/posts\/64937","targetHints":{"allow":["GET"]}}],"collection":[{"href":"https:\/\/informativoelvalledeaguascalientes.online\/index.php?rest_route=\/wp\/v2\/posts"}],"about":[{"href":"https:\/\/informativoelvalledeaguascalientes.online\/index.php?rest_route=\/wp\/v2\/types\/post"}],"author":[{"embeddable":true,"href":"https:\/\/informativoelvalledeaguascalientes.online\/index.php?rest_route=\/wp\/v2\/users\/1"}],"replies":[{"embeddable":true,"href":"https:\/\/informativoelvalledeaguascalientes.online\/index.php?rest_route=%2Fwp%2Fv2%2Fcomments&post=64937"}],"version-history":[{"count":1,"href":"https:\/\/informativoelvalledeaguascalientes.online\/index.php?rest_route=\/wp\/v2\/posts\/64937\/revisions"}],"predecessor-version":[{"id":64939,"href":"https:\/\/informativoelvalledeaguascalientes.online\/index.php?rest_route=\/wp\/v2\/posts\/64937\/revisions\/64939"}],"wp:featuredmedia":[{"embeddable":true,"href":"https:\/\/informativoelvalledeaguascalientes.online\/index.php?rest_route=\/wp\/v2\/media\/64938"}],"wp:attachment":[{"href":"https:\/\/informativoelvalledeaguascalientes.online\/index.php?rest_route=%2Fwp%2Fv2%2Fmedia&parent=64937"}],"wp:term":[{"taxonomy":"category","embeddable":true,"href":"https:\/\/informativoelvalledeaguascalientes.online\/index.php?rest_route=%2Fwp%2Fv2%2Fcategories&post=64937"},{"taxonomy":"post_tag","embeddable":true,"href":"https:\/\/informativoelvalledeaguascalientes.online\/index.php?rest_route=%2Fwp%2Fv2%2Ftags&post=64937"}],"curies":[{"name":"wp","href":"https:\/\/api.w.org\/{rel}","templated":true}]}}