{"id":64869,"date":"2025-01-23T19:49:36","date_gmt":"2025-01-24T01:49:36","guid":{"rendered":"https:\/\/informativoelvalledeaguascalientes.online\/?p=64869"},"modified":"2025-01-23T19:49:36","modified_gmt":"2025-01-24T01:49:36","slug":"le-apuesta-cesar-medina-a-la-seguridad-en-el-municipio-de-jesus-maria","status":"publish","type":"post","link":"https:\/\/informativoelvalledeaguascalientes.online\/?p=64869","title":{"rendered":"LE APUESTA C\u00c9SAR MEDINA A LA SEGURIDAD EN EL MUNICIPIO DE JES\u00daS MAR\u00cdA"},"content":{"rendered":"<p>#informativoelvalledeaguascalientes #novaradioaguascalientes #informativoelvalledeaguascalientesll #Aguascalientes<\/p>\n<p>&nbsp;<\/p>\n<p>&nbsp;<\/p>\n<p>\u2022 Diez polic\u00edas municipales se incorporan a las filas de la Secretar\u00eda de Seguridad P\u00fablica y Vialidad de Jes\u00fas Mar\u00eda<\/p>\n<p>\u2022 Esta semana, 34 elementos de la Guardia Civil tambi\u00e9n concluyeron su formaci\u00f3n.<\/p>\n<p>&nbsp;<\/p>\n<p>&nbsp;<\/p>\n<p>El municipio de Jes\u00fas Mar\u00eda cuenta con diez nuevos polic\u00edas que se integran a las filas de la Secretar\u00eda de Seguridad P\u00fablica y Vialidad Municipal, tras concluir exitosamente su formaci\u00f3n inicial en la Universidad de la Polic\u00eda y Ciencias de la Seguridad de Aguascalientes (UNPOL), con esta y otras acciones como el fortalecimiento de la Guardia Civil Municipal, Jes\u00fas Mar\u00eda avanza en materia de seguridad p\u00fablica.<\/p>\n<p>Al concluir el evento de graduaci\u00f3n de 150 polic\u00edas y agentes de seguridad y justicia que encabez\u00f3 gobernadora Tere Jim\u00e9nez, el presidente municipal, C\u00e9sar Medina le dio la bienvenida a las y los nuevos polic\u00edas municipales y los invit\u00f3 a trabajar con compromiso y entrega por las familias de Jes\u00fas Mar\u00eda.<\/p>\n<p>\u201cConfiamos en ustedes, estoy seguro de que har\u00e1n un gran trabajo en el cumplimiento de su deber, s\u00e9 que tienen toda la capacidad, la vocaci\u00f3n y el coraz\u00f3n para proteger a la ciudadan\u00eda con el compromiso que merecen los jesusmarienses, les toca demostrarlo y tienen todo mi apoyo,\u201d dijo el presidente municipal.<\/p>\n<p>Medina Cervantes mencion\u00f3 que, adicional a los diez polic\u00edas municipales que se integran a la Secretar\u00eda de Seguridad P\u00fablica y Vialidad de Jes\u00fas Mar\u00eda, esta semana, treinta y cuatro elementos de la Guardia Civil concluyeron su formaci\u00f3n y ya se encuentran en las calles con la misi\u00f3n de mantener el orden, la paz p\u00fablica y auxiliar a quien lo requiera; en resumen Jes\u00fas Mar\u00eda tiene casi 50 nuevos elementos de seguridad para resguardar a la ciudadan\u00eda.<\/p>\n<p>Agreg\u00f3 que, actualmente est\u00e1 abierta la convocatoria para polic\u00edas municipales de Jes\u00fas Mar\u00eda, as\u00ed como para incorporarse a la Guardia Civil; finalmente, refrend\u00f3 su compromiso de continuar trabajando en materia de seguridad p\u00fablica, tanto en la reacci\u00f3n como en la prevenci\u00f3n del delito y la reconstrucci\u00f3n del tejido social.<\/p>\n","protected":false},"excerpt":{"rendered":"<p>#informativoelvalledeaguascalientes #novaradioaguascalientes #informativoelvalledeaguascalientesll #Aguascalientes &nbsp; &nbsp; \u2022 Diez polic\u00edas municipales se incorporan a las filas de la Secretar\u00eda de Seguridad P\u00fablica y Vialidad de Jes\u00fas Mar\u00eda \u2022 Esta semana, 34 elementos de la Guardia Civil tambi\u00e9n concluyeron su formaci\u00f3n. &nbsp; &nbsp; El municipio de Jes\u00fas Mar\u00eda cuenta con diez nuevos polic\u00edas que se integran a [&hellip;]<\/p>\n","protected":false},"author":1,"featured_media":64870,"comment_status":"closed","ping_status":"open","sticky":false,"template":"","format":"standard","meta":{"advanced_seo_description":"","jetpack_seo_html_title":"","jetpack_seo_noindex":false,"_jetpack_memberships_contains_paid_content":false,"footnotes":"","jetpack_publicize_message":"","jetpack_publicize_feature_enabled":true,"jetpack_social_post_already_shared":true,"jetpack_social_options":{"image_generator_settings":{"template":"highway","default_image_id":0,"font":"","enabled":false},"version":2}},"categories":[21,14,140],"tags":[22,45],"class_list":["post-64869","post","type-post","status-publish","format-standard","has-post-thumbnail","hentry","category-aguascalientes","category-jesus-maria-aguascalientes","category-pabellon-de-arteaga","tag-aguascalientes","tag-jesus-maria-aguascalientes"],"jetpack_publicize_connections":[],"jetpack_featured_media_url":"https:\/\/i0.wp.com\/informativoelvalledeaguascalientes.online\/wp-content\/uploads\/2025\/01\/eb645437-ed43-49ab-b8a7-07a6d78f84e4.jpg?fit=1200%2C800&ssl=1","jetpack-related-posts":[],"jetpack_sharing_enabled":true,"jetpack_likes_enabled":true,"_links":{"self":[{"href":"https:\/\/informativoelvalledeaguascalientes.online\/index.php?rest_route=\/wp\/v2\/posts\/64869","targetHints":{"allow":["GET"]}}],"collection":[{"href":"https:\/\/informativoelvalledeaguascalientes.online\/index.php?rest_route=\/wp\/v2\/posts"}],"about":[{"href":"https:\/\/informativoelvalledeaguascalientes.online\/index.php?rest_route=\/wp\/v2\/types\/post"}],"author":[{"embeddable":true,"href":"https:\/\/informativoelvalledeaguascalientes.online\/index.php?rest_route=\/wp\/v2\/users\/1"}],"replies":[{"embeddable":true,"href":"https:\/\/informativoelvalledeaguascalientes.online\/index.php?rest_route=%2Fwp%2Fv2%2Fcomments&post=64869"}],"version-history":[{"count":1,"href":"https:\/\/informativoelvalledeaguascalientes.online\/index.php?rest_route=\/wp\/v2\/posts\/64869\/revisions"}],"predecessor-version":[{"id":64871,"href":"https:\/\/informativoelvalledeaguascalientes.online\/index.php?rest_route=\/wp\/v2\/posts\/64869\/revisions\/64871"}],"wp:featuredmedia":[{"embeddable":true,"href":"https:\/\/informativoelvalledeaguascalientes.online\/index.php?rest_route=\/wp\/v2\/media\/64870"}],"wp:attachment":[{"href":"https:\/\/informativoelvalledeaguascalientes.online\/index.php?rest_route=%2Fwp%2Fv2%2Fmedia&parent=64869"}],"wp:term":[{"taxonomy":"category","embeddable":true,"href":"https:\/\/informativoelvalledeaguascalientes.online\/index.php?rest_route=%2Fwp%2Fv2%2Fcategories&post=64869"},{"taxonomy":"post_tag","embeddable":true,"href":"https:\/\/informativoelvalledeaguascalientes.online\/index.php?rest_route=%2Fwp%2Fv2%2Ftags&post=64869"}],"curies":[{"name":"wp","href":"https:\/\/api.w.org\/{rel}","templated":true}]}}