{"id":64809,"date":"2025-01-22T19:52:38","date_gmt":"2025-01-23T01:52:38","guid":{"rendered":"https:\/\/informativoelvalledeaguascalientes.online\/?p=64809"},"modified":"2025-01-22T19:52:38","modified_gmt":"2025-01-23T01:52:38","slug":"nueva-era-de-accion-el-pan-exige-resultados-y-define-prioridades-para-el-segundo-periodo-ordinario-en-la-camara-de-diputados","status":"publish","type":"post","link":"https:\/\/informativoelvalledeaguascalientes.online\/?p=64809","title":{"rendered":"NUEVA ERA DE ACCI\u00d3N: EL PAN EXIGE RESULTADOS Y DEFINE PRIORIDADES PARA EL SEGUNDO PER\u00cdODO ORDINARIO EN LA C\u00c1MARA DE DIPUTADOS"},"content":{"rendered":"<p>#informativoelvalledeaguascalientes #novaradioaguascalientes #informativoelvalledeaguascalientesll<\/p>\n<p>\u25cf Se design\u00f3 al diputado El\u00edas Lixa, como nuevo coordinador<br \/>\nde las y los diputados del PAN<br \/>\n\u25cf La Reuni\u00f3n Plenaria del PAN marca el inicio de una nueva era<br \/>\nde acci\u00f3n legislativa.<br \/>\n\u25cf &#8220;\u00a1Basta de excusas! Es tiempo de resultados para M\u00e9xico\u201d,<br \/>\narma el PAN<br \/>\nEste 22 de enero iniciaron los trabajos de la Reuni\u00f3n Plenaria de las y<br \/>\nlos Diputados del Partido Acci\u00f3n Nacional en Nuevo Le\u00f3n, donde se<br \/>\nreuni\u00f3 todo el grupo parlamentario con el Presidente Nacional del PAN,<br \/>\nJorge Romero, rumbo a una nueva era para el partido y el grupo<br \/>\nparlamentario. Esto con el objetivo de dise\u00f1ar una Agenda Legislativa<br \/>\nrme y enfocada a resolver las verdaderas necesidades de la<br \/>\nciudadan\u00eda. Fue en la reuni\u00f3n donde se design\u00f3 a El\u00edas Lixa como<br \/>\ncoordinador del grupo parlamentario; asimismo, la diputada Noem\u00ed<br \/>\nLuna ser\u00e1 vicecoordinadora.<br \/>\nEl Presidente Nacional del PAN, Jorge Romero, resalt\u00f3 el compromiso<br \/>\ndel partido para ser una oposici\u00f3n responsable y propositiva, enfocada<br \/>\nen los problemas reales de las y los mexicanos. Romero subray\u00f3:<br \/>\n&#8220;Acci\u00f3n Nacional en los tiempos de este gobierno es oposici\u00f3n, punto.<br \/>\nPero entendemos que es un partido que va a proponer por la gente, es<br \/>\na lo que venimos, a denir los puntos de la agenda.&#8221;<br \/>\nRomero insisti\u00f3 en que la agenda del PAN estar\u00e1 centrada en el<br \/>\nbienestar de las familias mexicanas. En ese sentido, destac\u00f3 que la<br \/>\nprimera iniciativa de Acci\u00f3n Nacional al regresar al periodo legislativo<br \/>\nser\u00e1 la reducci\u00f3n del precio de la gasolina, un tema prioritario para el<br \/>\npartido:<br \/>\n1<br \/>\n&#8220;Vamos a insistir, y lo advertimos, no nos vamos a cansar de insistir en<br \/>\nque un paso de ayudarle a la gente es que baje el precio de la<br \/>\ngasolina.&#8221;<br \/>\nAdem\u00e1s, Romero expres\u00f3 su preocupaci\u00f3n por las amenazas del nuevo<br \/>\ngobierno de Estados Unidos y su impacto en M\u00e9xico. Arm\u00f3 que el<br \/>\nPAN no escatimar\u00e1 esfuerzos para defender la soberan\u00eda del pa\u00eds y<br \/>\nexigi\u00f3 al gobierno mexicano que tome medidas adecuadas en temas de<br \/>\nseguridad:<br \/>\n&#8220;En t\u00e9rminos de seguridad, parten sus amenazas de la realidad que \u00e9l<br \/>\nmenciona. Le preguntamos a cualquier persona, est\u00e1 mintiendo cuando<br \/>\nhace esa aseveraci\u00f3n? O debemos reconocer que existen enormes<br \/>\nextensiones territoriales donde gobierna el crimen organizado? Es<br \/>\ndeber de este gobierno combatirlo.&#8221;<br \/>\nPor su parte, El\u00edas Lixa, nuevo coordinador del Grupo Parlamentario del<br \/>\nPAN, destac\u00f3 la importancia de este cambio en la coordinaci\u00f3n y<br \/>\nrearm\u00f3 el compromiso de Acci\u00f3n Nacional de defender los derechos<br \/>\nde las y los mexicanos. En su intervenci\u00f3n, Lixa expres\u00f3:<br \/>\n&#8220;El PAN est\u00e1 listo para sumar esfuerzos para que exista una pol\u00edtica de<br \/>\natenci\u00f3n a los migrantes, pero tambi\u00e9n para defender los derechos de<br \/>\nlos trabajadores mexicanos, en particular los ahorros del INFONAVIT.&#8221;<br \/>\nLixa tambi\u00e9n enfatiz\u00f3 la necesidad urgente de reducir el precio de la<br \/>\ngasolina y la importancia de regular la tarifa el\u00e9ctrica, resaltando que la<br \/>\ndisminuci\u00f3n de estos costos es posible. Adem\u00e1s, el nuevo coordinador<br \/>\ndestac\u00f3 que el PAN luchar\u00e1 contra el desabasto de medicamentos y<br \/>\ncontinuar\u00e1 impulsando una agenda de rendici\u00f3n de cuentas en el<br \/>\ngobierno:<br \/>\n&#8220;No solo puede bajar la gasolina, sino que tiene que bajar porque el<br \/>\npetr\u00f3leo est\u00e1 bajando en todo el mundo, por supuesto que se puede,<br \/>\npero Morena no quiere.&#8221;<br \/>\nAdem\u00e1s, Lixa puntualiz\u00f3 que la reforma al Poder Judicial es uno de los<br \/>\ntemas clave para el PAN, y se comprometi\u00f3 a seguir luchando para<br \/>\nevitar que el gobierno interera en la impartici\u00f3n de justicia:<\/p>\n<p>&#8220;Est\u00e1 echando a andar la reforma al Poder Judicial. No se nos olvida<br \/>\nque est\u00e1 en curso un proceso alarmante, vamos a evidenciar las garras<br \/>\ndel gobierno en la impartici\u00f3n de justicia.&#8221;<br \/>\nFinalmente, el PAN rearm\u00f3 su postura de ser una oposici\u00f3n firme,<br \/>\ndispuesta a dialogar, pero tambi\u00e9n a defender con determinaci\u00f3n los<br \/>\nprincipios democr\u00e1ticos que rigen a M\u00e9xico. Acci\u00f3n Nacional<br \/>\ncontinuar\u00e1 trabajando con una agenda centrada en la econom\u00eda de las<br \/>\nfamilias, la defensa de las instituciones y la justicia para todos los<br \/>\nmexicanos.<br \/>\nCon este llamado a la acci\u00f3n, el PAN consolida su posici\u00f3n como un<br \/>\npartido que no solo se\u00f1ala los errores del gobierno, sino que propone y<br \/>\nact\u00faa en beneficio de las y los ciudadanos.<br \/>\nCon estas premisas, arranc\u00f3 oficialmente la Plenaria de las y los<br \/>\nDiputados del PAN en Nuevo Le\u00f3n. A lo largo de las pr\u00f3ximas jornadas,<br \/>\nse profundizar\u00e1 en la ruta legislativa y la coordinaci\u00f3n de esfuerzos para<br \/>\nimpulsar iniciativas que verdaderamente beneficien a las familias<br \/>\nmexicanas.<br \/>\nEn el evento que se realiza en San Pedro Garza, Garc\u00eda, Nuevo Le\u00f3n,<br \/>\nparticipan las y los legisladores del PAN, integrantes de la dirigencia<br \/>\nnacional, y guras clave del partido, consolidando una agenda<br \/>\nlegislativa s\u00f3lida que busca responder a las problem\u00e1ticas urgentes de<br \/>\nlas familias mexicanas.<br \/>\nDe esta manera, diputadas y diputados cierran las con rumbo al<br \/>\npr\u00f3ximo periodo ordinario de sesiones, con el firme compromiso de trabajar en favor del pa\u00eds, siendo la principal fuerza opositora.<\/p>\n","protected":false},"excerpt":{"rendered":"<p>#informativoelvalledeaguascalientes #novaradioaguascalientes #informativoelvalledeaguascalientesll \u25cf Se design\u00f3 al diputado El\u00edas Lixa, como nuevo coordinador de las y los diputados del PAN \u25cf La Reuni\u00f3n Plenaria del PAN marca el inicio de una nueva era de acci\u00f3n legislativa. \u25cf &#8220;\u00a1Basta de excusas! Es tiempo de resultados para M\u00e9xico\u201d, arma el PAN Este 22 de enero iniciaron los [&hellip;]<\/p>\n","protected":false},"author":1,"featured_media":64810,"comment_status":"closed","ping_status":"open","sticky":false,"template":"","format":"standard","meta":{"advanced_seo_description":"","jetpack_seo_html_title":"","jetpack_seo_noindex":false,"_jetpack_memberships_contains_paid_content":false,"footnotes":"","jetpack_publicize_message":"","jetpack_publicize_feature_enabled":true,"jetpack_social_post_already_shared":true,"jetpack_social_options":{"image_generator_settings":{"template":"highway","default_image_id":0,"font":"","enabled":false},"version":2}},"categories":[21,762,7,760],"tags":[22,23],"class_list":["post-64809","post","type-post","status-publish","format-standard","has-post-thumbnail","hentry","category-aguascalientes","category-elecciones-2024","category-pan-aguascalientes","category-rieleros-de-aguascalientes","tag-aguascalientes","tag-pan-aguascalientes"],"jetpack_publicize_connections":[],"jetpack_featured_media_url":"https:\/\/i0.wp.com\/informativoelvalledeaguascalientes.online\/wp-content\/uploads\/2025\/01\/WhatsApp-Image-2025-01-22-at-6.50.47-PM.jpeg?fit=1280%2C853&ssl=1","jetpack-related-posts":[],"jetpack_sharing_enabled":true,"jetpack_likes_enabled":true,"_links":{"self":[{"href":"https:\/\/informativoelvalledeaguascalientes.online\/index.php?rest_route=\/wp\/v2\/posts\/64809","targetHints":{"allow":["GET"]}}],"collection":[{"href":"https:\/\/informativoelvalledeaguascalientes.online\/index.php?rest_route=\/wp\/v2\/posts"}],"about":[{"href":"https:\/\/informativoelvalledeaguascalientes.online\/index.php?rest_route=\/wp\/v2\/types\/post"}],"author":[{"embeddable":true,"href":"https:\/\/informativoelvalledeaguascalientes.online\/index.php?rest_route=\/wp\/v2\/users\/1"}],"replies":[{"embeddable":true,"href":"https:\/\/informativoelvalledeaguascalientes.online\/index.php?rest_route=%2Fwp%2Fv2%2Fcomments&post=64809"}],"version-history":[{"count":1,"href":"https:\/\/informativoelvalledeaguascalientes.online\/index.php?rest_route=\/wp\/v2\/posts\/64809\/revisions"}],"predecessor-version":[{"id":64811,"href":"https:\/\/informativoelvalledeaguascalientes.online\/index.php?rest_route=\/wp\/v2\/posts\/64809\/revisions\/64811"}],"wp:featuredmedia":[{"embeddable":true,"href":"https:\/\/informativoelvalledeaguascalientes.online\/index.php?rest_route=\/wp\/v2\/media\/64810"}],"wp:attachment":[{"href":"https:\/\/informativoelvalledeaguascalientes.online\/index.php?rest_route=%2Fwp%2Fv2%2Fmedia&parent=64809"}],"wp:term":[{"taxonomy":"category","embeddable":true,"href":"https:\/\/informativoelvalledeaguascalientes.online\/index.php?rest_route=%2Fwp%2Fv2%2Fcategories&post=64809"},{"taxonomy":"post_tag","embeddable":true,"href":"https:\/\/informativoelvalledeaguascalientes.online\/index.php?rest_route=%2Fwp%2Fv2%2Ftags&post=64809"}],"curies":[{"name":"wp","href":"https:\/\/api.w.org\/{rel}","templated":true}]}}