{"id":64806,"date":"2025-01-22T19:39:27","date_gmt":"2025-01-23T01:39:27","guid":{"rendered":"https:\/\/informativoelvalledeaguascalientes.online\/?p=64806"},"modified":"2025-01-22T19:39:27","modified_gmt":"2025-01-23T01:39:27","slug":"mensaje-del-coordinador-de-diputados-federales-del-grupo-parlamentario-del-pan-elias-lixa-durante-la-reunion-plenaria-en-monterrey-nuevo-leon","status":"publish","type":"post","link":"https:\/\/informativoelvalledeaguascalientes.online\/?p=64806","title":{"rendered":"Mensaje del Coordinador de Diputados Federales del Grupo Parlamentario del PAN, El\u00edas Lixa, durante la reuni\u00f3n plenaria en Monterrey, Nuevo Le\u00f3n."},"content":{"rendered":"<p>#informativoelvalledeaguascalientes #novaradioaguascalientes #informativoelvalledeaguascalientesll<\/p>\n<p>&nbsp;<\/p>\n<p><strong>El\u00edas Lixa <\/strong><strong>Abimerhi <\/strong><strong>(ELA):<\/strong> Muchas gracias, agradezco mucho lo que vale tu presencia. Agradezco a los integrantes del grupo de Nuevo Le\u00f3n, por supuesto, por tu generosidad, por tu bienvenida., en particular a Homero, que nos ayud\u00f3 mucho con la organizaci\u00f3n aqu\u00ed en San Pedro y desde luego a todas mis compa\u00f1eras y compa\u00f1eros.<\/p>\n<p>Empiezo este mensaje cPn un profundo, muy, muy profundo agradecimiento a mi Grupo parlamentario y quienes hemos crecido en el ambiente del PAN, quienes hemos crecido toda nuestra vida en la democracia interna, quienes hemos crecido en el ejemplo de hombres y mujeres que se decidieron por la democracia, entendemos que no hay m\u00e1s alto honor para un parlamentario, m\u00e1s para un parlamentario de carrera que el recibir de su Grupo Parlamentario el respaldo un\u00e1nime para coordinar al Grupo Parlamentario en la C\u00e1mara de Diputados, es una tarea que acepto con toda la humildad, pero con el m\u00e1s alto sentido de la responsabilidad de entender, que pese a los n\u00fameros, es y seguir\u00e1 siendo en M\u00e9xico el mejor, el m\u00e1s grande y el m\u00e1s importante Grupo Parlamentario por tradici\u00f3n democr\u00e1tica y por historia, el Grupo Parlamentario de Acci\u00f3n Nacional.<\/p>\n<p>Agradezco a todas y a cada una de mis compa\u00f1eras y compa\u00f1eros por su respaldo, porque si este grupo, adem\u00e1s ha sido un grupo s\u00f3lido y este grupo ha sabido colocar mensajes, y si este grupo ha podido plantar cara al oficialismo, es porque somos un grupo compacto, unido, que en todas las batallas hemos salido juntos.<\/p>\n<p>Sepan, compa\u00f1eras y compa\u00f1eros, invertir\u00e9 todo mi tiempo, todo mi esfuerzo y todo mi talento para cuidar la unidad de este grupo. A mi querida, a mi coordinadora, con quien tuve el privilegio de compartir estos meses como vicecoordinador y por su generosidad tener atribuciones que me permitieron, junto con ella, articular la estrategia y el rumbo parlamentario del partido.<\/p>\n<p>Estoy profundamente agradecido, Noem\u00ed, por tu generosidad, por tu confianza y por el tiempo que hemos trabajado juntos y sobre todo, por el tiempo que tenemos por delante.<\/p>\n<p>Quiero anunciarles que el d\u00eda de hoy he decidido y he compartido al grupo que la diputada Noem\u00ed Luna una fungir\u00e1 como vicecoordinadora General de este Grupo parlamentario a partir del d\u00eda de hoy. Muchas gracias, querida Noem\u00ed.<\/p>\n<p>Pero mi agradecimiento m\u00e1s profundo es para mi dirigente, porque ha puesto en m\u00ed, ha depositado en mi persona una confianza que si bien creo a\u00fan no es merecida, es honesta, porque es producto del trabajo que hemos realizado durante todos estos a\u00f1os juntos.<\/p>\n<p>Tengo la fortuna de haber compartido la batalla legislativa con mi dirigente, con mi jefe nacional Jorge Romero, desde 2018 entiendo la claridad con la que ve el pa\u00eds, la claridad con la que ve el partido y como se lo he dicho en privado con todo mi grupo parlamentario, no hay tarea m\u00e1s importante para un coordinador del PAN, que coordinarlo con el partido.<\/p>\n<p>&nbsp;<\/p>\n<p>Porque este no es un Grupo Parlamentario a secas, es un Grupo Parlamentario con nombre y apellido, es el Grupo Parlamentario del Partido Acci\u00f3n Nacional y as\u00ed nos vamos a comportar, con lealtad a nuestra instituci\u00f3n, con perfecta coordinaci\u00f3n en las estrategias y en las directrices que nos indique nuestro presidente y sus \u00f3rganos de gobierno, y teng\u00e1moslo todo claro, con absoluta lealtad a las resoluciones de nuestro jefe nacional.<\/p>\n<p>&nbsp;<\/p>\n<p>Estimado presidente, este es tu Grupo Parlamentario.<\/p>\n<p>&nbsp;<\/p>\n<p><strong>JRH:<\/strong> Muchas gracias.<\/p>\n<p>&nbsp;<\/p>\n<p><strong>ELA:<\/strong> Amigas y amigos.<\/p>\n<p>&nbsp;<\/p>\n<p>El PAN vive una nueva era, una nueva era de acci\u00f3n que ha iniciado con la elecci\u00f3n de nuestro nuevo dirigente, un dirigente que, desde el primer d\u00eda, ha puesto los temas sobre la mesa con valent\u00eda, que ha llamado a las cosas por su nombre, que ha llamado a los panistas a abrir a nuestro partido, a reflexionar en nuestro pasado, en nuestra identidad pero, sobre todo, en nuestro presente para, con los valores que distinguen al Partido Acci\u00f3n Nacional, ser opci\u00f3n de futuro.<\/p>\n<p>&nbsp;<\/p>\n<p>Tenemos, sin duda, una tarea como oposici\u00f3n, esa la conocemos, es una tarea como oposici\u00f3n desde defensa de las instituciones democr\u00e1ticas, de defensa del equilibrio que debe existir en la separaci\u00f3n de poderes, de defensa de los anhelos m\u00e1s profundos de las familias mexicanas.<\/p>\n<p>&nbsp;<\/p>\n<p>Pero, tambi\u00e9n, tenemos el desaf\u00edo de ser opci\u00f3n y, por eso, aqu\u00ed estamos reunidos las y los diputados para evaluar, para reflexionar y para construir lo que ser\u00e1 nuestra agenda parlamentaria definitiva.<\/p>\n<p>&nbsp;<\/p>\n<p>Es decir, si bien conocemos los temas a los que tenemos que entrar, si bien tenemos ya un dise\u00f1o, vamos a concentrarnos estos dos d\u00edas en profundizar en cada una y en cada uno de esos temas.<\/p>\n<p>&nbsp;<\/p>\n<p>Por ejemplo, la econom\u00eda de las familias. Ya lo ha dicho el presidente del PAN, tenemos que bajar el precio de la gasolina, esta que tan indispensable es para mantener y mejorar los costos de las familias mexicanas, esa que de manera indolente en campa\u00f1a el oficialismo presum\u00eda que iba a bajar y que hoy quiere ignorar.<\/p>\n<p>&nbsp;<\/p>\n<p>Bueno, ya hasta macroeconomistas quisieron volverse y lo cierto es que lo est\u00e1n desmentido por todos lados, no s\u00f3lo puede bajar la gasolina, sino que tiene que bajar la gasolina porque el petr\u00f3leo est\u00e1 bajando de precio en todo el mundo, ah, pero eso s\u00ed, a las mexicanas y a los mexicanos nos siguen cobrando m\u00e1s por gasolina, por supuesto que se pueden y no solo eso, ya tenemos al menos tres formas distintas de hacer que baje el precio de la gasolina.<\/p>\n<p>&nbsp;<\/p>\n<p>La m\u00e1s sencilla es la que hemos puesto sobre la mesa y la que vamos a presentar en la primera semana de febrero, reducir el IEPS para las gasolinas, pero no queda ah\u00ed, tenemos que ir m\u00e1s all\u00e1 porque tambi\u00e9n tenemos que regular los cobros y los aumentos en la tarifa el\u00e9ctrica, vamos a abordar tambi\u00e9n el tema de la seguridad, que hoy representa una oportunidad grand\u00edsima en la agenda nacional.<\/p>\n<p>&nbsp;<\/p>\n<p>Tenemos que abordar el tema de salud, contin\u00faa lamentablemente, el desabasto de medicamentos, particularmente para quienes sufren c\u00e1ncer en este pa\u00eds, no puede ser posible y ya van para siete a\u00f1os, siete a\u00f1os y no hayan querido ni siquiera reunirse con las asociaciones con los representantes, bueno, con los pap\u00e1s y mam\u00e1s de ni\u00f1os que sufren c\u00e1ncer y que este gobierno les ha dado la espalda.<\/p>\n<p>&nbsp;<\/p>\n<p>Vamos por una agenda de rendici\u00f3n de cuentas, el PAN lo ha dicho y lo repetimos para que nadie se confunda, estamos a favor de los programas sociales, lo que no podemos permitir es que, con el pretexto de los programas sociales, haya gente en el gobierno enriqueci\u00e9ndose, haya gente en el gobierno desviando esos programas sociales, porque todo esto sucede mientras no existen auditor\u00edas y al tiempo que terminan de destruir y ponerle el \u00faltimo, el \u00faltimo clavo al ata\u00fad, al ata\u00fad del INAI: no existe hoy un mecanismo para la rendici\u00f3n de cuentas, vamos por una auditor\u00eda con mayores capacidad para poder fiscalizar a los gobiernos, pero con nuevos mecanismos de rendici\u00f3n de cuentas.<\/p>\n<p>&nbsp;<\/p>\n<p>El contexto es adverso y es muy claro en t\u00e9rminos internacionales, ya lo ha descrito mi presidente, pero tambi\u00e9n es cierto que representa dos grand\u00edsimas oportunidades la primera, la esencial, la coincidencia, nuestros vecinos y nosotros coincidimos en que M\u00e9xico necesita combatir el crimen organizado y desarticular a estas organizaciones que son s\u00faper poderosas y cuando digo nosotros, no me refiero al PAN, me refiero a todo M\u00e9xico y quiero pensar que a todos los partidos pol\u00edticos bueno, si el inter\u00e9s de Estados Unidos y el nuestro coinciden, entonces hay que ponernos a trabajar en mesas de di\u00e1logo para establecer compromisos claros para combatir y desarticular al crimen organizado.<\/p>\n<p>&nbsp;<\/p>\n<p>El segundo tema, el m\u00e1s doloroso el d\u00eda de hoy, tuvo que venir un presidente de otro pa\u00eds para que el gobierno mexicano volteara a ver a los migrantes. Llevamos m\u00e1s de seis a\u00f1os y se han abandonado a las asociaciones, a los albergues, se han abandonado las instalaciones para recibir a nuestras hermanas y hermanos mexicanos, hoy tenemos el punto en com\u00fan, el PAN est\u00e1 listo para sumar esfuerzos para que exista una verdadera pol\u00edtica de atenci\u00f3n.<\/p>\n<p>&nbsp;<\/p>\n<p>Ya lo hemos dicho, vamos por un fondo, s\u00ed, pero tambi\u00e9n vamos por pol\u00edticas que defiendan derechos.<\/p>\n<p>Miren, el problema que tienen los grandes problemas internacionales es que lo mismo son adversos para el pa\u00eds que algunas veces conveniente para los gobiernos, porque los utilizan para dejar de hablar de los temas dom\u00e9sticos y al tiempo que est\u00e1 sucediendo esta discusi\u00f3n y que s\u00f3lo hemos hablado en la \u00faltima semana de lo que sucede con Estados Unidos, a ese tiempo el gobierno mantiene su plan por echarle mano a 2.4 billones de pesos, que son el ahorro de las y los trabajadores de M\u00e9xico.<\/p>\n<p>Est\u00e1n a punto de meterse con lo que nadie se ha metido en tiempos modernos desde que existe la pol\u00edtica de ahorro para la vivienda. El dinero que existe en el Infonavit no es dinero del gobierno y no existe causa para que el gobierno quiera poner una empresa y financiarla con el dinero de las y los mexicanos, ese dinero es el ahorro de las familias para un enganche de vivienda. Vamos a defender su posici\u00f3n.<\/p>\n<p>Est\u00e1 el tiempo de la gasolina, pero est\u00e1 tambi\u00e9n en este momento echando a andarse la reforma al Poder Judicial. No se nos olvide que en este momento est\u00e1 un proceso en curso para adue\u00f1arse, para adue\u00f1arse desde el oficialismo, de un poder del Estado, que es alarmante, grave, y que vamos a abordar todos los d\u00edas para evidenciar las garras del gobierno adentro de la impartici\u00f3n de justicia.<\/p>\n<p>Por \u00faltimo, nosotros sabemos que s\u00f3lo se puede construir con di\u00e1logo, estamos totalmente dispuestos a hacerlo, siempre con respeto y siempre con propuestas en la mesa, pero con el mismo respeto que exigimos, decimos que el PAN ni se deja ningunear ni est\u00e1 dispuesto a ponerse de tapete de nadie.<\/p>\n<p>Estamos listos para sentarnos a dialogar y construir, por supuesto que s\u00ed, pero tambi\u00e9n estamos totalmente preparados para ser una oportuna oposici\u00f3n firme y dispuesta a defender los valores democr\u00e1ticos de este pa\u00eds. Muchas gracias.<\/p>\n","protected":false},"excerpt":{"rendered":"<p>#informativoelvalledeaguascalientes #novaradioaguascalientes #informativoelvalledeaguascalientesll &nbsp; El\u00edas Lixa Abimerhi (ELA): Muchas gracias, agradezco mucho lo que vale tu presencia. Agradezco a los integrantes del grupo de Nuevo Le\u00f3n, por supuesto, por tu generosidad, por tu bienvenida., en particular a Homero, que nos ayud\u00f3 mucho con la organizaci\u00f3n aqu\u00ed en San Pedro y desde luego a todas mis [&hellip;]<\/p>\n","protected":false},"author":1,"featured_media":64807,"comment_status":"closed","ping_status":"open","sticky":false,"template":"","format":"standard","meta":{"advanced_seo_description":"","jetpack_seo_html_title":"","jetpack_seo_noindex":false,"_jetpack_memberships_contains_paid_content":false,"footnotes":"","jetpack_publicize_message":"","jetpack_publicize_feature_enabled":true,"jetpack_social_post_already_shared":true,"jetpack_social_options":{"image_generator_settings":{"template":"highway","default_image_id":0,"font":"","enabled":false},"version":2}},"categories":[21,762,7,6,760,629],"tags":[],"class_list":["post-64806","post","type-post","status-publish","format-standard","has-post-thumbnail","hentry","category-aguascalientes","category-elecciones-2024","category-pan-aguascalientes","category-partidos-politicos","category-rieleros-de-aguascalientes","category-universidad-autonoma-de-aguascalientes"],"jetpack_publicize_connections":[],"jetpack_featured_media_url":"https:\/\/i0.wp.com\/informativoelvalledeaguascalientes.online\/wp-content\/uploads\/2025\/01\/WhatsApp-Image-2025-01-22-at-6.11.34-PM.jpeg?fit=1600%2C1066&ssl=1","jetpack-related-posts":[],"jetpack_sharing_enabled":true,"jetpack_likes_enabled":true,"_links":{"self":[{"href":"https:\/\/informativoelvalledeaguascalientes.online\/index.php?rest_route=\/wp\/v2\/posts\/64806","targetHints":{"allow":["GET"]}}],"collection":[{"href":"https:\/\/informativoelvalledeaguascalientes.online\/index.php?rest_route=\/wp\/v2\/posts"}],"about":[{"href":"https:\/\/informativoelvalledeaguascalientes.online\/index.php?rest_route=\/wp\/v2\/types\/post"}],"author":[{"embeddable":true,"href":"https:\/\/informativoelvalledeaguascalientes.online\/index.php?rest_route=\/wp\/v2\/users\/1"}],"replies":[{"embeddable":true,"href":"https:\/\/informativoelvalledeaguascalientes.online\/index.php?rest_route=%2Fwp%2Fv2%2Fcomments&post=64806"}],"version-history":[{"count":1,"href":"https:\/\/informativoelvalledeaguascalientes.online\/index.php?rest_route=\/wp\/v2\/posts\/64806\/revisions"}],"predecessor-version":[{"id":64808,"href":"https:\/\/informativoelvalledeaguascalientes.online\/index.php?rest_route=\/wp\/v2\/posts\/64806\/revisions\/64808"}],"wp:featuredmedia":[{"embeddable":true,"href":"https:\/\/informativoelvalledeaguascalientes.online\/index.php?rest_route=\/wp\/v2\/media\/64807"}],"wp:attachment":[{"href":"https:\/\/informativoelvalledeaguascalientes.online\/index.php?rest_route=%2Fwp%2Fv2%2Fmedia&parent=64806"}],"wp:term":[{"taxonomy":"category","embeddable":true,"href":"https:\/\/informativoelvalledeaguascalientes.online\/index.php?rest_route=%2Fwp%2Fv2%2Fcategories&post=64806"},{"taxonomy":"post_tag","embeddable":true,"href":"https:\/\/informativoelvalledeaguascalientes.online\/index.php?rest_route=%2Fwp%2Fv2%2Ftags&post=64806"}],"curies":[{"name":"wp","href":"https:\/\/api.w.org\/{rel}","templated":true}]}}