{"id":64803,"date":"2025-01-22T19:35:43","date_gmt":"2025-01-23T01:35:43","guid":{"rendered":"https:\/\/informativoelvalledeaguascalientes.online\/?p=64803"},"modified":"2025-01-22T19:35:43","modified_gmt":"2025-01-23T01:35:43","slug":"gobierno-de-jesus-maria-busca-hacer-alianzas-con-el-salvador","status":"publish","type":"post","link":"https:\/\/informativoelvalledeaguascalientes.online\/?p=64803","title":{"rendered":"GOBIERNO DE JES\u00daS MAR\u00cdA BUSCA HACER ALIANZAS CON EL SALVADOR"},"content":{"rendered":"<p>#informativoelvalledeaguascalientes #novaradioaguascalientes #informativoelvalledeaguascalientesll<\/p>\n<p>\u2022 Se pretende formalizar el compromiso de hermanamiento con Ilopango, Suchitoto y San Salvador a trav\u00e9s de la Embajada de M\u00e9xico en El Salvador.<\/p>\n<p>El Gobierno Municipal de Jes\u00fas Mar\u00eda, firm\u00f3, a trav\u00e9s de la Embajada y la Canciller\u00eda de M\u00e9xico, la manifestaci\u00f3n de inter\u00e9s para generar convenios de colaboraci\u00f3n con El Salvador, particularmente con las municipalidades de Suchitoto, Ilopango y San Salvador y de esta manera, compartir pr\u00e1cticas exitosas en materia de desarrollo humano, prevenci\u00f3n, cultura y de econom\u00eda.<\/p>\n<p>En el encuentro, el presidente municipal de Jes\u00fas Mar\u00eda, C\u00e9sar Medina, mencion\u00f3 que Jes\u00fas Mar\u00eda y El Salvador comparten retos y aspiraciones similares, por lo que es momento de trabajar en unidad; \u201cMe alegra mucho recibir la visita del maestro Ricardo Cant\u00fa, estoy seguro que trabajaremos de la mano en proyectos que beneficien a nuestros pueblos, estaremos compartiendo experiencias y seguramente en las pr\u00f3ximas semanas replicando algunos casos de \u00e9xito aqu\u00ed en Jes\u00fas Mar\u00eda\u201d, dijo.<\/p>\n<p>Agreg\u00f3 que, en el plan de Desarrollo Municipal de Jes\u00fas Mar\u00eda, uno de los ejes centrales es el tema del desarrollo humano, en lo que el pa\u00eds de El Salvador ha sido exitoso, muestra de ello es la implementaci\u00f3n de los Centros Urbanos de Bienestar y Oportunidades (CUBOS) que son semejantes a los Centros de Desarrollo Comunitario (CEDECOS) que existen en el municipio de Jes\u00fas Mar\u00eda, proyecto que se est\u00e1 fortaleciendo y que abona considerablemente a la reconstrucci\u00f3n del tejido social.<\/p>\n<p>Medina Cervantes mencion\u00f3 que, el municipio de Jes\u00fas Mar\u00eda tiene mucho que ofrecer en distintos rubros, \u201cQueremos que el mundo conozca la riqueza cultural de Jes\u00fas Mar\u00eda, que conozcan a nuestros muebleros y su talento en la talla de madera, nuestra gastronom\u00eda, y tambi\u00e9n a la Orquesta Sinf\u00f3nica Infantil y Juvenil, un proyecto que ha dado excelentes resultados.<\/p>\n<p>En su intervenci\u00f3n, el embajador Ricardo Cant\u00fa de la Garza, destac\u00f3 que Jes\u00fas Mar\u00eda tiene mucho que aportar en esta relaci\u00f3n bilateral, toda vez que es ejemplo de c\u00f3mo una comunidad puede fortalecerse al trabajar en conjunto para construir un futuro mejor \u201cQuiero destacar el potencial de Jes\u00fas Mar\u00eda en el marco de la econom\u00eda naranja, sin duda, est\u00e1 sentando las bases para una econom\u00eda m\u00e1s diversa e inclusiva\u201d dijo.<\/p>\n<p>Subray\u00f3 que a M\u00e9xico y El Salvador los unen lazos culturales, adem\u00e1s de que comparten una profunda conexi\u00f3n basada en la solidaridad y el respeto mutuo.<\/p>\n<p>La visita incluy\u00f3 un recorrido tur\u00edstico por el municipio, un desayuno de bienvenida, as\u00ed como una visita guiada a la Casa de M\u00fasica.<\/p>\n","protected":false},"excerpt":{"rendered":"<p>#informativoelvalledeaguascalientes #novaradioaguascalientes #informativoelvalledeaguascalientesll \u2022 Se pretende formalizar el compromiso de hermanamiento con Ilopango, Suchitoto y San Salvador a trav\u00e9s de la Embajada de M\u00e9xico en El Salvador. El Gobierno Municipal de Jes\u00fas Mar\u00eda, firm\u00f3, a trav\u00e9s de la Embajada y la Canciller\u00eda de M\u00e9xico, la manifestaci\u00f3n de inter\u00e9s para generar convenios de colaboraci\u00f3n con El [&hellip;]<\/p>\n","protected":false},"author":1,"featured_media":64804,"comment_status":"closed","ping_status":"open","sticky":false,"template":"","format":"standard","meta":{"advanced_seo_description":"","jetpack_seo_html_title":"","jetpack_seo_noindex":false,"_jetpack_memberships_contains_paid_content":false,"footnotes":"","jetpack_publicize_message":"","jetpack_publicize_feature_enabled":true,"jetpack_social_post_already_shared":true,"jetpack_social_options":{"image_generator_settings":{"template":"highway","default_image_id":0,"font":"","enabled":false},"version":2}},"categories":[21,14,140],"tags":[22,45],"class_list":["post-64803","post","type-post","status-publish","format-standard","has-post-thumbnail","hentry","category-aguascalientes","category-jesus-maria-aguascalientes","category-pabellon-de-arteaga","tag-aguascalientes","tag-jesus-maria-aguascalientes"],"jetpack_publicize_connections":[],"jetpack_featured_media_url":"https:\/\/i0.wp.com\/informativoelvalledeaguascalientes.online\/wp-content\/uploads\/2025\/01\/WhatsApp-Image-2025-01-22-at-3.31.14-PM.jpeg?fit=1280%2C960&ssl=1","jetpack-related-posts":[],"jetpack_sharing_enabled":true,"jetpack_likes_enabled":true,"_links":{"self":[{"href":"https:\/\/informativoelvalledeaguascalientes.online\/index.php?rest_route=\/wp\/v2\/posts\/64803","targetHints":{"allow":["GET"]}}],"collection":[{"href":"https:\/\/informativoelvalledeaguascalientes.online\/index.php?rest_route=\/wp\/v2\/posts"}],"about":[{"href":"https:\/\/informativoelvalledeaguascalientes.online\/index.php?rest_route=\/wp\/v2\/types\/post"}],"author":[{"embeddable":true,"href":"https:\/\/informativoelvalledeaguascalientes.online\/index.php?rest_route=\/wp\/v2\/users\/1"}],"replies":[{"embeddable":true,"href":"https:\/\/informativoelvalledeaguascalientes.online\/index.php?rest_route=%2Fwp%2Fv2%2Fcomments&post=64803"}],"version-history":[{"count":1,"href":"https:\/\/informativoelvalledeaguascalientes.online\/index.php?rest_route=\/wp\/v2\/posts\/64803\/revisions"}],"predecessor-version":[{"id":64805,"href":"https:\/\/informativoelvalledeaguascalientes.online\/index.php?rest_route=\/wp\/v2\/posts\/64803\/revisions\/64805"}],"wp:featuredmedia":[{"embeddable":true,"href":"https:\/\/informativoelvalledeaguascalientes.online\/index.php?rest_route=\/wp\/v2\/media\/64804"}],"wp:attachment":[{"href":"https:\/\/informativoelvalledeaguascalientes.online\/index.php?rest_route=%2Fwp%2Fv2%2Fmedia&parent=64803"}],"wp:term":[{"taxonomy":"category","embeddable":true,"href":"https:\/\/informativoelvalledeaguascalientes.online\/index.php?rest_route=%2Fwp%2Fv2%2Fcategories&post=64803"},{"taxonomy":"post_tag","embeddable":true,"href":"https:\/\/informativoelvalledeaguascalientes.online\/index.php?rest_route=%2Fwp%2Fv2%2Ftags&post=64803"}],"curies":[{"name":"wp","href":"https:\/\/api.w.org\/{rel}","templated":true}]}}