{"id":64596,"date":"2025-01-16T21:26:07","date_gmt":"2025-01-17T03:26:07","guid":{"rendered":"https:\/\/informativoelvalledeaguascalientes.online\/?p=64596"},"modified":"2025-01-16T21:26:07","modified_gmt":"2025-01-17T03:26:07","slug":"abierta-la-convocatoria-para-operar-estancias-infantiles-en-aguascalientes","status":"publish","type":"post","link":"https:\/\/informativoelvalledeaguascalientes.online\/?p=64596","title":{"rendered":"ABIERTA LA CONVOCATORIA PARA OPERAR ESTANCIAS INFANTILES EN AGUASCALIENTES"},"content":{"rendered":"<p>#informativoelvalledeaguascalientes #novaradioaguascalientes #informativoelvalledeaguascalientesll #Aguascalientes<\/p>\n<div class=\"\" data-mesh-id=\"comp-l7sh9ubr2inlineContent\" data-testid=\"inline-content\">\n<div data-mesh-id=\"comp-l7sh9ubr2inlineContent-gridContainer\" data-testid=\"mesh-container-content\">\n<div class=\"j7pOnl\" data-testid=\"linkElement\"><\/div>\n<div id=\"comp-l7sh9ubx\" class=\"TWFxr5 \">\n<div class=\"comp-l7sh9ubx\">\n<div class=\"sGWYken comp-l7sh9ubx\" data-hook=\"ricosviewer-wrapper\">\n<div class=\"nIlW2\" dir=\"ltr\" data-id=\"content-viewer\">\n<div class=\"C0hbR\">\n<div class=\"av0i6\">\n<p id=\"viewer-foo\" class=\"o0STb GF80u joYDm HjRUP\" dir=\"auto\"><span class=\"B-fpk\">\u00bfEres propietario de una estancia infantil y buscas brindar el servicio de guarder\u00eda para apoyar a madres, padres y tutores que trabajan o estudian? La Secretar\u00eda de Desarrollo Social (Sedeso) informa que ya se encuentra abierta la convocatoria del programa de Estancias Infantiles, en su modalidad de Responsables, misma que estar\u00e1 vigente todo el a\u00f1o.\u00a0<\/span><\/p>\n<div id=\"viewer-owxe7203\" class=\"o0STb GF80u joYDm HjRUP\" dir=\"auto\"><span class=\"B-fpk\">\u00a0<\/span><\/div>\n<p id=\"viewer-3thaf204\" class=\"o0STb GF80u _6Vwzd HjRUP\" dir=\"auto\"><span class=\"B-fpk _6Vwzd\">Las y los interesados pueden consultar los detalles de la convocatoria en la p\u00e1gina <a class=\"_5VzWt lfO3I\" href=\"https:\/\/www.aguascalientes.gob.mx\/sedeso\/\" target=\"_self\" rel=\"noopener\" data-hook=\"WebLink\"><u>https:\/\/www.aguascalientes.gob.mx\/sedeso\/<\/u><\/a>, donde se encuentran los requisitos necesarios para poder obtener el subsidio de la Sedeso.<\/span><\/p>\n<div id=\"viewer-j8pl4208\" class=\"o0STb GF80u joYDm HjRUP\" dir=\"auto\"><span class=\"B-fpk\">\u00a0<\/span><\/div>\n<p id=\"viewer-3h06u209\" class=\"o0STb GF80u _6Vwzd HjRUP\" dir=\"auto\"><span class=\"B-fpk _6Vwzd\">Cabe mencionar que para incorporarse a la Sedeso, las Estancias Infantiles deber\u00e1n contar con el espacio f\u00edsico suficiente para brindar servicios de cuidado, atenci\u00f3n y desarrollo integral a por lo menos 15 ni\u00f1as o ni\u00f1os y m\u00e1ximo 60, as\u00ed como tener la capacidad t\u00e9cnica y operativa que garantice la atenci\u00f3n de los menores.<\/span><\/p>\n<div id=\"viewer-92sns211\" class=\"o0STb GF80u joYDm HjRUP\" dir=\"auto\"><span class=\"B-fpk\">\u00a0<\/span><\/div>\n<p id=\"viewer-jkyl2212\" class=\"o0STb GF80u _6Vwzd HjRUP\" dir=\"auto\"><span class=\"B-fpk _6Vwzd\">Las y los responsables de Estancias Infantiles interesados en participar en este programa, deber\u00e1n realizar el tr\u00e1mite en las oficinas de la Secretar\u00eda de Desarrollo Social, ubicada en Blvd. Jos\u00e9 Mar\u00eda Ch\u00e1vez No. 3202, en Ciudad Industrial. Para mayores informes comunicarse al tel\u00e9fono 449 910 21 21, extensi\u00f3n 4285.<\/span><\/p>\n<\/div>\n<\/div>\n<\/div>\n<\/div>\n<\/div>\n<\/div>\n<\/div>\n<\/div>\n","protected":false},"excerpt":{"rendered":"<p>#informativoelvalledeaguascalientes #novaradioaguascalientes #informativoelvalledeaguascalientesll #Aguascalientes \u00bfEres propietario de una estancia infantil y buscas brindar el servicio de guarder\u00eda para apoyar a madres, padres y tutores que trabajan o estudian? La Secretar\u00eda de Desarrollo Social (Sedeso) informa que ya se encuentra abierta la convocatoria del programa de Estancias Infantiles, en su modalidad de Responsables, misma que estar\u00e1 [&hellip;]<\/p>\n","protected":false},"author":1,"featured_media":64597,"comment_status":"closed","ping_status":"open","sticky":false,"template":"","format":"standard","meta":{"advanced_seo_description":"","jetpack_seo_html_title":"","jetpack_seo_noindex":false,"_jetpack_memberships_contains_paid_content":false,"footnotes":"","jetpack_publicize_message":"","jetpack_publicize_feature_enabled":true,"jetpack_social_post_already_shared":true,"jetpack_social_options":{"image_generator_settings":{"template":"highway","default_image_id":0,"font":"","enabled":false},"version":2}},"categories":[21,4],"tags":[22,615,24],"class_list":["post-64596","post","type-post","status-publish","format-standard","has-post-thumbnail","hentry","category-aguascalientes","category-gobierno-del-estado-aguascalientes","tag-aguascalientes","tag-gobierno-del-estado-de-aguascalientes","tag-sedeso"],"jetpack_publicize_connections":[],"jetpack_featured_media_url":"https:\/\/i0.wp.com\/informativoelvalledeaguascalientes.online\/wp-content\/uploads\/2025\/01\/26.jpeg?fit=1600%2C1200&ssl=1","jetpack-related-posts":[],"jetpack_sharing_enabled":true,"jetpack_likes_enabled":true,"_links":{"self":[{"href":"https:\/\/informativoelvalledeaguascalientes.online\/index.php?rest_route=\/wp\/v2\/posts\/64596","targetHints":{"allow":["GET"]}}],"collection":[{"href":"https:\/\/informativoelvalledeaguascalientes.online\/index.php?rest_route=\/wp\/v2\/posts"}],"about":[{"href":"https:\/\/informativoelvalledeaguascalientes.online\/index.php?rest_route=\/wp\/v2\/types\/post"}],"author":[{"embeddable":true,"href":"https:\/\/informativoelvalledeaguascalientes.online\/index.php?rest_route=\/wp\/v2\/users\/1"}],"replies":[{"embeddable":true,"href":"https:\/\/informativoelvalledeaguascalientes.online\/index.php?rest_route=%2Fwp%2Fv2%2Fcomments&post=64596"}],"version-history":[{"count":1,"href":"https:\/\/informativoelvalledeaguascalientes.online\/index.php?rest_route=\/wp\/v2\/posts\/64596\/revisions"}],"predecessor-version":[{"id":64598,"href":"https:\/\/informativoelvalledeaguascalientes.online\/index.php?rest_route=\/wp\/v2\/posts\/64596\/revisions\/64598"}],"wp:featuredmedia":[{"embeddable":true,"href":"https:\/\/informativoelvalledeaguascalientes.online\/index.php?rest_route=\/wp\/v2\/media\/64597"}],"wp:attachment":[{"href":"https:\/\/informativoelvalledeaguascalientes.online\/index.php?rest_route=%2Fwp%2Fv2%2Fmedia&parent=64596"}],"wp:term":[{"taxonomy":"category","embeddable":true,"href":"https:\/\/informativoelvalledeaguascalientes.online\/index.php?rest_route=%2Fwp%2Fv2%2Fcategories&post=64596"},{"taxonomy":"post_tag","embeddable":true,"href":"https:\/\/informativoelvalledeaguascalientes.online\/index.php?rest_route=%2Fwp%2Fv2%2Ftags&post=64596"}],"curies":[{"name":"wp","href":"https:\/\/api.w.org\/{rel}","templated":true}]}}