{"id":64465,"date":"2025-01-13T22:35:33","date_gmt":"2025-01-14T04:35:33","guid":{"rendered":"https:\/\/informativoelvalledeaguascalientes.online\/?p=64465"},"modified":"2025-01-13T22:35:33","modified_gmt":"2025-01-14T04:35:33","slug":"jesus-maria-intensifica-labores-de-desmalezado-y-embellecimiento-urbano","status":"publish","type":"post","link":"https:\/\/informativoelvalledeaguascalientes.online\/?p=64465","title":{"rendered":"JES\u00daS MAR\u00cdA INTENSIFICA LABORES DE DESMALEZADO Y EMBELLECIMIENTO URBANO"},"content":{"rendered":"<p>#informativoelvalledeaguascalientes #novaradioaguascalientes #informativoelvalledeaguascalientesll<\/p>\n<p>Con el objetivo de garantizar espacios m\u00e1s seguros y mejorar la imagen del entorno en beneficio de la ciudadan\u00eda, el Gobierno Municipal de Jes\u00fas Mar\u00eda ha intensificado las labores de desmalezado y embellecimiento urbano.<\/p>\n<p>El presidente municipal de Jes\u00fas Mar\u00eda, C\u00e9sar Medina, destac\u00f3 que, en las zonas lim\u00edtrofes, estas acciones se realizan en estrecha colaboraci\u00f3n con el municipio de Aguascalientes, lo que permite extender los beneficios a los habitantes de ambas demarcaciones.<\/p>\n<p>Agreg\u00f3 que, con el tractor especializado adquirido recientemente, las actividades de desmalezado en Jes\u00fas Mar\u00eda, se efect\u00faan con mayor rapidez y eficacia \u201cEstamos trabajando de manera intensa para embellecer muestro municipio, estas acciones de desmalezado tambi\u00e9n contribuyen a la seguridad de quienes transitan por estas \u00e1reas\u201d dijo.<\/p>\n<p>Asimismo, indic\u00f3 que con el programa \u201cEnch\u00falame la cuadra\u201d es permanente y se lleva a cabo en las distintas colonias, comunidades y delegaciones con la finalidad de embellecer a todo Jes\u00fas Mar\u00eda.<\/p>\n<p>Con esta y otras acciones, el Gobierno Municipal de Jes\u00fas Mar\u00eda reafirma su compromiso con mejorar la calidad de vida de los ciudadanos, priorizando el cuidado del entorno y el bienestar comunitario.<\/p>\n","protected":false},"excerpt":{"rendered":"<p>#informativoelvalledeaguascalientes #novaradioaguascalientes #informativoelvalledeaguascalientesll Con el objetivo de garantizar espacios m\u00e1s seguros y mejorar la imagen del entorno en beneficio de la ciudadan\u00eda, el Gobierno Municipal de Jes\u00fas Mar\u00eda ha intensificado las labores de desmalezado y embellecimiento urbano. El presidente municipal de Jes\u00fas Mar\u00eda, C\u00e9sar Medina, destac\u00f3 que, en las zonas lim\u00edtrofes, estas acciones se realizan [&hellip;]<\/p>\n","protected":false},"author":1,"featured_media":64466,"comment_status":"closed","ping_status":"open","sticky":false,"template":"","format":"standard","meta":{"advanced_seo_description":"","jetpack_seo_html_title":"","jetpack_seo_noindex":false,"_jetpack_memberships_contains_paid_content":false,"footnotes":"","jetpack_publicize_message":"","jetpack_publicize_feature_enabled":true,"jetpack_social_post_already_shared":true,"jetpack_social_options":{"image_generator_settings":{"template":"highway","default_image_id":0,"font":"","enabled":false},"version":2}},"categories":[21,14],"tags":[22,45],"class_list":["post-64465","post","type-post","status-publish","format-standard","has-post-thumbnail","hentry","category-aguascalientes","category-jesus-maria-aguascalientes","tag-aguascalientes","tag-jesus-maria-aguascalientes"],"jetpack_publicize_connections":[],"jetpack_featured_media_url":"https:\/\/i0.wp.com\/informativoelvalledeaguascalientes.online\/wp-content\/uploads\/2025\/01\/6c1a5256-3d6c-4c21-b8ea-4cd1b4e8a564-scaled.jpeg?fit=2560%2C1706&ssl=1","jetpack-related-posts":[],"jetpack_sharing_enabled":true,"jetpack_likes_enabled":true,"_links":{"self":[{"href":"https:\/\/informativoelvalledeaguascalientes.online\/index.php?rest_route=\/wp\/v2\/posts\/64465","targetHints":{"allow":["GET"]}}],"collection":[{"href":"https:\/\/informativoelvalledeaguascalientes.online\/index.php?rest_route=\/wp\/v2\/posts"}],"about":[{"href":"https:\/\/informativoelvalledeaguascalientes.online\/index.php?rest_route=\/wp\/v2\/types\/post"}],"author":[{"embeddable":true,"href":"https:\/\/informativoelvalledeaguascalientes.online\/index.php?rest_route=\/wp\/v2\/users\/1"}],"replies":[{"embeddable":true,"href":"https:\/\/informativoelvalledeaguascalientes.online\/index.php?rest_route=%2Fwp%2Fv2%2Fcomments&post=64465"}],"version-history":[{"count":1,"href":"https:\/\/informativoelvalledeaguascalientes.online\/index.php?rest_route=\/wp\/v2\/posts\/64465\/revisions"}],"predecessor-version":[{"id":64467,"href":"https:\/\/informativoelvalledeaguascalientes.online\/index.php?rest_route=\/wp\/v2\/posts\/64465\/revisions\/64467"}],"wp:featuredmedia":[{"embeddable":true,"href":"https:\/\/informativoelvalledeaguascalientes.online\/index.php?rest_route=\/wp\/v2\/media\/64466"}],"wp:attachment":[{"href":"https:\/\/informativoelvalledeaguascalientes.online\/index.php?rest_route=%2Fwp%2Fv2%2Fmedia&parent=64465"}],"wp:term":[{"taxonomy":"category","embeddable":true,"href":"https:\/\/informativoelvalledeaguascalientes.online\/index.php?rest_route=%2Fwp%2Fv2%2Fcategories&post=64465"},{"taxonomy":"post_tag","embeddable":true,"href":"https:\/\/informativoelvalledeaguascalientes.online\/index.php?rest_route=%2Fwp%2Fv2%2Ftags&post=64465"}],"curies":[{"name":"wp","href":"https:\/\/api.w.org\/{rel}","templated":true}]}}