{"id":64459,"date":"2025-01-12T21:40:13","date_gmt":"2025-01-13T03:40:13","guid":{"rendered":"https:\/\/informativoelvalledeaguascalientes.online\/?p=64459"},"modified":"2025-01-12T21:40:13","modified_gmt":"2025-01-13T03:40:13","slug":"bomberos-municipales-atendieron-mas-de-2-mil-incendios-de-pastizales","status":"publish","type":"post","link":"https:\/\/informativoelvalledeaguascalientes.online\/?p=64459","title":{"rendered":"BOMBEROS MUNICIPALES ATENDIERON M\u00c1S DE 2 MIL INCENDIOS DE PASTIZALES"},"content":{"rendered":"<ul>\n<li><strong><em>Abril y mayo fueron los meses que registraron m\u00e1s incidentes de este tipo<\/em><\/strong><\/li>\n<\/ul>\n<p>El Municipio de Aguascalientes, a trav\u00e9s del departamento de Bomberos en el Operativo de Temporada de Incendios de Pasto Seco y Forestales, contabiliz\u00f3 durante el 2024 2 mil 143 servicios atendidos en la mancha urbana y zona rural. Sofocando incendios en 153 hect\u00e1reas de la ciudad capital.<\/p>\n<p><strong>Jos\u00e9 Gabino V\u00e1zquez Vega<\/strong>, titular de la Coordinaci\u00f3n Municipal de Protecci\u00f3n Civil\u00a0 dio a conocer que estos incendios de pasto seco fueron provocados por diferentes factores como el crecimiento de pasto y hierba seca en lotes, cerros, llanuras y zonas aleda\u00f1as, donde ha jugado un papel importante las variantes del clima registrados durante el a\u00f1o, recalcando que los pasados meses de abril y mayo han sido los m\u00e1s relevantes, contabilizando la extinci\u00f3n de 689 incendios de pasto seco.<\/p>\n<p><strong>V\u00e1zquez Vega<\/strong>\u00a0invita a la poblaci\u00f3n a llevar medidas preventivas que contribuyan a la disminuci\u00f3n de estos incidentes para evitar un siniestro que pueda poner en riesgo a la persona como a sus bienes materiales, \u00abya que acabamos de pasar una temporada de lluvias fuertes en Aguascalientes las cuales provocaron que en la mayor parte del municipio capital se encuentren la hierba y pastos crecidos siendo un factor importante para iniciarse incendios de consideraci\u00f3n\u00bb, se\u00f1al\u00f3.<\/p>\n<p>Asimismo, puso a disposici\u00f3n de la poblaci\u00f3n los tel\u00e9fonos\u00a0 449\u00a0 970 40 53, as\u00ed como las l\u00edneas de atenci\u00f3n ciudadana 072 y 911 de emergencias.<\/p>\n","protected":false},"excerpt":{"rendered":"<p>Abril y mayo fueron los meses que registraron m\u00e1s incidentes de este tipo El Municipio de Aguascalientes, a trav\u00e9s del departamento de Bomberos en el Operativo de Temporada de Incendios de Pasto Seco y Forestales, contabiliz\u00f3 durante el 2024 2 mil 143 servicios atendidos en la mancha urbana y zona rural. Sofocando incendios en 153 [&hellip;]<\/p>\n","protected":false},"author":1,"featured_media":64460,"comment_status":"closed","ping_status":"open","sticky":false,"template":"","format":"standard","meta":{"advanced_seo_description":"","jetpack_seo_html_title":"","jetpack_seo_noindex":false,"_jetpack_memberships_contains_paid_content":false,"footnotes":"","jetpack_publicize_message":"","jetpack_publicize_feature_enabled":true,"jetpack_social_post_already_shared":true,"jetpack_social_options":{"image_generator_settings":{"template":"highway","default_image_id":0,"font":"","enabled":false},"version":2}},"categories":[21,3],"tags":[22,25,336],"class_list":["post-64459","post","type-post","status-publish","format-standard","has-post-thumbnail","hentry","category-aguascalientes","category-municipio-aguascalientes","tag-aguascalientes","tag-mpio-aguascalientes","tag-mpio-aguascalientes-coordinacion-municipal-de-proteccion-civil"],"jetpack_publicize_connections":[],"jetpack_featured_media_url":"https:\/\/i0.wp.com\/informativoelvalledeaguascalientes.online\/wp-content\/uploads\/2025\/01\/WhatsApp-Image-2025-01-10-at-3.44.30-PM-1.jpeg?fit=1600%2C1200&ssl=1","jetpack-related-posts":[],"jetpack_sharing_enabled":true,"jetpack_likes_enabled":true,"_links":{"self":[{"href":"https:\/\/informativoelvalledeaguascalientes.online\/index.php?rest_route=\/wp\/v2\/posts\/64459","targetHints":{"allow":["GET"]}}],"collection":[{"href":"https:\/\/informativoelvalledeaguascalientes.online\/index.php?rest_route=\/wp\/v2\/posts"}],"about":[{"href":"https:\/\/informativoelvalledeaguascalientes.online\/index.php?rest_route=\/wp\/v2\/types\/post"}],"author":[{"embeddable":true,"href":"https:\/\/informativoelvalledeaguascalientes.online\/index.php?rest_route=\/wp\/v2\/users\/1"}],"replies":[{"embeddable":true,"href":"https:\/\/informativoelvalledeaguascalientes.online\/index.php?rest_route=%2Fwp%2Fv2%2Fcomments&post=64459"}],"version-history":[{"count":1,"href":"https:\/\/informativoelvalledeaguascalientes.online\/index.php?rest_route=\/wp\/v2\/posts\/64459\/revisions"}],"predecessor-version":[{"id":64461,"href":"https:\/\/informativoelvalledeaguascalientes.online\/index.php?rest_route=\/wp\/v2\/posts\/64459\/revisions\/64461"}],"wp:featuredmedia":[{"embeddable":true,"href":"https:\/\/informativoelvalledeaguascalientes.online\/index.php?rest_route=\/wp\/v2\/media\/64460"}],"wp:attachment":[{"href":"https:\/\/informativoelvalledeaguascalientes.online\/index.php?rest_route=%2Fwp%2Fv2%2Fmedia&parent=64459"}],"wp:term":[{"taxonomy":"category","embeddable":true,"href":"https:\/\/informativoelvalledeaguascalientes.online\/index.php?rest_route=%2Fwp%2Fv2%2Fcategories&post=64459"},{"taxonomy":"post_tag","embeddable":true,"href":"https:\/\/informativoelvalledeaguascalientes.online\/index.php?rest_route=%2Fwp%2Fv2%2Ftags&post=64459"}],"curies":[{"name":"wp","href":"https:\/\/api.w.org\/{rel}","templated":true}]}}