{"id":64363,"date":"2025-01-09T21:25:54","date_gmt":"2025-01-10T03:25:54","guid":{"rendered":"https:\/\/informativoelvalledeaguascalientes.online\/?p=64363"},"modified":"2025-01-09T21:25:54","modified_gmt":"2025-01-10T03:25:54","slug":"escuelas-implementan-medidas-para-optimizar-el-uso-de-agua","status":"publish","type":"post","link":"https:\/\/informativoelvalledeaguascalientes.online\/?p=64363","title":{"rendered":"ESCUELAS IMPLEMENTAN MEDIDAS PARA OPTIMIZAR EL USO DE AGUA"},"content":{"rendered":"<div id=\"bgLayers_comp-l7sh9ubr2\" class=\"MW5IWV\" data-hook=\"bgLayers\" data-motion-part=\"BG_LAYER comp-l7sh9ubr2\">\n<div id=\"bgMedia_comp-l7sh9ubr2\" class=\"VgO9Yg\" data-motion-part=\"BG_MEDIA comp-l7sh9ubr2\">#informativoelvalledeaguascalientes #novaradioaguascalientes #informativoelvalledeaguascalientesll<\/div>\n<\/div>\n<div class=\"\" data-mesh-id=\"comp-l7sh9ubr2inlineContent\" data-testid=\"inline-content\">\n<div data-mesh-id=\"comp-l7sh9ubr2inlineContent-gridContainer\" data-testid=\"mesh-container-content\">\n<div id=\"comp-l7sh9ubx\" class=\"TWFxr5 \">\n<div class=\"comp-l7sh9ubx\">\n<div class=\"sGWYken comp-l7sh9ubx\" data-hook=\"ricosviewer-wrapper\">\n<div class=\"nIlW2\" dir=\"ltr\" data-id=\"content-viewer\">\n<div class=\"C0hbR\">\n<div class=\"av0i6\">\n<div id=\"viewer-wybdu149\" class=\"o0STb GF80u joYDm HjRUP\" dir=\"auto\"><span class=\"B-fpk\">\u00a0<\/span><\/div>\n<ul class=\"_9iRlZ joYDm\">\n<li class=\"AY0Vp\" dir=\"auto\" aria-level=\"1\">\n<p id=\"viewer-0hsln152\" class=\"o0STb GF80u _6Vwzd HjRUP\" dir=\"\"><span class=\"B-fpk _6Vwzd\"><strong><em>Se instalar\u00e1n, en una primera etapa, 600 medidores inteligentes de agua en 470 planteles de educaci\u00f3n b\u00e1sica<\/em><\/strong><\/span><\/p>\n<\/li>\n<li class=\"AY0Vp\" dir=\"auto\" aria-level=\"1\">\n<p id=\"viewer-mbw2t155\" class=\"o0STb GF80u _6Vwzd HjRUP\" dir=\"\"><span class=\"B-fpk _6Vwzd\"><strong><em>Es un esfuerzo conjunto entre el Instituto de Educaci\u00f3n de Aguascalientes y el Modelo Integral de Aguas de Aguascalientes (MIAA)<\/em><\/strong><\/span><\/p>\n<\/li>\n<li class=\"AY0Vp\" dir=\"auto\" aria-level=\"1\">\n<p id=\"viewer-2tt68158\" class=\"o0STb GF80u _6Vwzd HjRUP\" dir=\"\"><span class=\"B-fpk _6Vwzd\"><strong><em>El objetivo es ahorrar el vital l\u00edquido y fortalecer la cultura del agua entre las y los alumnos\u00a0<\/em><\/strong><\/span><\/p>\n<\/li>\n<\/ul>\n<div id=\"viewer-ouz4t160\" class=\"o0STb GF80u joYDm HjRUP\" dir=\"auto\"><span class=\"B-fpk\">\u00a0<\/span><\/div>\n<p id=\"viewer-gloji161\" class=\"o0STb GF80u _6Vwzd HjRUP\" dir=\"auto\"><span class=\"B-fpk _6Vwzd\">Con el objetivo de cuidar y eficientar el uso del agua en los planteles escolares, se instalar\u00e1n, en una primera etapa, 600 medidores inteligentes de agua en 470 escuelas, en una acci\u00f3n conjunta entre el Instituto de Educaci\u00f3n de Aguascalientes (IEA) y el Modelo Integral de Aguas de Aguascalientes (MIAA).<\/span><\/p>\n<div id=\"viewer-6m01e163\" class=\"o0STb GF80u joYDm HjRUP\" dir=\"auto\"><span class=\"B-fpk\">\u00a0<\/span><\/div>\n<p id=\"viewer-b5crq164\" class=\"o0STb GF80u _6Vwzd HjRUP\" dir=\"auto\"><span class=\"B-fpk _6Vwzd\">Luis Enrique Guti\u00e9rrez Reynoso, director general del IEA, subray\u00f3 que esta iniciativa responde a la instrucci\u00f3n de la gobernadora Tere Jim\u00e9nez de priorizar el suministro y el manejo responsable del agua en las instituciones educativas de la entidad.<\/span><\/p>\n<div id=\"viewer-xkuh2166\" class=\"o0STb GF80u joYDm HjRUP\" dir=\"auto\"><span class=\"B-fpk\">\u00a0<\/span><\/div>\n<p id=\"viewer-eh1w4167\" class=\"o0STb GF80u _6Vwzd HjRUP\" dir=\"auto\"><span class=\"B-fpk _6Vwzd\">A\u00f1adi\u00f3 que en este esfuerzo se involucrar\u00e1 activamente a alumnos y alumnas de educaci\u00f3n b\u00e1sica, con el fin de fortalecer la cultura del cuidado y uso adecuado del agua.<\/span><\/p>\n<div id=\"viewer-6tofx169\" class=\"o0STb GF80u joYDm HjRUP\" dir=\"auto\"><span class=\"B-fpk\">\u00a0<\/span><\/div>\n<p id=\"viewer-th8qd170\" class=\"o0STb GF80u _6Vwzd HjRUP\" dir=\"auto\"><span class=\"B-fpk _6Vwzd\">Jes\u00fas Vall\u00edn Contreras, director general de MIAA, inform\u00f3 que estos medidores permitir\u00e1n monitorear en tiempo real el consumo de agua, as\u00ed como detectar y atender fugas de manera oportuna, optimizando el uso de este recurso tan valioso en las escuelas.<\/span><\/p>\n<div id=\"viewer-1x3yp172\" class=\"o0STb GF80u joYDm HjRUP\" dir=\"auto\"><span class=\"B-fpk\">\u00a0<\/span><\/div>\n<p id=\"viewer-cfldn173\" class=\"o0STb GF80u _6Vwzd HjRUP\" dir=\"auto\"><span class=\"B-fpk _6Vwzd\">Cabe destacar que las escuelas incluidas en esta primera etapa fueron seleccionadas por su alto nivel de consumo, asegurando que los esfuerzos iniciales se enfoquen donde m\u00e1s se requiere.\u00a0<\/span><\/p>\n<div id=\"viewer-adl0l175\" class=\"o0STb GF80u joYDm HjRUP\" dir=\"auto\"><\/div>\n<\/div>\n<\/div>\n<\/div>\n<\/div>\n<\/div>\n<\/div>\n<\/div>\n<\/div>\n","protected":false},"excerpt":{"rendered":"<p>#informativoelvalledeaguascalientes #novaradioaguascalientes #informativoelvalledeaguascalientesll \u00a0 Se instalar\u00e1n, en una primera etapa, 600 medidores inteligentes de agua en 470 planteles de educaci\u00f3n b\u00e1sica Es un esfuerzo conjunto entre el Instituto de Educaci\u00f3n de Aguascalientes y el Modelo Integral de Aguas de Aguascalientes (MIAA) El objetivo es ahorrar el vital l\u00edquido y fortalecer la cultura del agua entre [&hellip;]<\/p>\n","protected":false},"author":1,"featured_media":64364,"comment_status":"closed","ping_status":"open","sticky":false,"template":"","format":"standard","meta":{"advanced_seo_description":"","jetpack_seo_html_title":"","jetpack_seo_noindex":false,"_jetpack_memberships_contains_paid_content":false,"footnotes":"","jetpack_publicize_message":"","jetpack_publicize_feature_enabled":true,"jetpack_social_post_already_shared":true,"jetpack_social_options":{"image_generator_settings":{"template":"highway","default_image_id":0,"font":"","enabled":false},"version":2}},"categories":[21,4],"tags":[22,29,615,39,686],"class_list":["post-64363","post","type-post","status-publish","format-standard","has-post-thumbnail","hentry","category-aguascalientes","category-gobierno-del-estado-aguascalientes","tag-aguascalientes","tag-calvillo-aguascalientes","tag-gobierno-del-estado-de-aguascalientes","tag-iea","tag-miia"],"jetpack_publicize_connections":[],"jetpack_featured_media_url":"https:\/\/i0.wp.com\/informativoelvalledeaguascalientes.online\/wp-content\/uploads\/2025\/01\/15.jpeg?fit=1280%2C960&ssl=1","jetpack-related-posts":[],"jetpack_sharing_enabled":true,"jetpack_likes_enabled":true,"_links":{"self":[{"href":"https:\/\/informativoelvalledeaguascalientes.online\/index.php?rest_route=\/wp\/v2\/posts\/64363","targetHints":{"allow":["GET"]}}],"collection":[{"href":"https:\/\/informativoelvalledeaguascalientes.online\/index.php?rest_route=\/wp\/v2\/posts"}],"about":[{"href":"https:\/\/informativoelvalledeaguascalientes.online\/index.php?rest_route=\/wp\/v2\/types\/post"}],"author":[{"embeddable":true,"href":"https:\/\/informativoelvalledeaguascalientes.online\/index.php?rest_route=\/wp\/v2\/users\/1"}],"replies":[{"embeddable":true,"href":"https:\/\/informativoelvalledeaguascalientes.online\/index.php?rest_route=%2Fwp%2Fv2%2Fcomments&post=64363"}],"version-history":[{"count":1,"href":"https:\/\/informativoelvalledeaguascalientes.online\/index.php?rest_route=\/wp\/v2\/posts\/64363\/revisions"}],"predecessor-version":[{"id":64365,"href":"https:\/\/informativoelvalledeaguascalientes.online\/index.php?rest_route=\/wp\/v2\/posts\/64363\/revisions\/64365"}],"wp:featuredmedia":[{"embeddable":true,"href":"https:\/\/informativoelvalledeaguascalientes.online\/index.php?rest_route=\/wp\/v2\/media\/64364"}],"wp:attachment":[{"href":"https:\/\/informativoelvalledeaguascalientes.online\/index.php?rest_route=%2Fwp%2Fv2%2Fmedia&parent=64363"}],"wp:term":[{"taxonomy":"category","embeddable":true,"href":"https:\/\/informativoelvalledeaguascalientes.online\/index.php?rest_route=%2Fwp%2Fv2%2Fcategories&post=64363"},{"taxonomy":"post_tag","embeddable":true,"href":"https:\/\/informativoelvalledeaguascalientes.online\/index.php?rest_route=%2Fwp%2Fv2%2Ftags&post=64363"}],"curies":[{"name":"wp","href":"https:\/\/api.w.org\/{rel}","templated":true}]}}