{"id":64359,"date":"2025-01-09T21:20:36","date_gmt":"2025-01-10T03:20:36","guid":{"rendered":"https:\/\/informativoelvalledeaguascalientes.online\/?p=64359"},"modified":"2025-01-09T21:20:36","modified_gmt":"2025-01-10T03:20:36","slug":"alegria-y-tradicion-en-el-desfile-de-reyes-magos-en-el-municipio-de-jesus-maria","status":"publish","type":"post","link":"https:\/\/informativoelvalledeaguascalientes.online\/?p=64359","title":{"rendered":"ALEGR\u00cdA Y TRADICI\u00d3N EN EL DESFILE DE REYES MAGOS EN EL MUNICIPIO DE JES\u00daS MAR\u00cdA"},"content":{"rendered":"<p>#informativoelvalledeaguascalientes #novaradioaguascalientes #informativoelvalledeaguascalientesll<\/p>\n<p>Las calles del municipio de Jes\u00fas Mar\u00eda se llenaron de magia, risas y asombro con la celebraci\u00f3n del tradicional Desfile de Reyes Magos, un evento organizado por el Gobierno Municipal de Jes\u00fas Mar\u00eda, a trav\u00e9s del Sistema DIF Municipal y en el que participaron m\u00e1s de 250 personas entre servidores p\u00fablicos, actores, acr\u00f3batas e integrantes de diversas compa\u00f1\u00edas art\u00edsticas.<\/p>\n<p>El desfile dio inicio en la avenida Paseo de los Chicahuales, donde los participantes, dieron vida a un espect\u00e1culo \u00fanico encabezado por los Tres Reyes Magos montados a caballo; la comitiva incluy\u00f3 la destacada participaci\u00f3n de la Compa\u00f1\u00eda Folcl\u00f3rica de Aguascalientes, la Compa\u00f1\u00eda Sue\u00f1os de Teatro, la escuela Luna de danza \u00e1rabe, la tuna de la Universidad Aut\u00f3noma de Aguascalientes y la Compa\u00f1\u00eda Circo Luz y Fuego, quienes ofrecieron un despliegue de talento, color y creatividad.<\/p>\n<p>Durante su recorrido por las principales calles de Jes\u00fas Mar\u00eda, los tres Reyes Magos: Melchor, Gaspar y Baltazar entregaron algunos regalos y llevaron alegr\u00eda a cientos de familias que se congregaron para disfrutar de este evento que dej\u00f3 huella en el coraz\u00f3n las y los ni\u00f1os.<\/p>\n<p>El evento culmin\u00f3 en la Plaza Principal, donde los jesusmarienses se reunieron para disfrutar de la tradicional rosca de Reyes, un momento que simboliz\u00f3 la uni\u00f3n y la esperanza. Estas actividades fueron encabezadas por el presidente municipal, C\u00e9sar Medina y su esposa la presidenta del Sistema DIF Municipal, Silvia de la Cruz, quienes destacaron su compromiso con la preservaci\u00f3n de las tradiciones y el fortalecimiento del tejido social.<\/p>\n","protected":false},"excerpt":{"rendered":"<p>#informativoelvalledeaguascalientes #novaradioaguascalientes #informativoelvalledeaguascalientesll Las calles del municipio de Jes\u00fas Mar\u00eda se llenaron de magia, risas y asombro con la celebraci\u00f3n del tradicional Desfile de Reyes Magos, un evento organizado por el Gobierno Municipal de Jes\u00fas Mar\u00eda, a trav\u00e9s del Sistema DIF Municipal y en el que participaron m\u00e1s de 250 personas entre servidores p\u00fablicos, actores, [&hellip;]<\/p>\n","protected":false},"author":1,"featured_media":64361,"comment_status":"closed","ping_status":"open","sticky":false,"template":"","format":"standard","meta":{"advanced_seo_description":"","jetpack_seo_html_title":"","jetpack_seo_noindex":false,"_jetpack_memberships_contains_paid_content":false,"footnotes":"","jetpack_publicize_message":"","jetpack_publicize_feature_enabled":true,"jetpack_social_post_already_shared":true,"jetpack_social_options":{"image_generator_settings":{"template":"highway","default_image_id":0,"font":"","enabled":false},"version":2}},"categories":[21,14],"tags":[22,45],"class_list":["post-64359","post","type-post","status-publish","format-standard","has-post-thumbnail","hentry","category-aguascalientes","category-jesus-maria-aguascalientes","tag-aguascalientes","tag-jesus-maria-aguascalientes"],"jetpack_publicize_connections":[],"jetpack_featured_media_url":"https:\/\/i0.wp.com\/informativoelvalledeaguascalientes.online\/wp-content\/uploads\/2025\/01\/WhatsApp-Image-2025-01-07-at-10.35.48-PM-scaled.jpeg?fit=2560%2C1703&ssl=1","jetpack-related-posts":[],"jetpack_sharing_enabled":true,"jetpack_likes_enabled":true,"_links":{"self":[{"href":"https:\/\/informativoelvalledeaguascalientes.online\/index.php?rest_route=\/wp\/v2\/posts\/64359","targetHints":{"allow":["GET"]}}],"collection":[{"href":"https:\/\/informativoelvalledeaguascalientes.online\/index.php?rest_route=\/wp\/v2\/posts"}],"about":[{"href":"https:\/\/informativoelvalledeaguascalientes.online\/index.php?rest_route=\/wp\/v2\/types\/post"}],"author":[{"embeddable":true,"href":"https:\/\/informativoelvalledeaguascalientes.online\/index.php?rest_route=\/wp\/v2\/users\/1"}],"replies":[{"embeddable":true,"href":"https:\/\/informativoelvalledeaguascalientes.online\/index.php?rest_route=%2Fwp%2Fv2%2Fcomments&post=64359"}],"version-history":[{"count":1,"href":"https:\/\/informativoelvalledeaguascalientes.online\/index.php?rest_route=\/wp\/v2\/posts\/64359\/revisions"}],"predecessor-version":[{"id":64362,"href":"https:\/\/informativoelvalledeaguascalientes.online\/index.php?rest_route=\/wp\/v2\/posts\/64359\/revisions\/64362"}],"wp:featuredmedia":[{"embeddable":true,"href":"https:\/\/informativoelvalledeaguascalientes.online\/index.php?rest_route=\/wp\/v2\/media\/64361"}],"wp:attachment":[{"href":"https:\/\/informativoelvalledeaguascalientes.online\/index.php?rest_route=%2Fwp%2Fv2%2Fmedia&parent=64359"}],"wp:term":[{"taxonomy":"category","embeddable":true,"href":"https:\/\/informativoelvalledeaguascalientes.online\/index.php?rest_route=%2Fwp%2Fv2%2Fcategories&post=64359"},{"taxonomy":"post_tag","embeddable":true,"href":"https:\/\/informativoelvalledeaguascalientes.online\/index.php?rest_route=%2Fwp%2Fv2%2Ftags&post=64359"}],"curies":[{"name":"wp","href":"https:\/\/api.w.org\/{rel}","templated":true}]}}