{"id":64341,"date":"2025-01-09T20:47:36","date_gmt":"2025-01-10T02:47:36","guid":{"rendered":"https:\/\/informativoelvalledeaguascalientes.online\/?p=64341"},"modified":"2025-01-09T20:47:36","modified_gmt":"2025-01-10T02:47:36","slug":"fortalece-gobierno-de-jesus-maria-el-programa-de-empleo-temporal-para-beneficio-de-las-delegaciones","status":"publish","type":"post","link":"https:\/\/informativoelvalledeaguascalientes.online\/?p=64341","title":{"rendered":"FORTALECE GOBIERNO DE JES\u00daS MAR\u00cdA EL PROGRAMA DE EMPLEO TEMPORAL PARA BENEFICIO DE LAS DELEGACIONES"},"content":{"rendered":"<p>#informativoelvalledeaguascalientes #novaradioaguascalientes #informativoelvalledeaguascalientesll<\/p>\n<p>\u2022 Adem\u00e1s de embellecer el entorno urbano, incluir\u00e1 la capacitaci\u00f3n y desarrollo para los habitantes del municipio<br \/>\n\u2022 Se asignar\u00e1 una cuadrilla especial para trabajar en las delegaciones<\/p>\n<p>Con el objetivo de apoyar la econom\u00eda de las familias y mejorar las condiciones urbanas, el presidente municipal de Jes\u00fas Mar\u00eda, C\u00e9sar Medina anunci\u00f3 el fortalecimiento del Programa de Empleo Temporal, el cual incluir\u00e1 la asignaci\u00f3n de una cuadrilla especial para las delegaciones, as\u00ed como la ampliaci\u00f3n de opciones al incluir a talleristas que compartir\u00e1n sus conocimientos y habilidades con la ciudadan\u00eda.<\/p>\n<p>El presidente municipal mencion\u00f3 que el Programa de Empleo Temporal se ha convertido en un pilar para el sustento de varias familias locales, permitiendo que voluntarios formen cuadrillas dedicadas al mejoramiento urbano mediante actividades como desmalezado, limpieza y pintura de guarniciones, recibiendo a cambio una remuneraci\u00f3n econ\u00f3mica.<\/p>\n<p>Agreg\u00f3, que derivado de la buena respuesta que ha tenido, este programa se va a fortalecer, de manera que ahora no solo se contratar\u00e1n a personas enfocadas al mejoramiento urbano, sino que ahora se incluir\u00e1 a hombres y mujeres con distintos oficios o profesiones que deseen impartir talleres y clases en los Centros de Desarrollo Comunitario (CEDECOS).<\/p>\n<p>\u201cCon estas acciones, a trav\u00e9s del programa de empleo temporal, no solo se embellecer\u00e1 nuestro municipio, sino que tambi\u00e9n se impulsar\u00e1 el desarrollo personal y profesional de los jesusmarienses, ello, a trav\u00e9s de clases de barber\u00eda, reposter\u00eda u otros cursos que se impartir\u00e1n en los CEDECOS que est\u00e1n por aperturarse en distintos puntos de Jes\u00fas Mar\u00eda\u201d, se\u00f1al\u00f3 Medina Cervantes.<\/p>\n<p>Agreg\u00f3, que, aunado a ello, se asignar\u00e1 una cuadrilla especial dedicada a la imagen urbana de las delegaciones, de manera que, la ciudadan\u00eda podr\u00e1 observar un embellecimiento en sus delegaciones, con lo que el Gobierno Municipal reafirma su compromiso con la mejora continua del municipio, as\u00ed como el desarrollo y bienestar de sus habitantes.<\/p>\n","protected":false},"excerpt":{"rendered":"<p>#informativoelvalledeaguascalientes #novaradioaguascalientes #informativoelvalledeaguascalientesll \u2022 Adem\u00e1s de embellecer el entorno urbano, incluir\u00e1 la capacitaci\u00f3n y desarrollo para los habitantes del municipio \u2022 Se asignar\u00e1 una cuadrilla especial para trabajar en las delegaciones Con el objetivo de apoyar la econom\u00eda de las familias y mejorar las condiciones urbanas, el presidente municipal de Jes\u00fas Mar\u00eda, C\u00e9sar Medina anunci\u00f3 [&hellip;]<\/p>\n","protected":false},"author":1,"featured_media":64342,"comment_status":"closed","ping_status":"open","sticky":false,"template":"","format":"standard","meta":{"advanced_seo_description":"","jetpack_seo_html_title":"","jetpack_seo_noindex":false,"_jetpack_memberships_contains_paid_content":false,"footnotes":"","jetpack_publicize_message":"","jetpack_publicize_feature_enabled":true,"jetpack_social_post_already_shared":true,"jetpack_social_options":{"image_generator_settings":{"template":"highway","default_image_id":0,"font":"","enabled":false},"version":2}},"categories":[21,14],"tags":[22,45],"class_list":["post-64341","post","type-post","status-publish","format-standard","has-post-thumbnail","hentry","category-aguascalientes","category-jesus-maria-aguascalientes","tag-aguascalientes","tag-jesus-maria-aguascalientes"],"jetpack_publicize_connections":[],"jetpack_featured_media_url":"https:\/\/i0.wp.com\/informativoelvalledeaguascalientes.online\/wp-content\/uploads\/2025\/01\/38d7f169-9c81-42db-b05d-05a50c05cb5d-scaled.jpeg?fit=2560%2C1920&ssl=1","jetpack-related-posts":[],"jetpack_sharing_enabled":true,"jetpack_likes_enabled":true,"_links":{"self":[{"href":"https:\/\/informativoelvalledeaguascalientes.online\/index.php?rest_route=\/wp\/v2\/posts\/64341","targetHints":{"allow":["GET"]}}],"collection":[{"href":"https:\/\/informativoelvalledeaguascalientes.online\/index.php?rest_route=\/wp\/v2\/posts"}],"about":[{"href":"https:\/\/informativoelvalledeaguascalientes.online\/index.php?rest_route=\/wp\/v2\/types\/post"}],"author":[{"embeddable":true,"href":"https:\/\/informativoelvalledeaguascalientes.online\/index.php?rest_route=\/wp\/v2\/users\/1"}],"replies":[{"embeddable":true,"href":"https:\/\/informativoelvalledeaguascalientes.online\/index.php?rest_route=%2Fwp%2Fv2%2Fcomments&post=64341"}],"version-history":[{"count":1,"href":"https:\/\/informativoelvalledeaguascalientes.online\/index.php?rest_route=\/wp\/v2\/posts\/64341\/revisions"}],"predecessor-version":[{"id":64343,"href":"https:\/\/informativoelvalledeaguascalientes.online\/index.php?rest_route=\/wp\/v2\/posts\/64341\/revisions\/64343"}],"wp:featuredmedia":[{"embeddable":true,"href":"https:\/\/informativoelvalledeaguascalientes.online\/index.php?rest_route=\/wp\/v2\/media\/64342"}],"wp:attachment":[{"href":"https:\/\/informativoelvalledeaguascalientes.online\/index.php?rest_route=%2Fwp%2Fv2%2Fmedia&parent=64341"}],"wp:term":[{"taxonomy":"category","embeddable":true,"href":"https:\/\/informativoelvalledeaguascalientes.online\/index.php?rest_route=%2Fwp%2Fv2%2Fcategories&post=64341"},{"taxonomy":"post_tag","embeddable":true,"href":"https:\/\/informativoelvalledeaguascalientes.online\/index.php?rest_route=%2Fwp%2Fv2%2Ftags&post=64341"}],"curies":[{"name":"wp","href":"https:\/\/api.w.org\/{rel}","templated":true}]}}