{"id":64185,"date":"2024-12-29T16:03:12","date_gmt":"2024-12-29T22:03:12","guid":{"rendered":"https:\/\/informativoelvalledeaguascalientes.online\/?p=64185"},"modified":"2025-01-04T16:06:44","modified_gmt":"2025-01-04T22:06:44","slug":"mas-de-16-mil-empleos-se-ofrecieron-a-traves-de-los-jueves-de-bolsa-de-trabajo-y-brigadas-de-empleo-2","status":"publish","type":"post","link":"https:\/\/informativoelvalledeaguascalientes.online\/?p=64185","title":{"rendered":"M\u00c1S DE 16 MIL EMPLEOS SE OFRECIERON A TRAV\u00c9S DE LOS \u201cJUEVES DE BOLSA DE TRABAJO\u201d Y \u201cBRIGADAS DE EMPLEO\u201d"},"content":{"rendered":"<p>#informativoelvalledeaguascalientes #novaradioaguascalientes #informativoelvalledeaguascalientesll<\/p>\n<p>&nbsp;<\/p>\n<p>&nbsp;<\/p>\n<p>&nbsp;<\/p>\n<p>Se realizaron 136 jornadas para buscadores de empleo en la capital y en los municipios del interior<\/p>\n<p>&nbsp;<\/p>\n<p>Estas estrategias hoy son la mejor alternativa para que los aguascalentenses logren colocarse en un empleo formal<\/p>\n<p>&nbsp;<\/p>\n<p>Se sumaron diversas empresas locales, principalmente del \u00e1rea automotriz, de servicios y comercio<\/p>\n<p>&nbsp;<\/p>\n<p>&nbsp;<\/p>\n<p>Durante 2024 se ofertaron m\u00e1s de 16 mil empleos a trav\u00e9s de las 136 jornadas de vinculaci\u00f3n laboral que se realizaron en todo el estado a trav\u00e9s de los \u201cJueves de Bolsa de Trabajo\u201d y \u201cBrigadas de Empleo\u201d en colonias y municipios.<\/p>\n<p>&nbsp;<\/p>\n<p>&nbsp;<\/p>\n<p>Gracias a estas acciones que surgieron a iniciativa de la gobernadora Tere Jim\u00e9nez, as\u00ed como al esfuerzo de la comunidad empresarial, Aguascalientes registr\u00f3 una generaci\u00f3n positiva de empleo durante todo el a\u00f1o, seg\u00fan lo hace constar el Instituto Mexicano del Seguro Social (IMSS).<\/p>\n<p>&nbsp;<\/p>\n<p>&nbsp;<\/p>\n<p>Cabe mencionar que, adicionalmente a las jornadas de empleo, a lo largo del a\u00f1o la Secretar\u00eda de Desarrollo Econ\u00f3mico, Ciencia y Tecnolog\u00eda (Sedecyt) mantiene en funcionamiento la ventanilla de la bolsa de trabajo en sus instalaciones, lo que permite que existan m\u00e1s oportunidades para los buscadores de empleo, sobre todo en los sectores automotriz, comercio y servicios.<\/p>\n<p>&nbsp;<\/p>\n<p>&nbsp;<\/p>\n<p>Si uno de tus prop\u00f3sitos para este 2025 es encontrar una oportunidad laboral te esperamos este jueves 16 de enero en el Palacio de Gobierno.<\/p>\n<p>&nbsp;<\/p>\n<p>&nbsp;<\/p>\n<p>Para m\u00e1s informaci\u00f3n, acudir a las oficinas del Servicio Nacional de Empleo en el Ficotrece, en avenida Manuel G\u00f3mez Mor\u00edn s\/n, Nave 55, colonia Ferronales, atr\u00e1s del Telet\u00f3n; o bien, comunicarse al tel\u00e9fono 449 971 94 01, extensi\u00f3n 5900, de lunes a viernes, de las 8:00 de la ma\u00f1ana a las 3:30 de la tarde.<\/p>\n","protected":false},"excerpt":{"rendered":"<p>#informativoelvalledeaguascalientes #novaradioaguascalientes #informativoelvalledeaguascalientesll &nbsp; &nbsp; &nbsp; Se realizaron 136 jornadas para buscadores de empleo en la capital y en los municipios del interior &nbsp; Estas estrategias hoy son la mejor alternativa para que los aguascalentenses logren colocarse en un empleo formal &nbsp; Se sumaron diversas empresas locales, principalmente del \u00e1rea automotriz, de servicios y comercio [&hellip;]<\/p>\n","protected":false},"author":13383,"featured_media":64186,"comment_status":"closed","ping_status":"open","sticky":false,"template":"","format":"standard","meta":{"advanced_seo_description":"","jetpack_seo_html_title":"","jetpack_seo_noindex":false,"_jetpack_memberships_contains_paid_content":false,"footnotes":"","jetpack_publicize_message":"","jetpack_publicize_feature_enabled":true,"jetpack_social_post_already_shared":true,"jetpack_social_options":{"image_generator_settings":{"template":"highway","default_image_id":0,"font":"","enabled":false},"version":2}},"categories":[21,4],"tags":[22,615,610],"class_list":["post-64185","post","type-post","status-publish","format-standard","has-post-thumbnail","hentry","category-aguascalientes","category-gobierno-del-estado-aguascalientes","tag-aguascalientes","tag-gobierno-del-estado-de-aguascalientes","tag-sedecyt"],"jetpack_publicize_connections":[],"jetpack_featured_media_url":"https:\/\/i0.wp.com\/informativoelvalledeaguascalientes.online\/wp-content\/uploads\/2025\/01\/3e855e_f0f32a7bff4e40af9e5427e714a09a55mv2.webp?fit=821%2C618&ssl=1","jetpack-related-posts":[],"jetpack_sharing_enabled":true,"jetpack_likes_enabled":true,"_links":{"self":[{"href":"https:\/\/informativoelvalledeaguascalientes.online\/index.php?rest_route=\/wp\/v2\/posts\/64185","targetHints":{"allow":["GET"]}}],"collection":[{"href":"https:\/\/informativoelvalledeaguascalientes.online\/index.php?rest_route=\/wp\/v2\/posts"}],"about":[{"href":"https:\/\/informativoelvalledeaguascalientes.online\/index.php?rest_route=\/wp\/v2\/types\/post"}],"author":[{"embeddable":true,"href":"https:\/\/informativoelvalledeaguascalientes.online\/index.php?rest_route=\/wp\/v2\/users\/13383"}],"replies":[{"embeddable":true,"href":"https:\/\/informativoelvalledeaguascalientes.online\/index.php?rest_route=%2Fwp%2Fv2%2Fcomments&post=64185"}],"version-history":[{"count":1,"href":"https:\/\/informativoelvalledeaguascalientes.online\/index.php?rest_route=\/wp\/v2\/posts\/64185\/revisions"}],"predecessor-version":[{"id":64187,"href":"https:\/\/informativoelvalledeaguascalientes.online\/index.php?rest_route=\/wp\/v2\/posts\/64185\/revisions\/64187"}],"wp:featuredmedia":[{"embeddable":true,"href":"https:\/\/informativoelvalledeaguascalientes.online\/index.php?rest_route=\/wp\/v2\/media\/64186"}],"wp:attachment":[{"href":"https:\/\/informativoelvalledeaguascalientes.online\/index.php?rest_route=%2Fwp%2Fv2%2Fmedia&parent=64185"}],"wp:term":[{"taxonomy":"category","embeddable":true,"href":"https:\/\/informativoelvalledeaguascalientes.online\/index.php?rest_route=%2Fwp%2Fv2%2Fcategories&post=64185"},{"taxonomy":"post_tag","embeddable":true,"href":"https:\/\/informativoelvalledeaguascalientes.online\/index.php?rest_route=%2Fwp%2Fv2%2Ftags&post=64185"}],"curies":[{"name":"wp","href":"https:\/\/api.w.org\/{rel}","templated":true}]}}