{"id":64179,"date":"2024-12-29T15:57:52","date_gmt":"2024-12-29T21:57:52","guid":{"rendered":"https:\/\/informativoelvalledeaguascalientes.online\/?p=64179"},"modified":"2025-01-04T16:00:30","modified_gmt":"2025-01-04T22:00:30","slug":"gerardo-martinez-concluye-el-desafio-21k-por-120-dias","status":"publish","type":"post","link":"https:\/\/informativoelvalledeaguascalientes.online\/?p=64179","title":{"rendered":"Gerardo Mart\u00ednez concluye el desaf\u00edo &#8220;21K por 120 d\u00edas"},"content":{"rendered":"<p>#informativoelvalledeaguascalientes #novaradioaguascalientes #informativoelvalledeaguascalientesll<\/p>\n<p>&nbsp;<\/p>\n<p>&nbsp;<\/p>\n<p>&nbsp;<\/p>\n<p>Esta ma\u00f1ana, Gerardo Mart\u00ednez Mac\u00edas finaliz\u00f3 con \u00e9xito su reto de correr 21 kil\u00f3metros diarios durante 120 d\u00edas consecutivos en la trotapista del Instituto del Deporte de Aguascalientes. Iniciado el 1 de septiembre, el ultra-atleta recorri\u00f3 un total de 2,520 kil\u00f3metros, equivalente a la frontera entre M\u00e9xico y Estados Unidos, con el objetivo de promover la pr\u00e1ctica deportiva y sus beneficios para la salud.<\/p>\n<p>&nbsp;<\/p>\n<p>Con una trayectoria destacada en pruebas de ultra-distancia, como el Marathon Des Sables y m\u00faltiples maratones de larga duraci\u00f3n, Gerardo enfrent\u00f3 incluso retos adicionales durante el proyecto, incluyendo tres maratones en tres d\u00edas consecutivos.<\/p>\n","protected":false},"excerpt":{"rendered":"<p>#informativoelvalledeaguascalientes #novaradioaguascalientes #informativoelvalledeaguascalientesll &nbsp; &nbsp; &nbsp; Esta ma\u00f1ana, Gerardo Mart\u00ednez Mac\u00edas finaliz\u00f3 con \u00e9xito su reto de correr 21 kil\u00f3metros diarios durante 120 d\u00edas consecutivos en la trotapista del Instituto del Deporte de Aguascalientes. Iniciado el 1 de septiembre, el ultra-atleta recorri\u00f3 un total de 2,520 kil\u00f3metros, equivalente a la frontera entre M\u00e9xico y Estados [&hellip;]<\/p>\n","protected":false},"author":13383,"featured_media":64180,"comment_status":"closed","ping_status":"open","sticky":false,"template":"","format":"standard","meta":{"advanced_seo_description":"","jetpack_seo_html_title":"","jetpack_seo_noindex":false,"_jetpack_memberships_contains_paid_content":false,"footnotes":"","jetpack_publicize_message":"","jetpack_publicize_feature_enabled":true,"jetpack_social_post_already_shared":true,"jetpack_social_options":{"image_generator_settings":{"template":"highway","default_image_id":0,"font":"","enabled":false},"version":2}},"categories":[21,4],"tags":[22,615,113],"class_list":["post-64179","post","type-post","status-publish","format-standard","has-post-thumbnail","hentry","category-aguascalientes","category-gobierno-del-estado-aguascalientes","tag-aguascalientes","tag-gobierno-del-estado-de-aguascalientes","tag-idea"],"jetpack_publicize_connections":[],"jetpack_featured_media_url":"https:\/\/i0.wp.com\/informativoelvalledeaguascalientes.online\/wp-content\/uploads\/2025\/01\/IMG-20241229-WA0069.jpg?fit=2560%2C1706&ssl=1","jetpack-related-posts":[],"jetpack_sharing_enabled":true,"jetpack_likes_enabled":true,"_links":{"self":[{"href":"https:\/\/informativoelvalledeaguascalientes.online\/index.php?rest_route=\/wp\/v2\/posts\/64179","targetHints":{"allow":["GET"]}}],"collection":[{"href":"https:\/\/informativoelvalledeaguascalientes.online\/index.php?rest_route=\/wp\/v2\/posts"}],"about":[{"href":"https:\/\/informativoelvalledeaguascalientes.online\/index.php?rest_route=\/wp\/v2\/types\/post"}],"author":[{"embeddable":true,"href":"https:\/\/informativoelvalledeaguascalientes.online\/index.php?rest_route=\/wp\/v2\/users\/13383"}],"replies":[{"embeddable":true,"href":"https:\/\/informativoelvalledeaguascalientes.online\/index.php?rest_route=%2Fwp%2Fv2%2Fcomments&post=64179"}],"version-history":[{"count":1,"href":"https:\/\/informativoelvalledeaguascalientes.online\/index.php?rest_route=\/wp\/v2\/posts\/64179\/revisions"}],"predecessor-version":[{"id":64181,"href":"https:\/\/informativoelvalledeaguascalientes.online\/index.php?rest_route=\/wp\/v2\/posts\/64179\/revisions\/64181"}],"wp:featuredmedia":[{"embeddable":true,"href":"https:\/\/informativoelvalledeaguascalientes.online\/index.php?rest_route=\/wp\/v2\/media\/64180"}],"wp:attachment":[{"href":"https:\/\/informativoelvalledeaguascalientes.online\/index.php?rest_route=%2Fwp%2Fv2%2Fmedia&parent=64179"}],"wp:term":[{"taxonomy":"category","embeddable":true,"href":"https:\/\/informativoelvalledeaguascalientes.online\/index.php?rest_route=%2Fwp%2Fv2%2Fcategories&post=64179"},{"taxonomy":"post_tag","embeddable":true,"href":"https:\/\/informativoelvalledeaguascalientes.online\/index.php?rest_route=%2Fwp%2Fv2%2Ftags&post=64179"}],"curies":[{"name":"wp","href":"https:\/\/api.w.org\/{rel}","templated":true}]}}