{"id":64167,"date":"2024-12-29T15:44:10","date_gmt":"2024-12-29T21:44:10","guid":{"rendered":"https:\/\/informativoelvalledeaguascalientes.online\/?p=64167"},"modified":"2025-01-04T15:49:22","modified_gmt":"2025-01-04T21:49:22","slug":"2025-ano-de-la-renovacion-de-accion-nacional-jorge-romero","status":"publish","type":"post","link":"https:\/\/informativoelvalledeaguascalientes.online\/?p=64167","title":{"rendered":"2025, A\u00d1O DE LA RENOVACI\u00d3N DE ACCI\u00d3N NACIONAL: JORGE ROMERO"},"content":{"rendered":"<p>#informativoelvalledeaguascalientes #novaradioaguascalientes #informativoelvalledeaguascalientesll<\/p>\n<p>&nbsp;<\/p>\n<p>&nbsp;<\/p>\n<p>En unidad, el PAN seguir\u00e1 fortaleci\u00e9ndose con miras a la elecci\u00f3n intermedia de 2027<\/p>\n<p>\u2022 Abriremos el partido a la ciudadan\u00eda, todo aquel que quiera, podr\u00e1vser panista de forma inmediata Considerando como principal meta para el Partido Acci\u00f3n Nacional, obtener excelentes resultados en la contienda intermedia del a\u00f1o 2027, donde se renovar\u00e1 la C\u00e1mara de Diputados, diversas gubernaturas, alcald\u00edas y los congresos locales, su Presidente Nacional Jorge Romero advirti\u00f3 que con unidad, el pr\u00f3ximo a\u00f1o ser\u00e1 de mucho trabajo para sentar las bases de lo que ser\u00e1 la renovaci\u00f3n de ese instituto pol\u00edtico. \u201cEl a\u00f1o que est\u00e1 por comenzar, deberemos concentrar todos nuestros esfuerzos para que con estrategia y mucho trabajo, logremos consolidar la renovaci\u00f3n del Partido Acci\u00f3n Nacional en todo M\u00e9xico y sentemos las bases de la organizaci\u00f3n pol\u00edtica que debemos ser para ganar la mayor\u00eda de los espacios que estar\u00e1n en juego en 2027\u201d, se\u00f1al\u00f3.<\/p>\n<p>A m\u00e1s de un mes de haber contado con el respaldo de la mayor\u00eda de las y los panistas y asumir la presidencial del PAN, Jorge Romero se dijo contento, agradecido pero con una enorme responsabilidad de ser quien encabeza los esfuerzos del principal partido de oposici\u00f3n en M\u00e9xico: \u201cTrabajaremos sin descanso para hacer que el Partido Acci\u00f3n Nacional sea el veh\u00edculo en el que conf\u00eden millones de mexicanas y mexicanos para ser representados, hemos dados pruebas en los estados y municipios donde gobernamos, lo hacemos bien, la gente est\u00e1 contenta, por eso debemos seguir avanzando en nuestra meta: ganar elecciones para gobernar mejor, es lo que las familias mexicanas demandan\u201d.<\/p>\n<p>\u201cM\u00e9xico no puede seguir por el camino que va, necesitamos cambios de fondo, mejorar nuestro sistema de salud, generar condiciones de mayor seguridad y tranquilidad en las calles, impulsar a las familias a que puedan, mediante su esfuerzo, salir adelante\u201d, manifest\u00f3 el Presidente Jorge Romero ante la falta de resultados que los gobiernos de Morena representa, y a\u00f1adi\u00f3: \u201cLa gente demanda cambios en su vida diaria, nuestro pa\u00eds no va bien, la ciudadan\u00eda lo nota y nosotros debemos ser la opci\u00f3n que d\u00e9 un giro y ofrezca y logre un verdadero bienestar\u201d.<\/p>\n<p>&nbsp;<\/p>\n<p>Pocas semanas han sido muestra de lo que Jorge Romero y su equipo, junto con las y los panistas pueden lograr en los 3 a\u00f1os que durar\u00e1 su gesti\u00f3n al frente del PAN: intenso trabajo de la mano de las legisladoras y legisladores mediante manifestaciones frente a los edificios de la Comisi\u00f3n Nacional de Derechos Humanos y el INAI en defensa de los derechos de las y los ciudadanos; presentaci\u00f3n de un presupuesto alterno que verdaderamente atienda las necesidades m\u00e1s sentidas de la poblaci\u00f3n para el a\u00f1o 2025; coordinaci\u00f3n con el y las gobernadoras panistas; visitas a algunos territorios del pa\u00eds; encuentro con medios de comunicaci\u00f3n fijando posturas en diversas tem\u00e1ticas de inter\u00e9s nacional, entre otras cosas, son solo una muestra de que vienen meses de una ardua labor que sin duda se traducir\u00e1n en buenos resultados electorales.<\/p>\n<p>\u201cSi fuera necesario, llegaremos a la resistencia civil pac\u00edfica, eso haremos, y por ello hemos presentado propuestas que pondremos a consideraci\u00f3n de nuestros \u00f3rganos de partido para fortalecer nuestra unidad y renovarnos, entre las que m\u00e1s destaco es la apertura inminente del PAN a la gente, el partido es un instrumento ciudadano, todo aquel o aquella que quiera, podr\u00e1 ser panista y sumarnos a esta lucha por M\u00e9xico y las familias que habitamos este gran pa\u00eds\u201d, finaliz\u00f3.<\/p>\n","protected":false},"excerpt":{"rendered":"<p>#informativoelvalledeaguascalientes #novaradioaguascalientes #informativoelvalledeaguascalientesll &nbsp; &nbsp; En unidad, el PAN seguir\u00e1 fortaleci\u00e9ndose con miras a la elecci\u00f3n intermedia de 2027 \u2022 Abriremos el partido a la ciudadan\u00eda, todo aquel que quiera, podr\u00e1vser panista de forma inmediata Considerando como principal meta para el Partido Acci\u00f3n Nacional, obtener excelentes resultados en la contienda intermedia del a\u00f1o 2027, donde [&hellip;]<\/p>\n","protected":false},"author":13383,"featured_media":64168,"comment_status":"closed","ping_status":"open","sticky":false,"template":"","format":"standard","meta":{"advanced_seo_description":"","jetpack_seo_html_title":"","jetpack_seo_noindex":false,"_jetpack_memberships_contains_paid_content":false,"footnotes":"","jetpack_publicize_message":"","jetpack_publicize_feature_enabled":true,"jetpack_social_post_already_shared":true,"jetpack_social_options":{"image_generator_settings":{"template":"highway","default_image_id":0,"font":"","enabled":false},"version":2}},"categories":[21,7],"tags":[23],"class_list":["post-64167","post","type-post","status-publish","format-standard","has-post-thumbnail","hentry","category-aguascalientes","category-pan-aguascalientes","tag-pan-aguascalientes"],"jetpack_publicize_connections":[],"jetpack_featured_media_url":"https:\/\/i0.wp.com\/informativoelvalledeaguascalientes.online\/wp-content\/uploads\/2025\/01\/IMG-20241229-WA0020-scaled.jpg?fit=2560%2C1707&ssl=1","jetpack-related-posts":[],"jetpack_sharing_enabled":true,"jetpack_likes_enabled":true,"_links":{"self":[{"href":"https:\/\/informativoelvalledeaguascalientes.online\/index.php?rest_route=\/wp\/v2\/posts\/64167","targetHints":{"allow":["GET"]}}],"collection":[{"href":"https:\/\/informativoelvalledeaguascalientes.online\/index.php?rest_route=\/wp\/v2\/posts"}],"about":[{"href":"https:\/\/informativoelvalledeaguascalientes.online\/index.php?rest_route=\/wp\/v2\/types\/post"}],"author":[{"embeddable":true,"href":"https:\/\/informativoelvalledeaguascalientes.online\/index.php?rest_route=\/wp\/v2\/users\/13383"}],"replies":[{"embeddable":true,"href":"https:\/\/informativoelvalledeaguascalientes.online\/index.php?rest_route=%2Fwp%2Fv2%2Fcomments&post=64167"}],"version-history":[{"count":1,"href":"https:\/\/informativoelvalledeaguascalientes.online\/index.php?rest_route=\/wp\/v2\/posts\/64167\/revisions"}],"predecessor-version":[{"id":64169,"href":"https:\/\/informativoelvalledeaguascalientes.online\/index.php?rest_route=\/wp\/v2\/posts\/64167\/revisions\/64169"}],"wp:featuredmedia":[{"embeddable":true,"href":"https:\/\/informativoelvalledeaguascalientes.online\/index.php?rest_route=\/wp\/v2\/media\/64168"}],"wp:attachment":[{"href":"https:\/\/informativoelvalledeaguascalientes.online\/index.php?rest_route=%2Fwp%2Fv2%2Fmedia&parent=64167"}],"wp:term":[{"taxonomy":"category","embeddable":true,"href":"https:\/\/informativoelvalledeaguascalientes.online\/index.php?rest_route=%2Fwp%2Fv2%2Fcategories&post=64167"},{"taxonomy":"post_tag","embeddable":true,"href":"https:\/\/informativoelvalledeaguascalientes.online\/index.php?rest_route=%2Fwp%2Fv2%2Ftags&post=64167"}],"curies":[{"name":"wp","href":"https:\/\/api.w.org\/{rel}","templated":true}]}}