{"id":64160,"date":"2024-12-29T00:25:39","date_gmt":"2024-12-29T06:25:39","guid":{"rendered":"https:\/\/informativoelvalledeaguascalientes.online\/?p=64160"},"modified":"2025-01-04T00:31:22","modified_gmt":"2025-01-04T06:31:22","slug":"mas-de-16-mil-empleos-se-ofrecieron-a-traves-de-los-jueves-de-bolsa-de-trabajo-y-brigadas-de-empleo","status":"publish","type":"post","link":"https:\/\/informativoelvalledeaguascalientes.online\/?p=64160","title":{"rendered":"M\u00c1S DE 16 MIL EMPLEOS SE OFRECIERON A TRAV\u00c9S DE LOS \u201cJUEVES DE BOLSA DE TRABAJO\u201d Y \u201cBRIGADAS DE EMPLEO\u201d"},"content":{"rendered":"<div id=\"bgLayers_comp-l7sh9ubr2\" class=\"MW5IWV\" data-hook=\"bgLayers\" data-motion-part=\"BG_LAYER comp-l7sh9ubr2\">\n<div id=\"bgMedia_comp-l7sh9ubr2\" class=\"VgO9Yg\" data-motion-part=\"BG_MEDIA comp-l7sh9ubr2\">\n<p>#informativoelvalledeaguascalientes #novaradioaguascalientes #informativoelvalledeaguascalientesll<\/p>\n<\/div>\n<\/div>\n<div class=\"\" data-mesh-id=\"comp-l7sh9ubr2inlineContent\" data-testid=\"inline-content\">\n<div data-mesh-id=\"comp-l7sh9ubr2inlineContent-gridContainer\" data-testid=\"mesh-container-content\">\n<div id=\"comp-l7sh9ubx\" class=\"TWFxr5 \">\n<div class=\"comp-l7sh9ubx\">\n<div class=\"sGWYken comp-l7sh9ubx\" data-hook=\"ricosviewer-wrapper\">\n<div class=\"nIlW2\" dir=\"ltr\" data-id=\"content-viewer\">\n<div class=\"C0hbR\">\n<div class=\"av0i6\">\n<ul class=\"_9iRlZ joYDm\">\n<li class=\"AY0Vp\" dir=\"auto\" aria-level=\"1\">\n<p id=\"viewer-tif06185\" class=\"o0STb GF80u _6Vwzd HjRUP\" dir=\"\"><span class=\"B-fpk _6Vwzd\"><strong><em>Se realizaron 136 jornadas para buscadores de empleo en la capital y en los municipios del interior<\/em><\/strong><\/span><\/p>\n<\/li>\n<li class=\"AY0Vp\" dir=\"auto\" aria-level=\"1\">\n<p id=\"viewer-9o2x1188\" class=\"o0STb GF80u _6Vwzd HjRUP\" dir=\"\"><span class=\"B-fpk _6Vwzd\"><strong><em>Estas estrategias hoy son la mejor alternativa para que los aguascalentenses logren colocarse en un empleo formal<\/em><\/strong><\/span><\/p>\n<\/li>\n<li class=\"AY0Vp\" dir=\"auto\" aria-level=\"1\">\n<p id=\"viewer-lr9m5191\" class=\"o0STb GF80u _6Vwzd HjRUP\" dir=\"\"><span class=\"B-fpk _6Vwzd\"><strong><em>Se sumaron diversas empresas locales, principalmente del \u00e1rea automotriz, de servicios y comercio<\/em><\/strong><\/span><\/p>\n<\/li>\n<\/ul>\n<div id=\"viewer-nxie6193\" class=\"o0STb GF80u _6Vwzd HjRUP\" dir=\"auto\"><span class=\"B-fpk _6Vwzd\">\u00a0<\/span><\/div>\n<p id=\"viewer-2wyd5208\" class=\"o0STb GF80u _6Vwzd HjRUP\" dir=\"auto\"><span class=\"B-fpk _6Vwzd\">Durante 2024 se ofertaron m\u00e1s de 16 mil empleos a trav\u00e9s de las 136 jornadas de vinculaci\u00f3n laboral que se realizaron en todo el estado a trav\u00e9s de los \u201cJueves de Bolsa de Trabajo\u201d y \u201cBrigadas de Empleo\u201d en colonias y municipios.<\/span><\/p>\n<div id=\"viewer-6gi2o219\" class=\"o0STb GF80u _6Vwzd HjRUP\" dir=\"auto\"><span class=\"B-fpk _6Vwzd\">\u00a0<\/span><\/div>\n<p id=\"viewer-3cftu195\" class=\"o0STb GF80u _6Vwzd HjRUP\" dir=\"auto\"><span class=\"B-fpk _6Vwzd\">Gracias a estas acciones que surgieron a iniciativa de la gobernadora Tere Jim\u00e9nez, as\u00ed como al esfuerzo de la comunidad empresarial, Aguascalientes registr\u00f3 una generaci\u00f3n positiva de empleo durante todo el a\u00f1o, seg\u00fan lo hace constar el Instituto Mexicano del Seguro Social (IMSS).<\/span><\/p>\n<div id=\"viewer-9ewqa231\" class=\"o0STb GF80u _6Vwzd HjRUP\" dir=\"auto\"><span class=\"B-fpk _6Vwzd\">\u00a0<\/span><\/div>\n<p id=\"viewer-gh4ai198\" class=\"o0STb GF80u _6Vwzd HjRUP\" dir=\"auto\"><span class=\"B-fpk _6Vwzd\">Cabe mencionar que, adicionalmente a las jornadas de empleo, a lo largo del a\u00f1o la Secretar\u00eda de Desarrollo Econ\u00f3mico, Ciencia y Tecnolog\u00eda (Sedecyt) mantiene en funcionamiento la ventanilla de la bolsa de trabajo en sus instalaciones, lo que permite que existan m\u00e1s oportunidades para los buscadores de empleo, sobre todo en los sectores automotriz, comercio y servicios.<\/span><\/p>\n<div id=\"viewer-otqgq242\" class=\"o0STb GF80u _6Vwzd HjRUP\" dir=\"auto\"><span class=\"B-fpk _6Vwzd\">\u00a0<\/span><\/div>\n<p id=\"viewer-uqewz200\" class=\"o0STb GF80u _6Vwzd HjRUP\" dir=\"auto\"><span class=\"B-fpk _6Vwzd\">Si uno de tus prop\u00f3sitos para este 2025 es encontrar una oportunidad laboral te esperamos este jueves 16 de enero en el Palacio de Gobierno.<\/span><\/p>\n<div id=\"viewer-yaenu253\" class=\"o0STb GF80u _6Vwzd HjRUP\" dir=\"auto\"><span class=\"B-fpk _6Vwzd\">\u00a0<\/span><\/div>\n<p id=\"viewer-3ohds202\" class=\"o0STb GF80u _6Vwzd HjRUP\" dir=\"auto\"><span class=\"B-fpk _6Vwzd\">Para m\u00e1s informaci\u00f3n, acudir a las oficinas del Servicio Nacional de Empleo en el Ficotrece, en avenida Manuel G\u00f3mez Mor\u00edn s\/n, Nave 55, colonia Ferronales, atr\u00e1s del Telet\u00f3n; o bien, comunicarse al tel\u00e9fono 449 971 94 01, extensi\u00f3n 5900, de lunes a viernes, de las 8:00 de la ma\u00f1ana a las 3:30 de la tarde.<\/span><\/p>\n<div id=\"viewer-0g7ca204\" class=\"o0STb GF80u joYDm HjRUP\" dir=\"auto\"><\/div>\n<\/div>\n<\/div>\n<\/div>\n<\/div>\n<\/div>\n<\/div>\n<\/div>\n<\/div>\n","protected":false},"excerpt":{"rendered":"<p>#informativoelvalledeaguascalientes #novaradioaguascalientes #informativoelvalledeaguascalientesll Se realizaron 136 jornadas para buscadores de empleo en la capital y en los municipios del interior Estas estrategias hoy son la mejor alternativa para que los aguascalentenses logren colocarse en un empleo formal Se sumaron diversas empresas locales, principalmente del \u00e1rea automotriz, de servicios y comercio \u00a0 Durante 2024 se ofertaron [&hellip;]<\/p>\n","protected":false},"author":1,"featured_media":64161,"comment_status":"closed","ping_status":"open","sticky":false,"template":"","format":"standard","meta":{"advanced_seo_description":"","jetpack_seo_html_title":"","jetpack_seo_noindex":false,"_jetpack_memberships_contains_paid_content":false,"footnotes":"","jetpack_publicize_message":"","jetpack_publicize_feature_enabled":true,"jetpack_social_post_already_shared":true,"jetpack_social_options":{"image_generator_settings":{"template":"highway","default_image_id":0,"font":"","enabled":false},"version":2}},"categories":[21,4],"tags":[22,615,610],"class_list":["post-64160","post","type-post","status-publish","format-standard","has-post-thumbnail","hentry","category-aguascalientes","category-gobierno-del-estado-aguascalientes","tag-aguascalientes","tag-gobierno-del-estado-de-aguascalientes","tag-sedecyt"],"jetpack_publicize_connections":[],"jetpack_featured_media_url":"https:\/\/i0.wp.com\/informativoelvalledeaguascalientes.online\/wp-content\/uploads\/2025\/01\/sedecit.jpeg?fit=1280%2C960&ssl=1","jetpack-related-posts":[],"jetpack_sharing_enabled":true,"jetpack_likes_enabled":true,"_links":{"self":[{"href":"https:\/\/informativoelvalledeaguascalientes.online\/index.php?rest_route=\/wp\/v2\/posts\/64160","targetHints":{"allow":["GET"]}}],"collection":[{"href":"https:\/\/informativoelvalledeaguascalientes.online\/index.php?rest_route=\/wp\/v2\/posts"}],"about":[{"href":"https:\/\/informativoelvalledeaguascalientes.online\/index.php?rest_route=\/wp\/v2\/types\/post"}],"author":[{"embeddable":true,"href":"https:\/\/informativoelvalledeaguascalientes.online\/index.php?rest_route=\/wp\/v2\/users\/1"}],"replies":[{"embeddable":true,"href":"https:\/\/informativoelvalledeaguascalientes.online\/index.php?rest_route=%2Fwp%2Fv2%2Fcomments&post=64160"}],"version-history":[{"count":1,"href":"https:\/\/informativoelvalledeaguascalientes.online\/index.php?rest_route=\/wp\/v2\/posts\/64160\/revisions"}],"predecessor-version":[{"id":64162,"href":"https:\/\/informativoelvalledeaguascalientes.online\/index.php?rest_route=\/wp\/v2\/posts\/64160\/revisions\/64162"}],"wp:featuredmedia":[{"embeddable":true,"href":"https:\/\/informativoelvalledeaguascalientes.online\/index.php?rest_route=\/wp\/v2\/media\/64161"}],"wp:attachment":[{"href":"https:\/\/informativoelvalledeaguascalientes.online\/index.php?rest_route=%2Fwp%2Fv2%2Fmedia&parent=64160"}],"wp:term":[{"taxonomy":"category","embeddable":true,"href":"https:\/\/informativoelvalledeaguascalientes.online\/index.php?rest_route=%2Fwp%2Fv2%2Fcategories&post=64160"},{"taxonomy":"post_tag","embeddable":true,"href":"https:\/\/informativoelvalledeaguascalientes.online\/index.php?rest_route=%2Fwp%2Fv2%2Ftags&post=64160"}],"curies":[{"name":"wp","href":"https:\/\/api.w.org\/{rel}","templated":true}]}}