{"id":64145,"date":"2024-12-28T18:34:04","date_gmt":"2024-12-29T00:34:04","guid":{"rendered":"https:\/\/informativoelvalledeaguascalientes.online\/?p=64145"},"modified":"2024-12-28T18:34:04","modified_gmt":"2024-12-29T00:34:04","slug":"en-aguascalientes-estudiantes-tienen-acceso-a-desayunos-gratuitos","status":"publish","type":"post","link":"https:\/\/informativoelvalledeaguascalientes.online\/?p=64145","title":{"rendered":"EN AGUASCALIENTES, ESTUDIANTES TIENEN ACCESO A DESAYUNOS GRATUITOS"},"content":{"rendered":"<p>#informativoelvalledeaguascalientes #novaradioaguascalientes #informativoelvalledeaguascalientesll<\/p>\n<p>&nbsp;<\/p>\n<p>&nbsp;<\/p>\n<p>&nbsp;<\/p>\n<p>Se beneficia a ni\u00f1as, ni\u00f1os y j\u00f3venes de 550 planteles educativos, desde nivel preescolar hasta nivel superior<\/p>\n<p>&nbsp;<\/p>\n<p>Este a\u00f1o, tambi\u00e9n se invirti\u00f3 en equipamiento para los Comedores Escolares<\/p>\n<p>&nbsp;<\/p>\n<p>La finalidad es que tengan acceso a alimentos nutritivos y de calidad, que les permitan desarrollar todo su potencial: TJ<\/p>\n<p>&nbsp;<\/p>\n<p>&nbsp;<\/p>\n<p>&nbsp;<\/p>\n<p>La gobernadora Tere Jim\u00e9nez impulsa el Programa de Desayunos Escolares Calientes y Fr\u00edos, a trav\u00e9s del cual se beneficia mensualmente a 26 mil 750 ni\u00f1as, ni\u00f1os y j\u00f3venes de 550 planteles educativos, desde nivel preescolar hasta nivel superior, ello con el objetivo de garantizar el desarrollo integral de las y los estudiantes de Aguascalientes.<\/p>\n<p>&nbsp;<\/p>\n<p>&nbsp;<\/p>\n<p>\u201cPara nosotros es una prioridad apoyar a nuestros estudiantes; por ello, hemos implementado este programa para que tengan acceso a alimentos nutritivos y de calidad, que les permitan desarrollar todo su potencial\u201d, indic\u00f3 la gobernadora.<\/p>\n<p>&nbsp;<\/p>\n<p>&nbsp;<\/p>\n<p>Aurora Jim\u00e9nez Esquivel, primera voluntaria del DIF Estatal, resalt\u00f3 que con ese objetivo, este a\u00f1o se invirti\u00f3 una importante suma en equipamiento para facilitar la preparaci\u00f3n de los alimentos en los Comedores Escolares; dijo que a cada uno se le entregaron mesas, tablones, parrillas, tarjas, refrigeradores, sartenes, licuadoras, hornos de microondas, entre otras cosas.<\/p>\n<p>&nbsp;<\/p>\n<p>&nbsp;<\/p>\n<p>Asimismo, subray\u00f3 que se seguir\u00e1 apoyando a las familias que m\u00e1s lo necesitan para elevar su calidad de vida y mejorar el rendimiento escolar de las y los estudiantes de Aguascalientes.<\/p>\n<p>&nbsp;<\/p>\n<p>&nbsp;<\/p>\n<p>Finalmente, Olinsser Juan Guti\u00e9rrez Herrera, director de Desarrollo Comunitario del DIF Estatal, detall\u00f3 que entre los principales insumos que se utilizan en la preparaci\u00f3n de los alimentos que se ofrecen en los Comedores Escolares, est\u00e1n la leche, at\u00fan, pasta integral, arroz, lenteja, frijol, avena, verduras, frutas, carne de pollo, entre otras; lo que permite proporcionar a las y los beneficiarios una alimentaci\u00f3n completa, equilibrada y variada.<\/p>\n","protected":false},"excerpt":{"rendered":"<p>#informativoelvalledeaguascalientes #novaradioaguascalientes #informativoelvalledeaguascalientesll &nbsp; &nbsp; &nbsp; Se beneficia a ni\u00f1as, ni\u00f1os y j\u00f3venes de 550 planteles educativos, desde nivel preescolar hasta nivel superior &nbsp; Este a\u00f1o, tambi\u00e9n se invirti\u00f3 en equipamiento para los Comedores Escolares &nbsp; La finalidad es que tengan acceso a alimentos nutritivos y de calidad, que les permitan desarrollar todo su potencial: [&hellip;]<\/p>\n","protected":false},"author":13383,"featured_media":64146,"comment_status":"closed","ping_status":"open","sticky":false,"template":"","format":"standard","meta":{"advanced_seo_description":"","jetpack_seo_html_title":"","jetpack_seo_noindex":false,"_jetpack_memberships_contains_paid_content":false,"footnotes":"","jetpack_publicize_message":"","jetpack_publicize_feature_enabled":true,"jetpack_social_post_already_shared":true,"jetpack_social_options":{"image_generator_settings":{"template":"highway","default_image_id":0,"font":"","enabled":false},"version":2}},"categories":[21,4],"tags":[22,65,615,320],"class_list":["post-64145","post","type-post","status-publish","format-standard","has-post-thumbnail","hentry","category-aguascalientes","category-gobierno-del-estado-aguascalientes","tag-aguascalientes","tag-dif-estatal-aguascalientes","tag-gobierno-del-estado-de-aguascalientes","tag-tere-jimenez"],"jetpack_publicize_connections":[],"jetpack_featured_media_url":"https:\/\/i0.wp.com\/informativoelvalledeaguascalientes.online\/wp-content\/uploads\/2024\/12\/3e855e_7afd0bec86d74b1eb470c60a7465d4b0mv2.webp?fit=1398%2C932&ssl=1","jetpack-related-posts":[],"jetpack_sharing_enabled":true,"jetpack_likes_enabled":true,"_links":{"self":[{"href":"https:\/\/informativoelvalledeaguascalientes.online\/index.php?rest_route=\/wp\/v2\/posts\/64145","targetHints":{"allow":["GET"]}}],"collection":[{"href":"https:\/\/informativoelvalledeaguascalientes.online\/index.php?rest_route=\/wp\/v2\/posts"}],"about":[{"href":"https:\/\/informativoelvalledeaguascalientes.online\/index.php?rest_route=\/wp\/v2\/types\/post"}],"author":[{"embeddable":true,"href":"https:\/\/informativoelvalledeaguascalientes.online\/index.php?rest_route=\/wp\/v2\/users\/13383"}],"replies":[{"embeddable":true,"href":"https:\/\/informativoelvalledeaguascalientes.online\/index.php?rest_route=%2Fwp%2Fv2%2Fcomments&post=64145"}],"version-history":[{"count":1,"href":"https:\/\/informativoelvalledeaguascalientes.online\/index.php?rest_route=\/wp\/v2\/posts\/64145\/revisions"}],"predecessor-version":[{"id":64147,"href":"https:\/\/informativoelvalledeaguascalientes.online\/index.php?rest_route=\/wp\/v2\/posts\/64145\/revisions\/64147"}],"wp:featuredmedia":[{"embeddable":true,"href":"https:\/\/informativoelvalledeaguascalientes.online\/index.php?rest_route=\/wp\/v2\/media\/64146"}],"wp:attachment":[{"href":"https:\/\/informativoelvalledeaguascalientes.online\/index.php?rest_route=%2Fwp%2Fv2%2Fmedia&parent=64145"}],"wp:term":[{"taxonomy":"category","embeddable":true,"href":"https:\/\/informativoelvalledeaguascalientes.online\/index.php?rest_route=%2Fwp%2Fv2%2Fcategories&post=64145"},{"taxonomy":"post_tag","embeddable":true,"href":"https:\/\/informativoelvalledeaguascalientes.online\/index.php?rest_route=%2Fwp%2Fv2%2Ftags&post=64145"}],"curies":[{"name":"wp","href":"https:\/\/api.w.org\/{rel}","templated":true}]}}