{"id":64040,"date":"2024-12-21T22:44:25","date_gmt":"2024-12-22T04:44:25","guid":{"rendered":"https:\/\/informativoelvalledeaguascalientes.online\/?p=64040"},"modified":"2024-12-22T22:46:08","modified_gmt":"2024-12-23T04:46:08","slug":"gracias-al-apoyo-de-tere-jimenez-productores-lacteos-lanzan-su-propia-marca-cien-por-ciento-de-aguascalientes","status":"publish","type":"post","link":"https:\/\/informativoelvalledeaguascalientes.online\/?p=64040","title":{"rendered":"GRACIAS AL APOYO DE TERE JIM\u00c9NEZ, PRODUCTORES L\u00c1CTEOS LANZAN SU PROPIA MARCA CIEN POR CIENTO DE AGUASCALIENTES"},"content":{"rendered":"<p>#informativoelvalledeaguascalientes #novaradioaguascalientes #informativoelvalledeaguascalientesll<\/p>\n<p>&nbsp;<\/p>\n<p>&nbsp;<\/p>\n<p>&nbsp;<\/p>\n<p>&nbsp;<\/p>\n<p>Se cumple el compromiso de la gobernadora Tere Jim\u00e9nez de tener una marca de leche cien por ciento hidroc\u00e1lida<\/p>\n<p>&nbsp;<\/p>\n<p>Adem\u00e1s de leche pasteurizada, \u201cMuuuy Leche\u201d ofrece quesos, bebidas saborizadas y leche a granel<\/p>\n<p>&nbsp;<\/p>\n<p>En respuesta al compromiso de la gobernadora Tere Jim\u00e9nez, de contar con una marca de leche cien por ciento hidroc\u00e1lida en apoyo a los productores locales, hoy se dio el banderazo de salida a las rutas de venta de &#8220;Muuuy Leche&#8221;.<\/p>\n<p>&nbsp;<\/p>\n<p>&nbsp;<\/p>\n<p>A trav\u00e9s de la Central de Ganaderos L\u00e1cteos (Cegalac), 32 productores lecheros del estado comenzaron a comercializar leche pasteurizada, quesos, bebidas saborizadas y leche a granel.<\/p>\n<p>&nbsp;<\/p>\n<p>&nbsp;<\/p>\n<p>Con el lanzamiento de esta nueva marca de leche, los ganaderos de Aguascalientes podr\u00e1n colocar sus productos en el mercado de manera m\u00e1s competitiva, con lo que aseguran ingresos dignos para sus familias y fortalecen la econom\u00eda local; adem\u00e1s de garantizar que a las mesas de los hogares de la entidad, llegue leche y otros productos l\u00e1cteos frescos y de calidad a precios accesibles.<\/p>\n<p>&nbsp;<\/p>\n<p>&nbsp;<\/p>\n<p>Antonio Mart\u00edn del Campo, senador de la rep\u00fablica, felicit\u00f3 a los lecheros por este paso tan importante.<\/p>\n<p>&nbsp;<\/p>\n<p>&nbsp;<\/p>\n<p>\u201cEste sue\u00f1o se fue cristalizando, lo que requer\u00edan era el apoyo del gobierno; lo que anhelaron se ha cumplido con la comercializaci\u00f3n de su leche, da gusto que lleven estos productos de calidad a las mesas de las familias\u201d, destac\u00f3 el senador.<\/p>\n<p>&nbsp;<\/p>\n<p>&nbsp;<\/p>\n<p>Julio C\u00e9sar Padilla Padilla, presidente de Cegalac, reconoci\u00f3 que esto no habr\u00eda sido posible sin los apoyos que la gobernadora les otorg\u00f3.<\/p>\n<p>&nbsp;<\/p>\n<p>&nbsp;<\/p>\n<p>\u201cEl gobierno estatal nos ha apoyado para hacer realidad esta empresa. \u201cMuuy Leche\u201d ya est\u00e1 en algunos puntos de venta y buscaremos crecer regionalmente y que la empresa se consolide a nivel nacional; el pr\u00f3ximo a\u00f1o arrancaremos con la producci\u00f3n de queso y despu\u00e9s buscaremos exportar\u201d, subray\u00f3 el presidente de Cegalac.<\/p>\n<p>&nbsp;<\/p>\n<p>&nbsp;<\/p>\n<p>Isidoro Armend\u00e1riz Garc\u00eda, secretario de Desarrollo Rural y Agroempresarial, inform\u00f3 que la gobernadora le ha apostado a un cambio notorio en el sector lechero, ya que el mercado del producto l\u00e1cteo es muy vulnerable; por ello, destac\u00f3 que esta nueva marca e infraestructura permitir\u00e1n que el trabajo de dicha industria se fortalezca y siga en crecimiento.<\/p>\n<p>&nbsp;<\/p>\n<p>&nbsp;<\/p>\n<p>Margarita Gallegos Soto, presidenta municipal de San Francisco de los Romo, se dijo complacida de que la empresa se ubique en la cabecera de su municipio.<\/p>\n<p>&nbsp;<\/p>\n<p>&nbsp;<\/p>\n<p>\u201cLa agroindustria permite que avancemos a diario, por eso es un orgullo caminar de la mano del Gobierno del Estado porque la gobernadora nos cobija para que los productores crezcan y generen mejores oportunidades en el sector primario\u201d, mencion\u00f3 la alcaldesa.<\/p>\n<p>&nbsp;<\/p>\n<p>&nbsp;<\/p>\n<p>En el evento que se llev\u00f3 a cabo en las instalaciones de Cegalac, ubicadas en el municipio de San Francisco de los Romo, tambi\u00e9n estuvieron presentes los diputados locales Heriberto Gallegos Serna, Jetsy S\u00e1nchez y Ad\u00e1n Valdivia; Jaime Gonz\u00e1lez Ulloa, presidente de la Asociaci\u00f3n de Productores de Leche; Carlos Guti\u00e9rrez de Luna, vicepresidente del Consejo Agroalimentario, y Ricardo \u00c1lvarez Jim\u00e9nez, miembro del Consejo de Cegalac.<\/p>\n","protected":false},"excerpt":{"rendered":"<p>#informativoelvalledeaguascalientes #novaradioaguascalientes #informativoelvalledeaguascalientesll &nbsp; &nbsp; &nbsp; &nbsp; Se cumple el compromiso de la gobernadora Tere Jim\u00e9nez de tener una marca de leche cien por ciento hidroc\u00e1lida &nbsp; Adem\u00e1s de leche pasteurizada, \u201cMuuuy Leche\u201d ofrece quesos, bebidas saborizadas y leche a granel &nbsp; En respuesta al compromiso de la gobernadora Tere Jim\u00e9nez, de contar con una [&hellip;]<\/p>\n","protected":false},"author":13383,"featured_media":64041,"comment_status":"closed","ping_status":"open","sticky":false,"template":"","format":"standard","meta":{"advanced_seo_description":"","jetpack_seo_html_title":"","jetpack_seo_noindex":false,"_jetpack_memberships_contains_paid_content":false,"footnotes":"","jetpack_publicize_message":"","jetpack_publicize_feature_enabled":true,"jetpack_social_post_already_shared":true,"jetpack_social_options":{"image_generator_settings":{"template":"highway","default_image_id":0,"font":"","enabled":false},"version":2}},"categories":[21,4],"tags":[22,615],"class_list":["post-64040","post","type-post","status-publish","format-standard","has-post-thumbnail","hentry","category-aguascalientes","category-gobierno-del-estado-aguascalientes","tag-aguascalientes","tag-gobierno-del-estado-de-aguascalientes"],"jetpack_publicize_connections":[],"jetpack_featured_media_url":"https:\/\/i0.wp.com\/informativoelvalledeaguascalientes.online\/wp-content\/uploads\/2024\/12\/3e855e_61257f08e13b4febb5decf24d65f6f57mv2.webp?fit=402%2C267&ssl=1","jetpack-related-posts":[],"jetpack_sharing_enabled":true,"jetpack_likes_enabled":true,"_links":{"self":[{"href":"https:\/\/informativoelvalledeaguascalientes.online\/index.php?rest_route=\/wp\/v2\/posts\/64040","targetHints":{"allow":["GET"]}}],"collection":[{"href":"https:\/\/informativoelvalledeaguascalientes.online\/index.php?rest_route=\/wp\/v2\/posts"}],"about":[{"href":"https:\/\/informativoelvalledeaguascalientes.online\/index.php?rest_route=\/wp\/v2\/types\/post"}],"author":[{"embeddable":true,"href":"https:\/\/informativoelvalledeaguascalientes.online\/index.php?rest_route=\/wp\/v2\/users\/13383"}],"replies":[{"embeddable":true,"href":"https:\/\/informativoelvalledeaguascalientes.online\/index.php?rest_route=%2Fwp%2Fv2%2Fcomments&post=64040"}],"version-history":[{"count":1,"href":"https:\/\/informativoelvalledeaguascalientes.online\/index.php?rest_route=\/wp\/v2\/posts\/64040\/revisions"}],"predecessor-version":[{"id":64042,"href":"https:\/\/informativoelvalledeaguascalientes.online\/index.php?rest_route=\/wp\/v2\/posts\/64040\/revisions\/64042"}],"wp:featuredmedia":[{"embeddable":true,"href":"https:\/\/informativoelvalledeaguascalientes.online\/index.php?rest_route=\/wp\/v2\/media\/64041"}],"wp:attachment":[{"href":"https:\/\/informativoelvalledeaguascalientes.online\/index.php?rest_route=%2Fwp%2Fv2%2Fmedia&parent=64040"}],"wp:term":[{"taxonomy":"category","embeddable":true,"href":"https:\/\/informativoelvalledeaguascalientes.online\/index.php?rest_route=%2Fwp%2Fv2%2Fcategories&post=64040"},{"taxonomy":"post_tag","embeddable":true,"href":"https:\/\/informativoelvalledeaguascalientes.online\/index.php?rest_route=%2Fwp%2Fv2%2Ftags&post=64040"}],"curies":[{"name":"wp","href":"https:\/\/api.w.org\/{rel}","templated":true}]}}