{"id":64037,"date":"2024-12-21T11:42:29","date_gmt":"2024-12-21T17:42:29","guid":{"rendered":"https:\/\/informativoelvalledeaguascalientes.online\/?p=64037"},"modified":"2024-12-22T22:44:21","modified_gmt":"2024-12-23T04:44:21","slug":"con-exito-y-espiritu-navideno-se-llevaron-a-cabo-las-posadas-en-jesus-maria","status":"publish","type":"post","link":"https:\/\/informativoelvalledeaguascalientes.online\/?p=64037","title":{"rendered":"CON \u00c9XITO Y ESP\u00cdRITU NAVIDE\u00d1O SE LLEVARON A CABO LAS POSADAS EN JES\u00daS MAR\u00cdA\u00a0"},"content":{"rendered":"<p>#informativoelvalledeaguascalientes #novaradioaguascalientes #informativoelvalledeaguascalientesll<\/p>\n<p>&nbsp;<\/p>\n<p>&nbsp;<\/p>\n<p>\u25aa\ufe0fSon parte de las actividades de la Navidad M\u00e1gica que se vive en el municipio<\/p>\n<p>&nbsp;<\/p>\n<p>&nbsp;<\/p>\n<p>Con gran alegr\u00eda y esp\u00edritu navide\u00f1o, se llevaron a cabo las tradicionales posadas en cada delegaci\u00f3n de Jes\u00fas Mar\u00eda, as\u00ed como en la cabecera municipal, actividad que encabeza el DIF Municipal y que logr\u00f3 reunir a cientos de familias en un ambiente lleno de uni\u00f3n, festividad y solidaridad.<\/p>\n<p>&nbsp;<\/p>\n<p>El presidente municipal de Jes\u00fas Mar\u00eda, C\u00e9sar Medina y su esposa, la presidenta del Sistema DIF Municipal, Silvia de la Cruz, mencionaron que objetivo principal de estas actividades es fortalecer la uni\u00f3n entre vecinos, promover las tradiciones y generar un espacio de convivencia en paz y armon\u00eda.<\/p>\n<p>&nbsp;<\/p>\n<p>&#8220;Hemos recorrido todas las delegaciones y hoy estamos cerrando en la cabecera municipal, que gusto ver a tantas familias reunidas, sobretodo tantos menores, las y los ni\u00f1os de Jes\u00fas Mar\u00eda se merecen lo mejor y estamos trabajando para mejorar la calidad de vida y atender las necesidades de cada uno de los habitantes del municipio&#8221; dijo Medina Cervantes.<\/p>\n<p>&nbsp;<\/p>\n<p>En medio de regalos y luego de la presentaci\u00f3n del coro infantil de la Casa de M\u00fasica, el alcalde reconoci\u00f3 el entusiasmo y la participaci\u00f3n de la ciudadan\u00eda a quien invit\u00f3 a continuar fomentando las tradiciones y la armon\u00eda entre las nuevas generaciones.<\/p>\n","protected":false},"excerpt":{"rendered":"<p>#informativoelvalledeaguascalientes #novaradioaguascalientes #informativoelvalledeaguascalientesll &nbsp; &nbsp; \u25aa\ufe0fSon parte de las actividades de la Navidad M\u00e1gica que se vive en el municipio &nbsp; &nbsp; Con gran alegr\u00eda y esp\u00edritu navide\u00f1o, se llevaron a cabo las tradicionales posadas en cada delegaci\u00f3n de Jes\u00fas Mar\u00eda, as\u00ed como en la cabecera municipal, actividad que encabeza el DIF Municipal y que [&hellip;]<\/p>\n","protected":false},"author":13383,"featured_media":64038,"comment_status":"closed","ping_status":"open","sticky":false,"template":"","format":"standard","meta":{"advanced_seo_description":"","jetpack_seo_html_title":"","jetpack_seo_noindex":false,"_jetpack_memberships_contains_paid_content":false,"footnotes":"","jetpack_publicize_message":"","jetpack_publicize_feature_enabled":true,"jetpack_social_post_already_shared":true,"jetpack_social_options":{"image_generator_settings":{"template":"highway","default_image_id":0,"font":"","enabled":false},"version":2}},"categories":[21,14],"tags":[22,45],"class_list":["post-64037","post","type-post","status-publish","format-standard","has-post-thumbnail","hentry","category-aguascalientes","category-jesus-maria-aguascalientes","tag-aguascalientes","tag-jesus-maria-aguascalientes"],"jetpack_publicize_connections":[],"jetpack_featured_media_url":"https:\/\/i0.wp.com\/informativoelvalledeaguascalientes.online\/wp-content\/uploads\/2024\/12\/IMG-20241221-WA0066.jpg?fit=2560%2C1706&ssl=1","jetpack-related-posts":[],"jetpack_sharing_enabled":true,"jetpack_likes_enabled":true,"_links":{"self":[{"href":"https:\/\/informativoelvalledeaguascalientes.online\/index.php?rest_route=\/wp\/v2\/posts\/64037","targetHints":{"allow":["GET"]}}],"collection":[{"href":"https:\/\/informativoelvalledeaguascalientes.online\/index.php?rest_route=\/wp\/v2\/posts"}],"about":[{"href":"https:\/\/informativoelvalledeaguascalientes.online\/index.php?rest_route=\/wp\/v2\/types\/post"}],"author":[{"embeddable":true,"href":"https:\/\/informativoelvalledeaguascalientes.online\/index.php?rest_route=\/wp\/v2\/users\/13383"}],"replies":[{"embeddable":true,"href":"https:\/\/informativoelvalledeaguascalientes.online\/index.php?rest_route=%2Fwp%2Fv2%2Fcomments&post=64037"}],"version-history":[{"count":1,"href":"https:\/\/informativoelvalledeaguascalientes.online\/index.php?rest_route=\/wp\/v2\/posts\/64037\/revisions"}],"predecessor-version":[{"id":64039,"href":"https:\/\/informativoelvalledeaguascalientes.online\/index.php?rest_route=\/wp\/v2\/posts\/64037\/revisions\/64039"}],"wp:featuredmedia":[{"embeddable":true,"href":"https:\/\/informativoelvalledeaguascalientes.online\/index.php?rest_route=\/wp\/v2\/media\/64038"}],"wp:attachment":[{"href":"https:\/\/informativoelvalledeaguascalientes.online\/index.php?rest_route=%2Fwp%2Fv2%2Fmedia&parent=64037"}],"wp:term":[{"taxonomy":"category","embeddable":true,"href":"https:\/\/informativoelvalledeaguascalientes.online\/index.php?rest_route=%2Fwp%2Fv2%2Fcategories&post=64037"},{"taxonomy":"post_tag","embeddable":true,"href":"https:\/\/informativoelvalledeaguascalientes.online\/index.php?rest_route=%2Fwp%2Fv2%2Ftags&post=64037"}],"curies":[{"name":"wp","href":"https:\/\/api.w.org\/{rel}","templated":true}]}}