{"id":64034,"date":"2024-12-22T13:40:14","date_gmt":"2024-12-22T19:40:14","guid":{"rendered":"https:\/\/informativoelvalledeaguascalientes.online\/?p=64034"},"modified":"2024-12-22T22:42:23","modified_gmt":"2024-12-23T04:42:23","slug":"inaugura-cesar-medina-la-primera-etapa-del-parque-de-la-rinconada-en-jesus-maria","status":"publish","type":"post","link":"https:\/\/informativoelvalledeaguascalientes.online\/?p=64034","title":{"rendered":"INAUGURA C\u00c9SAR MEDINA LA PRIMERA ETAPA DEL PARQUE DE LA RINCONADA EN JES\u00daS MAR\u00cdA"},"content":{"rendered":"<p>#informativoelvalledeaguascalientes #novaradioaguascalientes #informativoelvalledeaguascalientesll<\/p>\n<p>&nbsp;<\/p>\n<p>&nbsp;<\/p>\n<p>\u2022 Un paso m\u00e1s en la estrategia de la administraci\u00f3n municipal para recuperar espacios p\u00fablicos y fortalecer el tejido social.<\/p>\n<p>&nbsp;<\/p>\n<p>Con el objetivo de transformar espacios p\u00fablicos y fortalecer el tejido social, el presidente Municipal de Jes\u00fas Mar\u00eda, C\u00e9sar Medina, entreg\u00f3 la primera etapa del Parque La Rinconada, un proyecto que mejora el entorno urbano y brinda un espacio seguro para la convivencia y el sano desarrollo de las familias jesusmarienses.<\/p>\n<p>&nbsp;<\/p>\n<p>El presidente municipal indic\u00f3 que m\u00e1s que infraestructura, esta obra representa un punto de encuentro que fortalece la convivencia comunitaria y promueve un estilo de vida saludable \u201ceste espacio anteriormente estaba abandonado, ahora se ha convertido en un sitio renovado, esta cancha de f\u00fatbol r\u00e1pido, es de las mejores del municipio, cuenta con pasto sint\u00e9tico y gradas, los invit\u00f3 a cuidarlo\u201d dijo Medina Cervantes.<\/p>\n<p>&nbsp;<\/p>\n<p>En su intervenci\u00f3n, el Secretario de Obras P\u00fablicas, Carlos Humberto Rodr\u00edguez Collazo, indic\u00f3 que esta obra se realiz\u00f3 con una inversi\u00f3n de 1 mill\u00f3n 850 mil pesos y queda a\u00fan espacio de reserva para construir una segunda etapa, reiter\u00f3 que este proyecto forma parte de los esfuerzos de la administraci\u00f3n encabezada por C\u00e9sar Medina para ofrecer lugares seguros y funcionales a las familias de Jes\u00fas Mar\u00eda.<\/p>\n<p>&nbsp;<\/p>\n<p>Tras el corte de list\u00f3n en el que estuvieron presentes, el Secretario de deportes de Jes\u00fas Mar\u00eda, la Secretaria de Desarrollo Social, la S\u00edndica Municipal, la titular de la Instancia de la Salud, as\u00ed como representantes de la Secretar\u00eda de Desarrollo Econ\u00f3mico, Servicios P\u00fablicos y de Seguridad P\u00fablica, se llev\u00f3 a cabo el partido inaugural.<\/p>\n","protected":false},"excerpt":{"rendered":"<p>#informativoelvalledeaguascalientes #novaradioaguascalientes #informativoelvalledeaguascalientesll &nbsp; &nbsp; \u2022 Un paso m\u00e1s en la estrategia de la administraci\u00f3n municipal para recuperar espacios p\u00fablicos y fortalecer el tejido social. &nbsp; Con el objetivo de transformar espacios p\u00fablicos y fortalecer el tejido social, el presidente Municipal de Jes\u00fas Mar\u00eda, C\u00e9sar Medina, entreg\u00f3 la primera etapa del Parque La Rinconada, un [&hellip;]<\/p>\n","protected":false},"author":13383,"featured_media":64035,"comment_status":"closed","ping_status":"open","sticky":false,"template":"","format":"standard","meta":{"advanced_seo_description":"","jetpack_seo_html_title":"","jetpack_seo_noindex":false,"_jetpack_memberships_contains_paid_content":false,"footnotes":"","jetpack_publicize_message":"","jetpack_publicize_feature_enabled":true,"jetpack_social_post_already_shared":true,"jetpack_social_options":{"image_generator_settings":{"template":"highway","default_image_id":0,"font":"","enabled":false},"version":2}},"categories":[21,14],"tags":[22,45],"class_list":["post-64034","post","type-post","status-publish","format-standard","has-post-thumbnail","hentry","category-aguascalientes","category-jesus-maria-aguascalientes","tag-aguascalientes","tag-jesus-maria-aguascalientes"],"jetpack_publicize_connections":[],"jetpack_featured_media_url":"https:\/\/i0.wp.com\/informativoelvalledeaguascalientes.online\/wp-content\/uploads\/2024\/12\/IMG-20241222-WA0058.jpg?fit=1280%2C1600&ssl=1","jetpack-related-posts":[],"jetpack_sharing_enabled":true,"jetpack_likes_enabled":true,"_links":{"self":[{"href":"https:\/\/informativoelvalledeaguascalientes.online\/index.php?rest_route=\/wp\/v2\/posts\/64034","targetHints":{"allow":["GET"]}}],"collection":[{"href":"https:\/\/informativoelvalledeaguascalientes.online\/index.php?rest_route=\/wp\/v2\/posts"}],"about":[{"href":"https:\/\/informativoelvalledeaguascalientes.online\/index.php?rest_route=\/wp\/v2\/types\/post"}],"author":[{"embeddable":true,"href":"https:\/\/informativoelvalledeaguascalientes.online\/index.php?rest_route=\/wp\/v2\/users\/13383"}],"replies":[{"embeddable":true,"href":"https:\/\/informativoelvalledeaguascalientes.online\/index.php?rest_route=%2Fwp%2Fv2%2Fcomments&post=64034"}],"version-history":[{"count":1,"href":"https:\/\/informativoelvalledeaguascalientes.online\/index.php?rest_route=\/wp\/v2\/posts\/64034\/revisions"}],"predecessor-version":[{"id":64036,"href":"https:\/\/informativoelvalledeaguascalientes.online\/index.php?rest_route=\/wp\/v2\/posts\/64034\/revisions\/64036"}],"wp:featuredmedia":[{"embeddable":true,"href":"https:\/\/informativoelvalledeaguascalientes.online\/index.php?rest_route=\/wp\/v2\/media\/64035"}],"wp:attachment":[{"href":"https:\/\/informativoelvalledeaguascalientes.online\/index.php?rest_route=%2Fwp%2Fv2%2Fmedia&parent=64034"}],"wp:term":[{"taxonomy":"category","embeddable":true,"href":"https:\/\/informativoelvalledeaguascalientes.online\/index.php?rest_route=%2Fwp%2Fv2%2Fcategories&post=64034"},{"taxonomy":"post_tag","embeddable":true,"href":"https:\/\/informativoelvalledeaguascalientes.online\/index.php?rest_route=%2Fwp%2Fv2%2Ftags&post=64034"}],"curies":[{"name":"wp","href":"https:\/\/api.w.org\/{rel}","templated":true}]}}