{"id":64031,"date":"2024-12-21T15:37:24","date_gmt":"2024-12-21T21:37:24","guid":{"rendered":"https:\/\/informativoelvalledeaguascalientes.online\/?p=64031"},"modified":"2024-12-22T22:40:08","modified_gmt":"2024-12-23T04:40:08","slug":"17-medallas-para-aguascalientes-en-competencia-nacional-de-patinaje","status":"publish","type":"post","link":"https:\/\/informativoelvalledeaguascalientes.online\/?p=64031","title":{"rendered":"17 MEDALLAS PARA AGUASCALIENTES EN COMPETENCIA NACIONAL DE PATINAJE"},"content":{"rendered":"<p>#informativoelvalledeaguascalientes #novaradioaguascalientes #informativoelvalledeaguascalientesll<\/p>\n<p>&nbsp;<\/p>\n<p>&nbsp;<\/p>\n<p>&nbsp;<\/p>\n<p>El Gobierno del Estado felicita al equipo de patinaje de velocidad de Aguascalientes por su brillante participaci\u00f3n en la Copa Femepar 2024, al obtener 17 medallas.<\/p>\n<p>&nbsp;<\/p>\n<p>&nbsp;<\/p>\n<p>Este importante encuentro nacional que se celebr\u00f3 en Cuautlancingo, Puebla, fungi\u00f3 como selectivo Sub-23 para los Juegos Panamericanos de Asunci\u00f3n 2025, en el que cuatro atletas aguascalentenses compitieron por un lugar en la selecci\u00f3n nacional.<\/p>\n<p>&nbsp;<\/p>\n<p>&nbsp;<\/p>\n<p>En total, el equipo integrado por 14 deportistas obtuvo 17 preseas: seis de oro, siete de plata y cuatro de bronce, adem\u00e1s de destacados resultados individuales que reflejan el esfuerzo y preparaci\u00f3n de cada deportista.<\/p>\n<p>&nbsp;<\/p>\n<p>&nbsp;<\/p>\n<p>Carlos Monsiv\u00e1is se llev\u00f3 tres medallas de oro en los 200 metros meta contra meta, 500 metros m\u00e1s distancia y vuelta al circuito; plata en los 100 metros carriles, y bronce en los 1000 metros sprint, en la categor\u00eda Mayor Varonil.<\/p>\n<p>&nbsp;<\/p>\n<p>&nbsp;<\/p>\n<p>Brianda Carmona, en la categor\u00eda Mayor Femenil, particip\u00f3 tambi\u00e9n en Sub-23, obteniendo el primer lugar en los 10 km eliminaci\u00f3n y el segundo en los 5 km puntos. Por su parte, Mariana Lizeth Llamas, quien debut\u00f3 en la categor\u00eda Junior, logr\u00f3 oro en los 500 metros m\u00e1s distancia y un quinto lugar en la vuelta al circuito, mientras que en Sub-23 qued\u00f3 en el 12.\u00ba lugar en los 200 metros MCM y 16.\u00ba en los 1000 metros sprint.<\/p>\n<p>&nbsp;<\/p>\n<p>&nbsp;<\/p>\n<p>Josu\u00e9 Serna Vargas, al subir a la categor\u00eda Junior, alcanz\u00f3 el 13.\u00ba lugar en los 10 km eliminaci\u00f3n y el 5.\u00ba en los 5 km puntos, ambas pruebas en Sub-23. Patricio de Luna Marroqu\u00edn, de 15 a\u00f1os, logr\u00f3 medalla de plata en los 200 metros MCM, 500 metros m\u00e1s distancia y 4.\u00ba lugar en los 1000 metros sprint, adem\u00e1s de obtener oro en la vuelta al circuito y plata en los 100 metros carriles en la categor\u00eda Juvenil Mayor.<\/p>\n<p>&nbsp;<\/p>\n<p>&nbsp;<\/p>\n<p>En la categor\u00eda Juvenil Mayor, Ana Paloma Baz\u00e1\u00f1ez Cervantes mejor\u00f3 su posici\u00f3n en las pruebas de puntos y eliminaci\u00f3n en pista, logrando un 8.\u00ba y 15.\u00ba lugar respectivamente. Carlos Daniel Mireles obtuvo una medalla de plata en los 200 metros MCM y de bronce en los 500 metros m\u00e1s distancia, adem\u00e1s de un 4.\u00ba lugar en los 100 metros carriles.<\/p>\n<p>&nbsp;<\/p>\n<p>&nbsp;<\/p>\n<p>Mat\u00edas Emiliano Cornejo Estrada destac\u00f3 en la Juvenil Menor con plata en los 200 metros MCM, dos bronces en los 500 metros m\u00e1s distancia y los 8 km eliminaci\u00f3n, adem\u00e1s de 4.\u00ba lugar en los 100 metros carriles y 3 km puntos. Jos\u00e9 Luis Torres Ortiz alcanz\u00f3 el 12.\u00ba lugar en los 200 metros MCM y en los 8 km eliminaci\u00f3n, mientras que Julia Yanet Serna Vargas, en su debut en la categor\u00eda Juvenil Menor, obtuvo el 10.\u00ba lugar en los 8 km eliminaci\u00f3n en una competencia con m\u00e1s de 50 participantes.<\/p>\n<p>&nbsp;<\/p>\n<p>&nbsp;<\/p>\n<p>Santiago Becerra Mart\u00ednez, tambi\u00e9n en Juvenil Menor, alcanz\u00f3 el 7.\u00ba lugar en los 8 km eliminaci\u00f3n, el 11.\u00ba en los 6 km puntos ruta y el 12.\u00ba en los 300 metros m\u00e1s distancia. Maximiliano Acevedo Mu\u00f1oz debut\u00f3 en la categor\u00eda Infantil Varonil, logrando el 8.\u00ba lugar en los 4 km eliminaci\u00f3n y el 11.\u00ba en los 1.6 km puntos ruta.<\/p>\n<p>&nbsp;<\/p>\n<p>&nbsp;<\/p>\n<p>Finalmente, Diana Quetzaly Cornejo Estrada, en la categor\u00eda Mini Femenil, obtuvo el 6.\u00ba lugar en los 200 metros sprint y 800 metros en pista, el 7.\u00ba en los 50 metros MCM y el 8.\u00ba en los 100 metros m\u00e1s distancia.<\/p>\n","protected":false},"excerpt":{"rendered":"<p>#informativoelvalledeaguascalientes #novaradioaguascalientes #informativoelvalledeaguascalientesll &nbsp; &nbsp; &nbsp; El Gobierno del Estado felicita al equipo de patinaje de velocidad de Aguascalientes por su brillante participaci\u00f3n en la Copa Femepar 2024, al obtener 17 medallas. &nbsp; &nbsp; Este importante encuentro nacional que se celebr\u00f3 en Cuautlancingo, Puebla, fungi\u00f3 como selectivo Sub-23 para los Juegos Panamericanos de Asunci\u00f3n 2025, [&hellip;]<\/p>\n","protected":false},"author":13383,"featured_media":64032,"comment_status":"closed","ping_status":"open","sticky":false,"template":"","format":"standard","meta":{"advanced_seo_description":"","jetpack_seo_html_title":"","jetpack_seo_noindex":false,"_jetpack_memberships_contains_paid_content":false,"footnotes":"","jetpack_publicize_message":"","jetpack_publicize_feature_enabled":true,"jetpack_social_post_already_shared":true,"jetpack_social_options":{"image_generator_settings":{"template":"highway","default_image_id":0,"font":"","enabled":false},"version":2}},"categories":[21,4],"tags":[22,615,113],"class_list":["post-64031","post","type-post","status-publish","format-standard","has-post-thumbnail","hentry","category-aguascalientes","category-gobierno-del-estado-aguascalientes","tag-aguascalientes","tag-gobierno-del-estado-de-aguascalientes","tag-idea"],"jetpack_publicize_connections":[],"jetpack_featured_media_url":"https:\/\/i0.wp.com\/informativoelvalledeaguascalientes.online\/wp-content\/uploads\/2024\/12\/3e855e_e9092a5da1d24520bbc394572dbbf0a6mv2.webp?fit=655%2C493&ssl=1","jetpack-related-posts":[],"jetpack_sharing_enabled":true,"jetpack_likes_enabled":true,"_links":{"self":[{"href":"https:\/\/informativoelvalledeaguascalientes.online\/index.php?rest_route=\/wp\/v2\/posts\/64031","targetHints":{"allow":["GET"]}}],"collection":[{"href":"https:\/\/informativoelvalledeaguascalientes.online\/index.php?rest_route=\/wp\/v2\/posts"}],"about":[{"href":"https:\/\/informativoelvalledeaguascalientes.online\/index.php?rest_route=\/wp\/v2\/types\/post"}],"author":[{"embeddable":true,"href":"https:\/\/informativoelvalledeaguascalientes.online\/index.php?rest_route=\/wp\/v2\/users\/13383"}],"replies":[{"embeddable":true,"href":"https:\/\/informativoelvalledeaguascalientes.online\/index.php?rest_route=%2Fwp%2Fv2%2Fcomments&post=64031"}],"version-history":[{"count":1,"href":"https:\/\/informativoelvalledeaguascalientes.online\/index.php?rest_route=\/wp\/v2\/posts\/64031\/revisions"}],"predecessor-version":[{"id":64033,"href":"https:\/\/informativoelvalledeaguascalientes.online\/index.php?rest_route=\/wp\/v2\/posts\/64031\/revisions\/64033"}],"wp:featuredmedia":[{"embeddable":true,"href":"https:\/\/informativoelvalledeaguascalientes.online\/index.php?rest_route=\/wp\/v2\/media\/64032"}],"wp:attachment":[{"href":"https:\/\/informativoelvalledeaguascalientes.online\/index.php?rest_route=%2Fwp%2Fv2%2Fmedia&parent=64031"}],"wp:term":[{"taxonomy":"category","embeddable":true,"href":"https:\/\/informativoelvalledeaguascalientes.online\/index.php?rest_route=%2Fwp%2Fv2%2Fcategories&post=64031"},{"taxonomy":"post_tag","embeddable":true,"href":"https:\/\/informativoelvalledeaguascalientes.online\/index.php?rest_route=%2Fwp%2Fv2%2Ftags&post=64031"}],"curies":[{"name":"wp","href":"https:\/\/api.w.org\/{rel}","templated":true}]}}