{"id":64009,"date":"2024-12-20T17:05:28","date_gmt":"2024-12-20T23:05:28","guid":{"rendered":"https:\/\/informativoelvalledeaguascalientes.online\/?p=64009"},"modified":"2024-12-20T17:05:28","modified_gmt":"2024-12-20T23:05:28","slug":"reconoce-cesar-medina-la-labor-y-compromiso-de-los-policias-municipales","status":"publish","type":"post","link":"https:\/\/informativoelvalledeaguascalientes.online\/?p=64009","title":{"rendered":"RECONOCE C\u00c9SAR MEDINA LA LABOR Y COMPROMISO DE LOS POLIC\u00cdAS MUNICIPALES"},"content":{"rendered":"<p>#informativoelvalledeaguascalientes<\/p>\n<p>#novaradioaguascalientes<\/p>\n<p>#informativoelvalledeaguascalientesll<\/p>\n<p>#Aguascalientes<\/p>\n<p>&nbsp;<\/p>\n<p>&nbsp;<\/p>\n<p>El alcalde entreg\u00f3 reconocimientos a polic\u00edas por su trayectoria y a\u00f1os de servicio<\/p>\n<p>\u25aa\ufe0fLos invit\u00f3 a continuar trabajando con entrega por la seguridad de las familias Jesusmarienses<\/p>\n<p>En el marco del d\u00eda del polic\u00eda, el Gobierno Municipal de Jes\u00fas Mar\u00eda que encabeza el presidente municipal, C\u00e9sar Medina Cervantes reconoce la invaluable labor y compromiso de los elementos de la Polic\u00eda Municipal, quienes diariamente trabajan para salvaguardar la seguridad y tranquilidad de las familias de Jes\u00fas Mar\u00eda.<\/p>\n<p>Durante el evento de celebraci\u00f3n, Medina Cervantes expres\u00f3 su agradecimiento a las y los polic\u00edas por su dedicaci\u00f3n y valent\u00eda, resaltando la entrega con la que desempe\u00f1an sus funciones al poner en riesgo su propia vida por el bienestar de los dem\u00e1s. \u201cConfiamos en ustedes, son la primera l\u00ednea de defensa para nuestras familias, cuenten con el gobierno municipal, juntos continuaremos trabajando por un mejor Jes\u00fas Mar\u00eda&#8221;, indic\u00f3 el alcalde quien los invit\u00f3 a seguir trabajando con esa pasi\u00f3n y compromiso que los caracteriza, siempre en beneficio de la poblaci\u00f3n.<\/p>\n<p>En su intervenci\u00f3n, el secretario de Seguridad P\u00fablica y Vialidad de Jes\u00fas Mar\u00eda, Crisp\u00edn Jes\u00fas Orozco, mencion\u00f3 que portar el uniforme policial es motivo de orgullo y satisfacci\u00f3n e implica una gran responsabilidad con la ciudadan\u00eda; &#8220;Cada acci\u00f3n cuenta en la construcci\u00f3n de una ciudad m\u00e1s segura y justa, si\u00e9ntanse importantes y respaldados, juntos somos un equipo s\u00f3lido y comprometido&#8221;, dijo.<\/p>\n<p>El presidente municipal entreg\u00f3 reconocimientos a polic\u00edas con cinco, diez, quince y veinte a\u00f1os de servicio, asimismo, hizo una menci\u00f3n especial a Alejandro \u00c1vila Montalvo y Amparo Lara Zapata quienes cumplieron 25 a\u00f1os de servicio en la carrera policial.<\/p>\n<p>En el evento estuvieron presentes la s\u00edndica municipal, Beatriz L\u00f3pez; la secretaria del H. Ayuntamiento, Lupita de Lira, el regidor Walter Schadtler Contreras y el director operativo de la Secretar\u00eda de Seguridad P\u00fablica y Vialidad de Jes\u00fas Mar\u00eda, Ignacio Salas.<\/p>\n","protected":false},"excerpt":{"rendered":"<p>#informativoelvalledeaguascalientes #novaradioaguascalientes #informativoelvalledeaguascalientesll #Aguascalientes &nbsp; &nbsp; El alcalde entreg\u00f3 reconocimientos a polic\u00edas por su trayectoria y a\u00f1os de servicio \u25aa\ufe0fLos invit\u00f3 a continuar trabajando con entrega por la seguridad de las familias Jesusmarienses En el marco del d\u00eda del polic\u00eda, el Gobierno Municipal de Jes\u00fas Mar\u00eda que encabeza el presidente municipal, C\u00e9sar Medina Cervantes reconoce [&hellip;]<\/p>\n","protected":false},"author":13383,"featured_media":64010,"comment_status":"closed","ping_status":"open","sticky":false,"template":"","format":"standard","meta":{"advanced_seo_description":"","jetpack_seo_html_title":"","jetpack_seo_noindex":false,"_jetpack_memberships_contains_paid_content":false,"footnotes":"","jetpack_publicize_message":"","jetpack_publicize_feature_enabled":true,"jetpack_social_post_already_shared":true,"jetpack_social_options":{"image_generator_settings":{"template":"highway","default_image_id":0,"font":"","enabled":false},"version":2}},"categories":[21,14],"tags":[22,45],"class_list":["post-64009","post","type-post","status-publish","format-standard","has-post-thumbnail","hentry","category-aguascalientes","category-jesus-maria-aguascalientes","tag-aguascalientes","tag-jesus-maria-aguascalientes"],"jetpack_publicize_connections":[],"jetpack_featured_media_url":"https:\/\/i0.wp.com\/informativoelvalledeaguascalientes.online\/wp-content\/uploads\/2024\/12\/WhatsApp-Image-2024-12-20-at-4.16.50-PM.jpeg?fit=1600%2C982&ssl=1","jetpack-related-posts":[],"jetpack_sharing_enabled":true,"jetpack_likes_enabled":true,"_links":{"self":[{"href":"https:\/\/informativoelvalledeaguascalientes.online\/index.php?rest_route=\/wp\/v2\/posts\/64009","targetHints":{"allow":["GET"]}}],"collection":[{"href":"https:\/\/informativoelvalledeaguascalientes.online\/index.php?rest_route=\/wp\/v2\/posts"}],"about":[{"href":"https:\/\/informativoelvalledeaguascalientes.online\/index.php?rest_route=\/wp\/v2\/types\/post"}],"author":[{"embeddable":true,"href":"https:\/\/informativoelvalledeaguascalientes.online\/index.php?rest_route=\/wp\/v2\/users\/13383"}],"replies":[{"embeddable":true,"href":"https:\/\/informativoelvalledeaguascalientes.online\/index.php?rest_route=%2Fwp%2Fv2%2Fcomments&post=64009"}],"version-history":[{"count":1,"href":"https:\/\/informativoelvalledeaguascalientes.online\/index.php?rest_route=\/wp\/v2\/posts\/64009\/revisions"}],"predecessor-version":[{"id":64011,"href":"https:\/\/informativoelvalledeaguascalientes.online\/index.php?rest_route=\/wp\/v2\/posts\/64009\/revisions\/64011"}],"wp:featuredmedia":[{"embeddable":true,"href":"https:\/\/informativoelvalledeaguascalientes.online\/index.php?rest_route=\/wp\/v2\/media\/64010"}],"wp:attachment":[{"href":"https:\/\/informativoelvalledeaguascalientes.online\/index.php?rest_route=%2Fwp%2Fv2%2Fmedia&parent=64009"}],"wp:term":[{"taxonomy":"category","embeddable":true,"href":"https:\/\/informativoelvalledeaguascalientes.online\/index.php?rest_route=%2Fwp%2Fv2%2Fcategories&post=64009"},{"taxonomy":"post_tag","embeddable":true,"href":"https:\/\/informativoelvalledeaguascalientes.online\/index.php?rest_route=%2Fwp%2Fv2%2Ftags&post=64009"}],"curies":[{"name":"wp","href":"https:\/\/api.w.org\/{rel}","templated":true}]}}