{"id":63911,"date":"2024-12-16T10:39:25","date_gmt":"2024-12-16T16:39:25","guid":{"rendered":"https:\/\/informativoelvalledeaguascalientes.online\/?p=63911"},"modified":"2024-12-18T16:42:02","modified_gmt":"2024-12-18T22:42:02","slug":"aguascalientes-contara-con-dos-nuevos-hospitales-uno-en-pabellon-de-arteaga-y-otro-al-oriente-de-la-capital","status":"publish","type":"post","link":"https:\/\/informativoelvalledeaguascalientes.online\/?p=63911","title":{"rendered":"AGUASCALIENTES CONTAR\u00c1 CON DOS NUEVOS HOSPITALES; UNO EN PABELL\u00d3N DE ARTEAGA Y OTRO AL ORIENTE DE LA CAPITAL"},"content":{"rendered":"<p>#informativoelvalledeaguascalientes<\/p>\n<p>#novaradioaguascalientes<\/p>\n<p>#informativoelvalledeaguascalientesll<\/p>\n<p>#Aguascalientes<\/p>\n<p>&nbsp;<\/p>\n<p>&nbsp;<\/p>\n<div id=\"bgLayers_comp-l7sh9ubr2\" class=\"MW5IWV\" data-hook=\"bgLayers\" data-motion-part=\"BG_LAYER comp-l7sh9ubr2\">\n<div id=\"bgMedia_comp-l7sh9ubr2\" class=\"VgO9Yg\" data-motion-part=\"BG_MEDIA comp-l7sh9ubr2\"><\/div>\n<\/div>\n<div class=\"\" data-mesh-id=\"comp-l7sh9ubr2inlineContent\" data-testid=\"inline-content\">\n<div data-mesh-id=\"comp-l7sh9ubr2inlineContent-gridContainer\" data-testid=\"mesh-container-content\">\n<div id=\"comp-l7sh9ubx\" class=\"TWFxr5 \">\n<div class=\"comp-l7sh9ubx\">\n<div class=\"sGWYken comp-l7sh9ubx\" data-hook=\"ricosviewer-wrapper\">\n<div class=\"nIlW2\" dir=\"ltr\" data-id=\"content-viewer\">\n<div class=\"C0hbR\">\n<div class=\"av0i6\">\n<p id=\"viewer-foo\" class=\"o0STb GF80u _6Vwzd HjRUP\" dir=\"auto\"><span class=\"B-fpk _6Vwzd\">La gobernadora de Aguascalientes, Tere Jim\u00e9nez, asisti\u00f3 a la 115 Asamblea General Ordinaria del Instituto Mexicano del Seguro Social (IMSS) en la Ciudad de M\u00e9xico, donde se anunci\u00f3 la creaci\u00f3n de dos nuevos hospitales para el estado de Aguascalientes, gracias a la buena relaci\u00f3n que se tiene con las autoridades federales.<\/span><\/p>\n<div id=\"viewer-d0035154\" class=\"o0STb GF80u _6Vwzd HjRUP\" dir=\"auto\"><span class=\"B-fpk _6Vwzd\">\u00a0<\/span><\/div>\n<p id=\"viewer-blip3155\" class=\"o0STb GF80u _6Vwzd HjRUP\" dir=\"auto\"><span class=\"B-fpk _6Vwzd\">Uno de los proyectos consiste en la conclusi\u00f3n del Hospital de Pabell\u00f3n de Arteaga, que dar\u00e1 atenci\u00f3n a 113 mil usuarios, con lo que se ampliar\u00e1 la cobertura de atenci\u00f3n especializada para los habitantes de los municipios de la zona norte del estado; el otro se construir\u00e1 al oriente de la capital con m\u00e1s de 260 camas, cifra mayor a la que cuenta el Hospital Miguel Hidalgo.<\/span><\/p>\n<div id=\"viewer-hdlgw162\" class=\"o0STb GF80u _6Vwzd HjRUP\" dir=\"auto\"><span class=\"B-fpk _6Vwzd\">\u00a0<\/span><\/div>\n<p id=\"viewer-gzyq0163\" class=\"o0STb GF80u _6Vwzd HjRUP\" dir=\"auto\"><span class=\"B-fpk _6Vwzd\">Tere Jim\u00e9nez reconoci\u00f3 la disposici\u00f3n de las autoridades federales para impulsar el desarrollo de estos importantes proyectos en la entidad; asimismo reconoci\u00f3 el apoyo de Zo\u00e9 Robledo, director general del IMSS, para fortalecer la atenci\u00f3n m\u00e9dica y los servicios de salud en Aguascalientes.\u00a0<\/span><\/p>\n<div id=\"viewer-y7tpt165\" class=\"o0STb GF80u _6Vwzd HjRUP\" dir=\"auto\"><span class=\"B-fpk _6Vwzd\">\u00a0<\/span><\/div>\n<p id=\"viewer-9mn9c166\" class=\"o0STb GF80u _6Vwzd HjRUP\" dir=\"auto\"><span class=\"B-fpk _6Vwzd\">\u201cPara nosotros es importante que se termine de construir el hospital que est\u00e1 en obra negra en Pabell\u00f3n de Arteaga, as\u00ed como iniciar la construcci\u00f3n del nuevo hospital al oriente de la ciudad, los cuales garantizar\u00e1n m\u00e1s y mejores servicios m\u00e9dicos para nuestra gente\u201d, asegur\u00f3 la gobernadora.\u00a0\u00a0<\/span><\/p>\n<div id=\"viewer-wb1wq168\" class=\"o0STb GF80u _6Vwzd HjRUP\" dir=\"auto\"><span class=\"B-fpk _6Vwzd\">\u00a0<\/span><\/div>\n<p id=\"viewer-htzio169\" class=\"o0STb GF80u _6Vwzd HjRUP\" dir=\"auto\"><span class=\"B-fpk _6Vwzd\">Finalmente, se\u00f1al\u00f3 que para su administraci\u00f3n, la salud es un derecho fundamental, por lo que seguir\u00e1 impulsando acciones para asegurar que todas las familias tengan acceso a servicios m\u00e9dicos de calidad y calidez cerca de sus comunidades.\u00a0<\/span><\/p>\n<div id=\"viewer-gz9zm171\" class=\"o0STb GF80u _6Vwzd HjRUP\" dir=\"auto\"><span class=\"B-fpk _6Vwzd\">\u00a0<\/span><\/div>\n<div id=\"viewer-ngroh172\" class=\"o0STb GF80u joYDm HjRUP\" dir=\"auto\"><\/div>\n<\/div>\n<\/div>\n<\/div>\n<\/div>\n<\/div>\n<\/div>\n<\/div>\n<\/div>\n","protected":false},"excerpt":{"rendered":"<p>#informativoelvalledeaguascalientes #novaradioaguascalientes #informativoelvalledeaguascalientesll #Aguascalientes &nbsp; &nbsp; La gobernadora de Aguascalientes, Tere Jim\u00e9nez, asisti\u00f3 a la 115 Asamblea General Ordinaria del Instituto Mexicano del Seguro Social (IMSS) en la Ciudad de M\u00e9xico, donde se anunci\u00f3 la creaci\u00f3n de dos nuevos hospitales para el estado de Aguascalientes, gracias a la buena relaci\u00f3n que se tiene con las [&hellip;]<\/p>\n","protected":false},"author":13383,"featured_media":63912,"comment_status":"closed","ping_status":"open","sticky":false,"template":"","format":"standard","meta":{"advanced_seo_description":"","jetpack_seo_html_title":"","jetpack_seo_noindex":false,"_jetpack_memberships_contains_paid_content":false,"footnotes":"","jetpack_publicize_message":"","jetpack_publicize_feature_enabled":true,"jetpack_social_post_already_shared":true,"jetpack_social_options":{"image_generator_settings":{"template":"highway","default_image_id":0,"font":"","enabled":false},"version":2}},"categories":[21,4],"tags":[22,615,202],"class_list":["post-63911","post","type-post","status-publish","format-standard","has-post-thumbnail","hentry","category-aguascalientes","category-gobierno-del-estado-aguascalientes","tag-aguascalientes","tag-gobierno-del-estado-de-aguascalientes","tag-imss"],"jetpack_publicize_connections":[],"jetpack_featured_media_url":"https:\/\/i0.wp.com\/informativoelvalledeaguascalientes.online\/wp-content\/uploads\/2024\/12\/1-3.jpeg?fit=1440%2C960&ssl=1","jetpack-related-posts":[],"jetpack_sharing_enabled":true,"jetpack_likes_enabled":true,"_links":{"self":[{"href":"https:\/\/informativoelvalledeaguascalientes.online\/index.php?rest_route=\/wp\/v2\/posts\/63911","targetHints":{"allow":["GET"]}}],"collection":[{"href":"https:\/\/informativoelvalledeaguascalientes.online\/index.php?rest_route=\/wp\/v2\/posts"}],"about":[{"href":"https:\/\/informativoelvalledeaguascalientes.online\/index.php?rest_route=\/wp\/v2\/types\/post"}],"author":[{"embeddable":true,"href":"https:\/\/informativoelvalledeaguascalientes.online\/index.php?rest_route=\/wp\/v2\/users\/13383"}],"replies":[{"embeddable":true,"href":"https:\/\/informativoelvalledeaguascalientes.online\/index.php?rest_route=%2Fwp%2Fv2%2Fcomments&post=63911"}],"version-history":[{"count":1,"href":"https:\/\/informativoelvalledeaguascalientes.online\/index.php?rest_route=\/wp\/v2\/posts\/63911\/revisions"}],"predecessor-version":[{"id":63913,"href":"https:\/\/informativoelvalledeaguascalientes.online\/index.php?rest_route=\/wp\/v2\/posts\/63911\/revisions\/63913"}],"wp:featuredmedia":[{"embeddable":true,"href":"https:\/\/informativoelvalledeaguascalientes.online\/index.php?rest_route=\/wp\/v2\/media\/63912"}],"wp:attachment":[{"href":"https:\/\/informativoelvalledeaguascalientes.online\/index.php?rest_route=%2Fwp%2Fv2%2Fmedia&parent=63911"}],"wp:term":[{"taxonomy":"category","embeddable":true,"href":"https:\/\/informativoelvalledeaguascalientes.online\/index.php?rest_route=%2Fwp%2Fv2%2Fcategories&post=63911"},{"taxonomy":"post_tag","embeddable":true,"href":"https:\/\/informativoelvalledeaguascalientes.online\/index.php?rest_route=%2Fwp%2Fv2%2Ftags&post=63911"}],"curies":[{"name":"wp","href":"https:\/\/api.w.org\/{rel}","templated":true}]}}