{"id":6390,"date":"2020-05-12T17:44:01","date_gmt":"2020-05-12T23:44:01","guid":{"rendered":"https:\/\/informativoelvalledeaguascalientes.online\/?p=6390"},"modified":"2020-05-12T17:44:01","modified_gmt":"2020-05-12T23:44:01","slug":"acuerdan-cluster-automotriz-y-gea-trabajar-en-reactivacion-economica-con-altas-medidas-de-sanidad","status":"publish","type":"post","link":"https:\/\/informativoelvalledeaguascalientes.online\/?p=6390","title":{"rendered":"ACUERDAN CL\u00daSTER AUTOMOTRIZ Y GEA TRABAJAR EN REACTIVACI\u00d3N ECON\u00d3MICA CON ALTAS MEDIDAS DE SANIDAD"},"content":{"rendered":"<ul>\n<li style=\"font-weight: 400;\"><strong><em>An\u00e1lisis de los protocolos y di\u00e1logo constructivo con sectores productivos, fundamental para el rescate econ\u00f3mico<\/em><\/strong><\/li>\n<li style=\"font-weight: 400;\"><strong><em>La reactivaci\u00f3n debe ser en un escenario de aplicaci\u00f3n de tratados y convenios internacionales de salud y econom\u00eda: SEC\u00a0\u00a0<\/em><\/strong><\/li>\n<\/ul>\n<p style=\"font-weight: 400;\"><strong><em>\u00a0<\/em><\/strong><\/p>\n<p style=\"font-weight: 400;\">La secretaria General de Gobierno, Siomar Estrada Cruz, sostuvo una reuni\u00f3n con integrantes del cl\u00faster automotriz, en la que acordaron trabajar de manera conjunta para la reactivaci\u00f3n de esta industria, en un escenario escalonado con la aplicaci\u00f3n de tratados y convenios internacionales de salud y econom\u00eda.<\/p>\n<p style=\"font-weight: 400;\">\n<p style=\"font-weight: 400;\">Estrada Cruz refiri\u00f3 que en seguimiento a la reuni\u00f3n con sus hom\u00f3logos de la Alianza Centro-Baj\u00edo-Occidente, una de las regiones m\u00e1s s\u00f3lidas econ\u00f3micamente del pa\u00eds y en la que se desarrolla gran parte de la industria en M\u00e9xico, se ha abordado la necesidad de que en el momento en que \u00e9sta se reactive, deber\u00e1 hacerse con todas las medidas de sanidad.<\/p>\n<p style=\"font-weight: 400;\">\n<p style=\"font-weight: 400;\">Agreg\u00f3 que el di\u00e1logo constructivo con todos los sectores productivos es fundamental para un rescate econ\u00f3mico eficiente y escalonado, toda vez que la crisis sanitaria trajo consigo afectaciones en los ingresos de muchas familias, y m\u00e1s a\u00fan ante las proyecciones negativas de calificadoras u organizaciones financieras internacionales para la gran mayor\u00eda de pa\u00edses a causa de la pandemia.<\/p>\n<p style=\"font-weight: 400;\">\n<p style=\"font-weight: 400;\">Durante la reuni\u00f3n qued\u00f3 plasmado que las plantas de la industria automotriz y proveedores que participan en la cadena de suministro y producci\u00f3n, representan un lugar seguro ante las altas medidas sanitarias que ser\u00e1n implementadas, adem\u00e1s de que es necesario que los representantes de este sector trabajen de manera conjunta con autoridades pertinentes en el reforzamiento o actualizaci\u00f3n de las normas sanitarias y comerciales con est\u00e1ndares internacionales.<\/p>\n<p style=\"font-weight: 400;\">\n","protected":false},"excerpt":{"rendered":"<p>An\u00e1lisis de los protocolos y di\u00e1logo constructivo con sectores productivos, fundamental para el rescate econ\u00f3mico La reactivaci\u00f3n debe ser en un escenario de aplicaci\u00f3n de tratados y convenios internacionales de salud y econom\u00eda: SEC\u00a0\u00a0 \u00a0 La secretaria General de Gobierno, Siomar Estrada Cruz, sostuvo una reuni\u00f3n con integrantes del cl\u00faster automotriz, en la que acordaron [&hellip;]<\/p>\n","protected":false},"author":1,"featured_media":6391,"comment_status":"closed","ping_status":"open","sticky":false,"template":"","format":"standard","meta":{"advanced_seo_description":"","jetpack_seo_html_title":"","jetpack_seo_noindex":false,"_jetpack_memberships_contains_paid_content":false,"footnotes":"","jetpack_publicize_message":"","jetpack_publicize_feature_enabled":true,"jetpack_social_post_already_shared":true,"jetpack_social_options":{"image_generator_settings":{"template":"highway","default_image_id":0,"font":"","enabled":false},"version":2}},"categories":[21,4],"tags":[22,51],"class_list":["post-6390","post","type-post","status-publish","format-standard","has-post-thumbnail","hentry","category-aguascalientes","category-gobierno-del-estado-aguascalientes","tag-aguascalientes","tag-seggob"],"jetpack_publicize_connections":[],"jetpack_featured_media_url":"https:\/\/i0.wp.com\/informativoelvalledeaguascalientes.online\/wp-content\/uploads\/2020\/05\/seggob_12052020.jpg?fit=947%2C631&ssl=1","jetpack-related-posts":[],"jetpack_sharing_enabled":true,"jetpack_likes_enabled":true,"_links":{"self":[{"href":"https:\/\/informativoelvalledeaguascalientes.online\/index.php?rest_route=\/wp\/v2\/posts\/6390","targetHints":{"allow":["GET"]}}],"collection":[{"href":"https:\/\/informativoelvalledeaguascalientes.online\/index.php?rest_route=\/wp\/v2\/posts"}],"about":[{"href":"https:\/\/informativoelvalledeaguascalientes.online\/index.php?rest_route=\/wp\/v2\/types\/post"}],"author":[{"embeddable":true,"href":"https:\/\/informativoelvalledeaguascalientes.online\/index.php?rest_route=\/wp\/v2\/users\/1"}],"replies":[{"embeddable":true,"href":"https:\/\/informativoelvalledeaguascalientes.online\/index.php?rest_route=%2Fwp%2Fv2%2Fcomments&post=6390"}],"version-history":[{"count":1,"href":"https:\/\/informativoelvalledeaguascalientes.online\/index.php?rest_route=\/wp\/v2\/posts\/6390\/revisions"}],"predecessor-version":[{"id":6392,"href":"https:\/\/informativoelvalledeaguascalientes.online\/index.php?rest_route=\/wp\/v2\/posts\/6390\/revisions\/6392"}],"wp:featuredmedia":[{"embeddable":true,"href":"https:\/\/informativoelvalledeaguascalientes.online\/index.php?rest_route=\/wp\/v2\/media\/6391"}],"wp:attachment":[{"href":"https:\/\/informativoelvalledeaguascalientes.online\/index.php?rest_route=%2Fwp%2Fv2%2Fmedia&parent=6390"}],"wp:term":[{"taxonomy":"category","embeddable":true,"href":"https:\/\/informativoelvalledeaguascalientes.online\/index.php?rest_route=%2Fwp%2Fv2%2Fcategories&post=6390"},{"taxonomy":"post_tag","embeddable":true,"href":"https:\/\/informativoelvalledeaguascalientes.online\/index.php?rest_route=%2Fwp%2Fv2%2Ftags&post=6390"}],"curies":[{"name":"wp","href":"https:\/\/api.w.org\/{rel}","templated":true}]}}