{"id":63825,"date":"2024-12-15T14:30:02","date_gmt":"2024-12-15T20:30:02","guid":{"rendered":"https:\/\/informativoelvalledeaguascalientes.online\/?p=63825"},"modified":"2024-12-15T19:34:13","modified_gmt":"2024-12-16T01:34:13","slug":"comision-de-busqueda-de-personas-de-aguascalientes-cuenta-con-certificacion-internacional","status":"publish","type":"post","link":"https:\/\/informativoelvalledeaguascalientes.online\/?p=63825","title":{"rendered":"COMISI\u00d3N DE B\u00daSQUEDA DE PERSONAS DE AGUASCALIENTES CUENTA CON CERTIFICACI\u00d3N INTERNACIONAL"},"content":{"rendered":"<p>#informativoelvalledeaguascalientes<\/p>\n<p>#novaradioaguascalientes<\/p>\n<p>#informativoelvalledeaguascalientesll<\/p>\n<p>#Aguascalientes<\/p>\n<p>&nbsp;<\/p>\n<p>&nbsp;<\/p>\n<div class=\"V5AUxf\" data-testid=\"columns\">\n<div id=\"comp-l7sh9ubr2\" class=\"comp-l7sh9ubr2 YzqVVZ wixui-column-strip__column\">\n<div class=\"\" data-mesh-id=\"comp-l7sh9ubr2inlineContent\" data-testid=\"inline-content\">\n<div data-mesh-id=\"comp-l7sh9ubr2inlineContent-gridContainer\" data-testid=\"mesh-container-content\">\n<div id=\"comp-l7sh9ubx\" class=\"TWFxr5 \">\n<div class=\"comp-l7sh9ubx\">\n<div class=\"sGWYken comp-l7sh9ubx\" data-hook=\"ricosviewer-wrapper\">\n<div class=\"nIlW2\" dir=\"ltr\" data-id=\"content-viewer\">\n<div class=\"C0hbR\">\n<div class=\"av0i6\">\n<ul class=\"_9iRlZ joYDm\">\n<li class=\"AY0Vp\" dir=\"auto\" aria-level=\"1\">\n<p id=\"viewer-r6qx5413\" class=\"o0STb GF80u _6Vwzd HjRUP\" dir=\"\"><span class=\"B-fpk _6Vwzd\"><strong><em>Integrantes de la CEBP obtuvieron la norma COMS-054.01, que establece pol\u00edticas de actuaci\u00f3n y procedimientos en el caso de personas desaparecidas<\/em><\/strong><\/span><\/p>\n<\/li>\n<li class=\"AY0Vp\" dir=\"auto\" aria-level=\"1\">\n<p id=\"viewer-jk4j1511\" class=\"o0STb GF80u _6Vwzd HjRUP\" dir=\"\"><span class=\"B-fpk _6Vwzd\"><strong><em>Tambi\u00e9n se entregaron constancias a quienes participaron en los cursos especializados en identificaci\u00f3n forense y an\u00e1lisis de huellas dactilares<\/em><\/strong><\/span><\/p>\n<\/li>\n<\/ul>\n<div id=\"viewer-1xq9z418\" class=\"o0STb GF80u _6Vwzd HjRUP\" dir=\"auto\"><span class=\"B-fpk _6Vwzd\">\u00a0<\/span><\/div>\n<p id=\"viewer-rvkbj419\" class=\"o0STb GF80u _6Vwzd HjRUP\" dir=\"auto\"><span class=\"B-fpk _6Vwzd\">Integrantes de la Comisi\u00f3n Estatal de B\u00fasqueda de Personas (CEBP) obtuvieron la certificaci\u00f3n COMS-054.01 en \u201cAtenci\u00f3n Efectiva para la B\u00fasqueda, Investigaci\u00f3n y Generaci\u00f3n de Informaci\u00f3n en caso de Personas Desaparecidas o No Localizadas\u201d, con lo que hoy cuentan con conocimientos especializados para un mejor desempe\u00f1o de sus labores.<\/span><\/p>\n<div id=\"viewer-o6fto421\" class=\"o0STb GF80u _6Vwzd HjRUP\" dir=\"auto\"><span class=\"B-fpk _6Vwzd\">\u00a0<\/span><\/div>\n<p id=\"viewer-swj8p422\" class=\"o0STb GF80u _6Vwzd HjRUP\" dir=\"auto\"><span class=\"B-fpk _6Vwzd\">As\u00ed lo dio a conocer el secretario general de Gobierno, Florentino Reyes Berlie, quien destac\u00f3 que dicho est\u00e1ndar se otorga a trav\u00e9s de COMPECER, que es una instituci\u00f3n internacional de certificaci\u00f3n y formaci\u00f3n, avalada por la Federaci\u00f3n a trav\u00e9s de la Comisi\u00f3n Nacional de B\u00fasqueda de Personas.\u00a0<\/span><\/p>\n<div id=\"viewer-7t00g424\" class=\"o0STb GF80u _6Vwzd HjRUP\" dir=\"auto\"><span class=\"B-fpk _6Vwzd\">\u00a0<\/span><\/div>\n<p id=\"viewer-wxj9o425\" class=\"o0STb GF80u _6Vwzd HjRUP\" dir=\"auto\"><span class=\"B-fpk _6Vwzd\">Por otro lado, dijo que como parte del proceso de capacitaci\u00f3n permanente que se brinda al personal de la CEBP, el Instituto Hispalense en Pol\u00edtica Criminal y Ciencias de la Seguridad tambi\u00e9n entreg\u00f3 constancias de estudio a quienes concluyeron los cursos especializados en identificaci\u00f3n forense y an\u00e1lisis de huellas dactilares; as\u00ed como a las personas que participaron en el \u201cDiplomado especializado para las y los servidores que conforman las Comisiones de B\u00fasqueda de Personas\u201d.<\/span><\/p>\n<div id=\"viewer-v4bmm427\" class=\"o0STb GF80u _6Vwzd HjRUP\" dir=\"auto\"><span class=\"B-fpk _6Vwzd\">\u00a0<\/span><\/div>\n<p id=\"viewer-8l3ks428\" class=\"o0STb GF80u _6Vwzd HjRUP\" dir=\"auto\"><span class=\"B-fpk _6Vwzd\">Durante el evento en el que se entregaron los documentos que acreditan la formaci\u00f3n del personal de la CEBP, Reyes Berlie sostuvo que desde el Gobierno del Estado se trabaja a diario para dar los mejores resultados, a trav\u00e9s de una atenci\u00f3n humana y personal altamente capacitado: \u201cNos sentimos contentos y satisfechos de tener capital humano que constantemente perfecciona sus conocimientos para dar un buen resultado\u201d, resalt\u00f3.<\/span><\/p>\n<div id=\"viewer-emi1y430\" class=\"o0STb GF80u _6Vwzd HjRUP\" dir=\"auto\"><span class=\"B-fpk _6Vwzd\">\u00a0<\/span><\/div>\n<p id=\"viewer-llhz6431\" class=\"o0STb GF80u _6Vwzd HjRUP\" dir=\"auto\"><span class=\"B-fpk _6Vwzd\">Violeta Sab\u00e1s, comisionada presidenta de la CEBP, destac\u00f3 la trascendencia de dicha certificaci\u00f3n y de los cursos recibidos, ya que se traducen en beneficios para las v\u00edctimas, personas y familias que atiende diariamente la dependencia a su cargo; adem\u00e1s de garantizar a la poblaci\u00f3n que las y los servidores p\u00fablicos de esta instituci\u00f3n estatal son personas altamente capacitadas en la materia.<\/span><\/p>\n<\/div>\n<\/div>\n<\/div>\n<\/div>\n<\/div>\n<\/div>\n<\/div>\n<\/div>\n<\/div>\n<\/div>\n","protected":false},"excerpt":{"rendered":"<p>#informativoelvalledeaguascalientes #novaradioaguascalientes #informativoelvalledeaguascalientesll #Aguascalientes &nbsp; &nbsp; Integrantes de la CEBP obtuvieron la norma COMS-054.01, que establece pol\u00edticas de actuaci\u00f3n y procedimientos en el caso de personas desaparecidas Tambi\u00e9n se entregaron constancias a quienes participaron en los cursos especializados en identificaci\u00f3n forense y an\u00e1lisis de huellas dactilares \u00a0 Integrantes de la Comisi\u00f3n Estatal de B\u00fasqueda de [&hellip;]<\/p>\n","protected":false},"author":13383,"featured_media":63826,"comment_status":"closed","ping_status":"open","sticky":false,"template":"","format":"standard","meta":{"advanced_seo_description":"","jetpack_seo_html_title":"","jetpack_seo_noindex":false,"_jetpack_memberships_contains_paid_content":false,"footnotes":"","jetpack_publicize_message":"","jetpack_publicize_feature_enabled":true,"jetpack_social_post_already_shared":true,"jetpack_social_options":{"image_generator_settings":{"template":"highway","default_image_id":0,"font":"","enabled":false},"version":2}},"categories":[21,4],"tags":[22,283,615],"class_list":["post-63825","post","type-post","status-publish","format-standard","has-post-thumbnail","hentry","category-aguascalientes","category-gobierno-del-estado-aguascalientes","tag-aguascalientes","tag-cebp","tag-gobierno-del-estado-de-aguascalientes"],"jetpack_publicize_connections":[],"jetpack_featured_media_url":"https:\/\/i0.wp.com\/informativoelvalledeaguascalientes.online\/wp-content\/uploads\/2024\/12\/unnamed-file-3-scaled.jpg?fit=2560%2C1707&ssl=1","jetpack-related-posts":[],"jetpack_sharing_enabled":true,"jetpack_likes_enabled":true,"_links":{"self":[{"href":"https:\/\/informativoelvalledeaguascalientes.online\/index.php?rest_route=\/wp\/v2\/posts\/63825","targetHints":{"allow":["GET"]}}],"collection":[{"href":"https:\/\/informativoelvalledeaguascalientes.online\/index.php?rest_route=\/wp\/v2\/posts"}],"about":[{"href":"https:\/\/informativoelvalledeaguascalientes.online\/index.php?rest_route=\/wp\/v2\/types\/post"}],"author":[{"embeddable":true,"href":"https:\/\/informativoelvalledeaguascalientes.online\/index.php?rest_route=\/wp\/v2\/users\/13383"}],"replies":[{"embeddable":true,"href":"https:\/\/informativoelvalledeaguascalientes.online\/index.php?rest_route=%2Fwp%2Fv2%2Fcomments&post=63825"}],"version-history":[{"count":1,"href":"https:\/\/informativoelvalledeaguascalientes.online\/index.php?rest_route=\/wp\/v2\/posts\/63825\/revisions"}],"predecessor-version":[{"id":63827,"href":"https:\/\/informativoelvalledeaguascalientes.online\/index.php?rest_route=\/wp\/v2\/posts\/63825\/revisions\/63827"}],"wp:featuredmedia":[{"embeddable":true,"href":"https:\/\/informativoelvalledeaguascalientes.online\/index.php?rest_route=\/wp\/v2\/media\/63826"}],"wp:attachment":[{"href":"https:\/\/informativoelvalledeaguascalientes.online\/index.php?rest_route=%2Fwp%2Fv2%2Fmedia&parent=63825"}],"wp:term":[{"taxonomy":"category","embeddable":true,"href":"https:\/\/informativoelvalledeaguascalientes.online\/index.php?rest_route=%2Fwp%2Fv2%2Fcategories&post=63825"},{"taxonomy":"post_tag","embeddable":true,"href":"https:\/\/informativoelvalledeaguascalientes.online\/index.php?rest_route=%2Fwp%2Fv2%2Ftags&post=63825"}],"curies":[{"name":"wp","href":"https:\/\/api.w.org\/{rel}","templated":true}]}}