{"id":63809,"date":"2024-12-15T00:03:58","date_gmt":"2024-12-15T06:03:58","guid":{"rendered":"https:\/\/informativoelvalledeaguascalientes.online\/?p=63809"},"modified":"2024-12-15T00:03:58","modified_gmt":"2024-12-15T06:03:58","slug":"fortaleceran-seguridad-en-el-llano-con-nuevas-camaras-de-videovigilancia","status":"publish","type":"post","link":"https:\/\/informativoelvalledeaguascalientes.online\/?p=63809","title":{"rendered":"FORTALECER\u00c1N SEGURIDAD EN EL LLANO CON NUEVAS C\u00c1MARAS DE VIDEOVIGILANCIA"},"content":{"rendered":"<p>#informativoelvalledeaguascalientes<\/p>\n<p>#novaradioaguascalientes<\/p>\n<p>#informativoelvalledeaguascalientesll<\/p>\n<p>#Aguascalientes<\/p>\n<p>&nbsp;<\/p>\n<p>&nbsp;<\/p>\n<ul class=\"_9iRlZ joYDm\">\n<li class=\"AY0Vp\" dir=\"auto\" aria-level=\"1\">\n<p id=\"viewer-cnvbq285\" class=\"o0STb GF80u _6Vwzd HjRUP\" dir=\"\"><span class=\"B-fpk _6Vwzd\"><strong><em>Importantes acuerdos tras reuni\u00f3n de la directora del C5i y el alcalde de dicho Ayuntamiento<\/em><\/strong><\/span><\/p>\n<\/li>\n<li class=\"AY0Vp\" dir=\"auto\" aria-level=\"1\">\n<p id=\"viewer-5qe6m288\" class=\"o0STb GF80u _6Vwzd HjRUP\" dir=\"\"><span class=\"B-fpk _6Vwzd\"><strong><em>Aunado a las acciones operativas, esta acci\u00f3n permitir\u00e1 contar con los mejores \u00edndices de seguridad<\/em><\/strong><\/span><\/p>\n<\/li>\n<\/ul>\n<div id=\"viewer-t32pc290\" class=\"o0STb GF80u _6Vwzd HjRUP\" dir=\"auto\"><span class=\"B-fpk _6Vwzd\">\u00a0<\/span><\/div>\n<p id=\"viewer-00w59291\" class=\"o0STb GF80u _6Vwzd HjRUP\" dir=\"auto\"><span class=\"B-fpk _6Vwzd\">El Gobierno del Estado fortalecer\u00e1 la infraestructura de videovigilancia en la cabecera municipal de El Llano; as\u00ed lo acordaron la directora del Centro de Comando, Control, Comunicaci\u00f3n, C\u00f3mputo y Coordinaci\u00f3n (C5i), Michelle Olmos \u00c1lvarez, y el alcalde de ese municipio, Jorge Delgado Ibarra, tras sostener una reuni\u00f3n de trabajo donde lograron importantes acuerdos en beneficio de quienes habitan en esa zona.<\/span><\/p>\n<div id=\"viewer-jphl9293\" class=\"o0STb GF80u _6Vwzd HjRUP\" dir=\"auto\"><span class=\"B-fpk _6Vwzd\">\u00a0<\/span><\/div>\n<p id=\"viewer-8em83294\" class=\"o0STb GF80u _6Vwzd HjRUP\" dir=\"auto\"><span class=\"B-fpk _6Vwzd\">\u201cGracias al apoyo de la gobernadora Tere Jim\u00e9nez, se incrementar\u00e1 el n\u00famero de c\u00e1maras y sistemas de lectura de placas que actualmente tiene El Llano, lo que nos ayudar\u00e1 a mantener un monitoreo constante, principalmente en las zonas fronterizas de la entidad\u201d, indic\u00f3 la directora del C5i.\u00a0<\/span><\/p>\n<div id=\"viewer-ijrcj296\" class=\"o0STb GF80u _6Vwzd HjRUP\" dir=\"auto\"><span class=\"B-fpk _6Vwzd\">\u00a0<\/span><\/div>\n<p id=\"viewer-8igu0297\" class=\"o0STb GF80u _6Vwzd HjRUP\" dir=\"auto\"><span class=\"B-fpk _6Vwzd\">Agreg\u00f3 que esto es resultado del an\u00e1lisis que se realiza de forma permanente a trav\u00e9s del Plan de Seguridad y Justicia <em>Blindaje Aguascalientes<\/em>, para cubrir de manera adecuada el territorio de todos los municipios; asimismo, agreg\u00f3 que se dar\u00e1 capacitaci\u00f3n al personal que labora en el Centro de Mando (C2), a fin de mejorar la comunicaci\u00f3n y el flujo de informaci\u00f3n, lo que permitir\u00e1 que la respuesta de los servicios de emergencia, as\u00ed como de seguridad, sea a\u00fan m\u00e1s eficiente.<\/span><\/p>\n<div id=\"viewer-mr7un301\" class=\"o0STb GF80u _6Vwzd HjRUP\" dir=\"auto\"><span class=\"B-fpk _6Vwzd\">\u00a0<\/span><\/div>\n<p id=\"viewer-4huxc302\" class=\"o0STb GF80u _6Vwzd HjRUP\" dir=\"auto\"><span class=\"B-fpk _6Vwzd\">A\u00f1adi\u00f3 que tambi\u00e9n se instruir\u00e1 al personal operativo de la Polic\u00eda Municipal de El Llano para que pueda recibir en el lugar de los hechos las denuncias de los ciudadanos; el objetivo es abatir la impunidad y optimizar el tiempo de respuesta.\u00a0<\/span><\/p>\n<div id=\"viewer-vvb18304\" class=\"o0STb GF80u _6Vwzd HjRUP\" dir=\"auto\"><span class=\"B-fpk _6Vwzd\">\u00a0<\/span><\/div>\n<p id=\"viewer-tbp8e305\" class=\"o0STb GF80u _6Vwzd HjRUP\" dir=\"auto\"><span class=\"B-fpk _6Vwzd\">Jorge Delgado Ibarra, presidente municipal de El Llano, reconoci\u00f3 y agradeci\u00f3 el apoyo que brinda el Gobierno del Estado para incrementar el n\u00famero de c\u00e1maras de videovigilancia en su municipio, al tiempo que se comprometi\u00f3 a apoyar en la instalaci\u00f3n de otros equipos por parte del Ayuntamiento.<\/span><\/p>\n<div id=\"viewer-fv997307\" class=\"o0STb GF80u _6Vwzd HjRUP\" dir=\"auto\"><span class=\"B-fpk _6Vwzd\">\u00a0<\/span><\/div>\n<p id=\"viewer-dzkoj308\" class=\"o0STb GF80u _6Vwzd HjRUP\" dir=\"auto\"><span class=\"B-fpk _6Vwzd\">\u201cTenemos toda la voluntad de fortalecer la seguridad, con nuevos elementos bien capacitados para que los habitantes se sientan seguros y tengan la confianza de que tanto las autoridades municipales como estatales, trabajamos de manera conjunta en diversos temas, principalmente en la seguridad\u201d, finaliz\u00f3 el alcalde.<\/span><\/p>\n","protected":false},"excerpt":{"rendered":"<p>#informativoelvalledeaguascalientes #novaradioaguascalientes #informativoelvalledeaguascalientesll #Aguascalientes &nbsp; &nbsp; Importantes acuerdos tras reuni\u00f3n de la directora del C5i y el alcalde de dicho Ayuntamiento Aunado a las acciones operativas, esta acci\u00f3n permitir\u00e1 contar con los mejores \u00edndices de seguridad \u00a0 El Gobierno del Estado fortalecer\u00e1 la infraestructura de videovigilancia en la cabecera municipal de El Llano; as\u00ed lo [&hellip;]<\/p>\n","protected":false},"author":13383,"featured_media":63810,"comment_status":"closed","ping_status":"open","sticky":false,"template":"","format":"standard","meta":{"advanced_seo_description":"","jetpack_seo_html_title":"","jetpack_seo_noindex":false,"_jetpack_memberships_contains_paid_content":false,"footnotes":"","jetpack_publicize_message":"","jetpack_publicize_feature_enabled":true,"jetpack_social_post_already_shared":true,"jetpack_social_options":{"image_generator_settings":{"template":"highway","default_image_id":0,"font":"","enabled":false},"version":2}},"categories":[21,4],"tags":[22,615],"class_list":["post-63809","post","type-post","status-publish","format-standard","has-post-thumbnail","hentry","category-aguascalientes","category-gobierno-del-estado-aguascalientes","tag-aguascalientes","tag-gobierno-del-estado-de-aguascalientes"],"jetpack_publicize_connections":[],"jetpack_featured_media_url":"https:\/\/i0.wp.com\/informativoelvalledeaguascalientes.online\/wp-content\/uploads\/2024\/12\/4-2.jpeg?fit=593%2C395&ssl=1","jetpack-related-posts":[],"jetpack_sharing_enabled":true,"jetpack_likes_enabled":true,"_links":{"self":[{"href":"https:\/\/informativoelvalledeaguascalientes.online\/index.php?rest_route=\/wp\/v2\/posts\/63809","targetHints":{"allow":["GET"]}}],"collection":[{"href":"https:\/\/informativoelvalledeaguascalientes.online\/index.php?rest_route=\/wp\/v2\/posts"}],"about":[{"href":"https:\/\/informativoelvalledeaguascalientes.online\/index.php?rest_route=\/wp\/v2\/types\/post"}],"author":[{"embeddable":true,"href":"https:\/\/informativoelvalledeaguascalientes.online\/index.php?rest_route=\/wp\/v2\/users\/13383"}],"replies":[{"embeddable":true,"href":"https:\/\/informativoelvalledeaguascalientes.online\/index.php?rest_route=%2Fwp%2Fv2%2Fcomments&post=63809"}],"version-history":[{"count":1,"href":"https:\/\/informativoelvalledeaguascalientes.online\/index.php?rest_route=\/wp\/v2\/posts\/63809\/revisions"}],"predecessor-version":[{"id":63811,"href":"https:\/\/informativoelvalledeaguascalientes.online\/index.php?rest_route=\/wp\/v2\/posts\/63809\/revisions\/63811"}],"wp:featuredmedia":[{"embeddable":true,"href":"https:\/\/informativoelvalledeaguascalientes.online\/index.php?rest_route=\/wp\/v2\/media\/63810"}],"wp:attachment":[{"href":"https:\/\/informativoelvalledeaguascalientes.online\/index.php?rest_route=%2Fwp%2Fv2%2Fmedia&parent=63809"}],"wp:term":[{"taxonomy":"category","embeddable":true,"href":"https:\/\/informativoelvalledeaguascalientes.online\/index.php?rest_route=%2Fwp%2Fv2%2Fcategories&post=63809"},{"taxonomy":"post_tag","embeddable":true,"href":"https:\/\/informativoelvalledeaguascalientes.online\/index.php?rest_route=%2Fwp%2Fv2%2Ftags&post=63809"}],"curies":[{"name":"wp","href":"https:\/\/api.w.org\/{rel}","templated":true}]}}