{"id":6378,"date":"2020-05-12T17:31:46","date_gmt":"2020-05-12T23:31:46","guid":{"rendered":"https:\/\/informativoelvalledeaguascalientes.online\/?p=6378"},"modified":"2020-05-12T17:31:46","modified_gmt":"2020-05-12T23:31:46","slug":"estrictos-protocolos-sanitarios-se-implementaran-para-reapertura-economica-mos","status":"publish","type":"post","link":"https:\/\/informativoelvalledeaguascalientes.online\/?p=6378","title":{"rendered":"ESTRICTOS PROTOCOLOS SANITARIOS SE IMPLEMENTAR\u00c1N PARA REAPERTURA ECON\u00d3MICA: MOS"},"content":{"rendered":"<ul>\n<li dir=\"ltr\">\n<p dir=\"ltr\">Hemos hecho bien la tarea en salud y tenemos n\u00fameros que demuestran la buena actuaci\u00f3n en la contingencia sanitaria<\/p>\n<\/li>\n<li dir=\"ltr\">\n<p dir=\"ltr\">Industria Automotriz comprometida en apegarse a las normas sanitarias para asegurar la salud de sus colaboradores<\/p>\n<\/li>\n<\/ul>\n<p>&nbsp;<\/p>\n<p dir=\"ltr\">Con la inminente apertura del sector automotriz y otras industrias adyacentes, Aguascalientes deber\u00e1 apegarse a protocolos estrictos en materia sanitaria, para continuar con la contenci\u00f3n de la pandemia, como hasta ahora se ha logrado, destac\u00f3 el gobernador del Estado, Mart\u00edn Orozco Sandoval.<\/p>\n<p>&nbsp;<\/p>\n<p dir=\"ltr\">Expres\u00f3 que durante algunas semanas han tenido acuerdos a trav\u00e9s de videoconferencias los gobernadores integrantes de la Asociaci\u00f3n de Gobernadores de Acci\u00f3n Nacional (GOAN) y de la Alianza Centro-Baj\u00edo-Occidente, con funcionarios del Gobierno Federal como con los titulares de Hacienda, Econom\u00eda, Relaciones Exteriores, del Trabajo y la Oficina de Presidencia, por lo que existe certeza de que el Gobierno del M\u00e9xico est\u00e1 preparando todo para la reapertura de la industria automotriz.<\/p>\n<p>&nbsp;<\/p>\n<p dir=\"ltr\">De la misma manera, las empresas de este ramo han mostrado su disposici\u00f3n y\u00a0 compromiso para apegarse a las medidas sanitarias y asegurar la salud de sus colaboradores.<\/p>\n<p>&nbsp;<\/p>\n<p dir=\"ltr\">En este mismo sentido, el gobernador destac\u00f3 que se tendr\u00e1 una vigilancia muy cercana de la Guardia Sanitaria del ISSEA para supervisar que se cumplan estas disposiciones, porque la prioridad es cuidar la salud de todas y todos los aguascalentenses.<\/p>\n<p>&nbsp;<\/p>\n<p dir=\"ltr\">Advirti\u00f3 sin embargo que con el aumento en la movilidad por cuestiones laborales, podr\u00edan presentarse incrementos en contagios, por lo que el sector salud estar\u00e1 preparado para focalizar y aplicar los cercos epidemiol\u00f3gicos correspondientes y actuar de manera oportuna para contenerlos.<\/p>\n<p>&nbsp;<\/p>\n<p dir=\"ltr\">En su intervenci\u00f3n dentro del informe t\u00e9cnico diario, el mandatario estatal apunt\u00f3 que la reapertura econ\u00f3mica podr\u00eda darse tambi\u00e9n en la industria el\u00e9ctrica, electr\u00f3nica, aeroespacial y de la construcci\u00f3n, por lo que se deben ir preparando de manera individual todas las empresas de acuerdo a sus caracter\u00edsticas, para cumplir las normas de seguridad necesarias.<\/p>\n","protected":false},"excerpt":{"rendered":"<p>Hemos hecho bien la tarea en salud y tenemos n\u00fameros que demuestran la buena actuaci\u00f3n en la contingencia sanitaria Industria Automotriz comprometida en apegarse a las normas sanitarias para asegurar la salud de sus colaboradores &nbsp; Con la inminente apertura del sector automotriz y otras industrias adyacentes, Aguascalientes deber\u00e1 apegarse a protocolos estrictos en materia [&hellip;]<\/p>\n","protected":false},"author":1,"featured_media":6379,"comment_status":"closed","ping_status":"open","sticky":false,"template":"","format":"standard","meta":{"advanced_seo_description":"","jetpack_seo_html_title":"","jetpack_seo_noindex":false,"_jetpack_memberships_contains_paid_content":false,"footnotes":"","jetpack_publicize_message":"","jetpack_publicize_feature_enabled":true,"jetpack_social_post_already_shared":true,"jetpack_social_options":{"image_generator_settings":{"template":"highway","default_image_id":0,"font":"","enabled":false},"version":2}},"categories":[21,13,4],"tags":[22,29,30,31],"class_list":["post-6378","post","type-post","status-publish","format-standard","has-post-thumbnail","hentry","category-aguascalientes","category-calvillo-aguascalientes","category-gobierno-del-estado-aguascalientes","tag-aguascalientes","tag-calvillo-aguascalientes","tag-issea","tag-mos"],"jetpack_publicize_connections":[],"jetpack_featured_media_url":"https:\/\/i0.wp.com\/informativoelvalledeaguascalientes.online\/wp-content\/uploads\/2020\/05\/mos_calvillo_ags_12052020-2.jpg?fit=1280%2C853&ssl=1","jetpack-related-posts":[],"jetpack_sharing_enabled":true,"jetpack_likes_enabled":true,"_links":{"self":[{"href":"https:\/\/informativoelvalledeaguascalientes.online\/index.php?rest_route=\/wp\/v2\/posts\/6378","targetHints":{"allow":["GET"]}}],"collection":[{"href":"https:\/\/informativoelvalledeaguascalientes.online\/index.php?rest_route=\/wp\/v2\/posts"}],"about":[{"href":"https:\/\/informativoelvalledeaguascalientes.online\/index.php?rest_route=\/wp\/v2\/types\/post"}],"author":[{"embeddable":true,"href":"https:\/\/informativoelvalledeaguascalientes.online\/index.php?rest_route=\/wp\/v2\/users\/1"}],"replies":[{"embeddable":true,"href":"https:\/\/informativoelvalledeaguascalientes.online\/index.php?rest_route=%2Fwp%2Fv2%2Fcomments&post=6378"}],"version-history":[{"count":1,"href":"https:\/\/informativoelvalledeaguascalientes.online\/index.php?rest_route=\/wp\/v2\/posts\/6378\/revisions"}],"predecessor-version":[{"id":6380,"href":"https:\/\/informativoelvalledeaguascalientes.online\/index.php?rest_route=\/wp\/v2\/posts\/6378\/revisions\/6380"}],"wp:featuredmedia":[{"embeddable":true,"href":"https:\/\/informativoelvalledeaguascalientes.online\/index.php?rest_route=\/wp\/v2\/media\/6379"}],"wp:attachment":[{"href":"https:\/\/informativoelvalledeaguascalientes.online\/index.php?rest_route=%2Fwp%2Fv2%2Fmedia&parent=6378"}],"wp:term":[{"taxonomy":"category","embeddable":true,"href":"https:\/\/informativoelvalledeaguascalientes.online\/index.php?rest_route=%2Fwp%2Fv2%2Fcategories&post=6378"},{"taxonomy":"post_tag","embeddable":true,"href":"https:\/\/informativoelvalledeaguascalientes.online\/index.php?rest_route=%2Fwp%2Fv2%2Ftags&post=6378"}],"curies":[{"name":"wp","href":"https:\/\/api.w.org\/{rel}","templated":true}]}}