{"id":63732,"date":"2024-12-11T15:42:15","date_gmt":"2024-12-11T21:42:15","guid":{"rendered":"https:\/\/informativoelvalledeaguascalientes.online\/?p=63732"},"modified":"2024-12-12T15:44:26","modified_gmt":"2024-12-12T21:44:26","slug":"entrega-tere-jimenez-becas-de-ingles-a-estudiantes-del-instituto-tecnologico-de-aguascalientes-les-permitiran-acceder-a-mejores-oportunidades-laborales","status":"publish","type":"post","link":"https:\/\/informativoelvalledeaguascalientes.online\/?p=63732","title":{"rendered":"ENTREGA TERE JIM\u00c9NEZ BECAS DE INGL\u00c9S A ESTUDIANTES DEL INSTITUTO TECNOL\u00d3GICO DE AGUASCALIENTES; LES PERMITIR\u00c1N ACCEDER A MEJORES OPORTUNIDADES LABORALES"},"content":{"rendered":"<p>#informativoelvalledeaguascalientes<\/p>\n<p>#novaradioaguascalientes<\/p>\n<p>#informativoelvalledeaguascalientesll<\/p>\n<p>#Aguascalientes<\/p>\n<p>&nbsp;<\/p>\n<p>&nbsp;<\/p>\n<div class=\"\" data-mesh-id=\"comp-l7sh9ubr2inlineContent\" data-testid=\"inline-content\">\n<div data-mesh-id=\"comp-l7sh9ubr2inlineContent-gridContainer\" data-testid=\"mesh-container-content\">\n<div id=\"comp-l7sh9ubx\" class=\"TWFxr5 \">\n<div class=\"comp-l7sh9ubx\">\n<div class=\"sGWYken comp-l7sh9ubx\" data-hook=\"ricosviewer-wrapper\">\n<div class=\"nIlW2\" dir=\"ltr\" data-id=\"content-viewer\">\n<div class=\"C0hbR\">\n<div class=\"av0i6\">\n<ul class=\"_9iRlZ joYDm\">\n<li class=\"AY0Vp\" dir=\"auto\" aria-level=\"1\">\n<p id=\"viewer-7cu1f229\" class=\"o0STb GF80u _6Vwzd HjRUP\" dir=\"\"><span class=\"B-fpk _6Vwzd\"><strong><em>El objetivo es que fortalezcan su preparaci\u00f3n acad\u00e9mica y profesional para enfrentar los retos actuales<\/em><\/strong><\/span><\/p>\n<\/li>\n<li class=\"AY0Vp\" dir=\"auto\" aria-level=\"1\">\n<p id=\"viewer-lmlq9232\" class=\"o0STb GF80u _6Vwzd HjRUP\" dir=\"\"><span class=\"B-fpk _6Vwzd\"><strong><em>Un segundo idioma les abrir\u00e1 las puertas al mundo: Tere Jim\u00e9nez<\/em><\/strong><\/span><\/p>\n<\/li>\n<li class=\"AY0Vp\" dir=\"auto\" aria-level=\"1\">\n<p id=\"viewer-1nf7y235\" class=\"o0STb GF80u _6Vwzd HjRUP\" dir=\"\"><span class=\"B-fpk _6Vwzd\"><strong><em>Maestros del ICTEA ser\u00e1n los encargados de impartir las clases de ingl\u00e9s a las y los alumnos del ITA<\/em><\/strong><\/span><\/p>\n<\/li>\n<\/ul>\n<div id=\"viewer-7ask0237\" class=\"o0STb GF80u _6Vwzd HjRUP\" dir=\"auto\"><span class=\"B-fpk _6Vwzd\">\u00a0<\/span><\/div>\n<p id=\"viewer-9k3dt238\" class=\"o0STb GF80u _6Vwzd HjRUP\" dir=\"auto\"><span class=\"B-fpk _6Vwzd\">La gobernadora de Aguascalientes, Tere Jim\u00e9nez, entreg\u00f3 becas de ingl\u00e9s a estudiantes del Instituto Tecnol\u00f3gico de Aguascalientes (ITA), con el objetivo de que aprendan un segundo idioma y as\u00ed fortalezcan su preparaci\u00f3n acad\u00e9mica y profesional.\u00a0<\/span><\/p>\n<div id=\"viewer-ny0wk240\" class=\"o0STb GF80u _6Vwzd HjRUP\" dir=\"auto\"><span class=\"B-fpk _6Vwzd\">\u00a0<\/span><\/div>\n<p id=\"viewer-io96q241\" class=\"o0STb GF80u _6Vwzd HjRUP\" dir=\"auto\"><span class=\"B-fpk _6Vwzd\">\u201cVan a lograr lo que ustedes se propongan, un segundo idioma les va a abrir las puertas al mundo; vamos a seguir apoyando a las y los j\u00f3venes de Aguascalientes, porque creemos en su talento y capacidad\u201d, les dijo la gobernadora a los estudiantes.\u00a0<\/span><\/p>\n<div id=\"viewer-xxkax243\" class=\"o0STb GF80u _6Vwzd HjRUP\" dir=\"auto\"><span class=\"B-fpk _6Vwzd\">\u00a0<\/span><\/div>\n<p id=\"viewer-deomu244\" class=\"o0STb GF80u _6Vwzd HjRUP\" dir=\"auto\"><span class=\"B-fpk _6Vwzd\">Se\u00f1al\u00f3 que la administraci\u00f3n estatal tambi\u00e9n cuenta becas de titulaci\u00f3n, de movilidad nacional e internacional, de transporte, becas que cubren toda la carrera, y mucho m\u00e1s.\u00a0<\/span><\/p>\n<div id=\"viewer-h4a6c271\" class=\"o0STb GF80u _6Vwzd HjRUP\" dir=\"auto\"><span class=\"B-fpk _6Vwzd\">\u00a0<\/span><\/div>\n<p id=\"viewer-u3b46246\" class=\"o0STb GF80u _6Vwzd HjRUP\" dir=\"auto\"><span class=\"B-fpk _6Vwzd\">Patricia Castillo Romero, secretaria de Desarrollo Social del Estado, indic\u00f3 que se trabaja estrechamente con el ITA para que las y los j\u00f3venes tengan los elementos suficientes para salir adelante. \u201cUstedes son la fuerza que requerimos para que el estado siga creciendo\u201d, resalt\u00f3.\u00a0<\/span><\/p>\n<div id=\"viewer-lpscu287\" class=\"o0STb GF80u _6Vwzd HjRUP\" dir=\"auto\"><span class=\"B-fpk _6Vwzd\">\u00a0<\/span><\/div>\n<p id=\"viewer-o8by8248\" class=\"o0STb GF80u _6Vwzd HjRUP\" dir=\"auto\"><span class=\"B-fpk _6Vwzd\">Jos\u00e9 Luis Gil V\u00e1zquez, director general del ITA, agradeci\u00f3 a la gobernadora por impulsar al sector educativo y por promover oportunidades que preparan a los estudiantes para enfrentar los retos del mundo laboral globalizado.<\/span><\/p>\n<div id=\"viewer-n2jbg250\" class=\"o0STb GF80u _6Vwzd HjRUP\" dir=\"auto\"><span class=\"B-fpk _6Vwzd\">\u00a0<\/span><\/div>\n<p id=\"viewer-q9qn8251\" class=\"o0STb GF80u _6Vwzd HjRUP\" dir=\"auto\"><span class=\"B-fpk _6Vwzd\">\u201cNecesitamos que nuestros j\u00f3venes, adem\u00e1s de tener el conocimiento t\u00e9cnico, dominen una segunda lengua, eso marca la diferencia al momento de incorporarse a una empresa; agradezco a la gobernadora todo el apoyo y el impulso que le ha dado a nuestra comunidad educativa\u201d, afirm\u00f3 el director general del ITA.\u00a0<\/span><\/p>\n<div id=\"viewer-24wf5253\" class=\"o0STb GF80u _6Vwzd HjRUP\" dir=\"auto\"><span class=\"B-fpk _6Vwzd\">\u00a0<\/span><\/div>\n<p id=\"viewer-sscw1254\" class=\"o0STb GF80u _6Vwzd HjRUP\" dir=\"auto\"><span class=\"B-fpk _6Vwzd\">A nombre de las y los beneficiarios, Cinthia Fabiola Alaniz Zacar\u00edas, estudiante de la carrera de Ingenier\u00eda Qu\u00edmica, subray\u00f3 que en un mundo laboral tan competitivo como el de hoy, hablar ingl\u00e9s ya no es una opci\u00f3n, es una herramienta necesaria en la actualidad.\u00a0<\/span><\/p>\n<div id=\"viewer-t7657256\" class=\"o0STb GF80u _6Vwzd HjRUP\" dir=\"auto\"><span class=\"B-fpk _6Vwzd\">\u00a0<\/span><\/div>\n<p id=\"viewer-t0owi257\" class=\"o0STb GF80u _6Vwzd HjRUP\" dir=\"auto\"><span class=\"B-fpk _6Vwzd\">\u201cEl ingl\u00e9s es una de las lenguas m\u00e1s habladas a nivel mundial, el idioma com\u00fan de los negocios, las ciencias y tecnolog\u00edas, dominar esta lengua nos permitir\u00e1 acceder a una infinidad de oportunidades\u201d, finaliz\u00f3.<\/span><\/p>\n<div id=\"viewer-042a4306\" class=\"o0STb GF80u _6Vwzd HjRUP\" dir=\"auto\"><span class=\"B-fpk _6Vwzd\">\u00a0<\/span><\/div>\n<p id=\"viewer-zpg0i259\" class=\"o0STb GF80u _6Vwzd HjRUP\" dir=\"auto\"><span class=\"B-fpk _6Vwzd\">Cabe destacar que estas becas se entregaron a trav\u00e9s de la Secretar\u00eda de Desarrollo Social (Sedeso) y el Instituto de Capacitaci\u00f3n para el Trabajo del Estado de Aguascalientes (ICTEA), cuyos docentes ser\u00e1n los encargados de impartir las clases de ingl\u00e9s en las instalaciones del ITA.\u00a0<\/span><\/p>\n<div id=\"viewer-ebuvx322\" class=\"o0STb GF80u _6Vwzd HjRUP\" dir=\"auto\"><span class=\"B-fpk _6Vwzd\">\u00a0<\/span><\/div>\n<p id=\"viewer-c2v85261\" class=\"o0STb GF80u _6Vwzd HjRUP\" dir=\"auto\"><span class=\"B-fpk _6Vwzd\">Para m\u00e1s informaci\u00f3n sobre las diferentes becas que ofrece el Gobierno del Estado, las y los interesados pueden comunicarse al 070.\u00a0<\/span><\/p>\n<div id=\"viewer-xrriu338\" class=\"o0STb GF80u _6Vwzd HjRUP\" dir=\"auto\"><span class=\"B-fpk _6Vwzd\">\u00a0<\/span><\/div>\n<p id=\"viewer-syzi5263\" class=\"o0STb GF80u _6Vwzd HjRUP\" dir=\"auto\"><span class=\"B-fpk _6Vwzd\">En el evento tambi\u00e9n estuvieron presentes Jos\u00e9 Refugio Mu\u00f1oz de Luna, director general del ICTEA; Jean Pierre Curiel, director acad\u00e9mico del ICTEA; y Efra\u00edn Bueno, jefe de vinculaci\u00f3n de la Sedeso.\u00a0<\/span><\/p>\n<\/div>\n<\/div>\n<\/div>\n<\/div>\n<\/div>\n<\/div>\n<\/div>\n<\/div>\n","protected":false},"excerpt":{"rendered":"<p>#informativoelvalledeaguascalientes #novaradioaguascalientes #informativoelvalledeaguascalientesll #Aguascalientes &nbsp; &nbsp; El objetivo es que fortalezcan su preparaci\u00f3n acad\u00e9mica y profesional para enfrentar los retos actuales Un segundo idioma les abrir\u00e1 las puertas al mundo: Tere Jim\u00e9nez Maestros del ICTEA ser\u00e1n los encargados de impartir las clases de ingl\u00e9s a las y los alumnos del ITA \u00a0 La gobernadora de [&hellip;]<\/p>\n","protected":false},"author":13383,"featured_media":63733,"comment_status":"closed","ping_status":"open","sticky":false,"template":"","format":"standard","meta":{"advanced_seo_description":"","jetpack_seo_html_title":"","jetpack_seo_noindex":false,"_jetpack_memberships_contains_paid_content":false,"footnotes":"","jetpack_publicize_message":"","jetpack_publicize_feature_enabled":true,"jetpack_social_post_already_shared":true,"jetpack_social_options":{"image_generator_settings":{"template":"highway","default_image_id":0,"font":"","enabled":false},"version":2}},"categories":[21,4],"tags":[22,615,484,517,320],"class_list":["post-63732","post","type-post","status-publish","format-standard","has-post-thumbnail","hentry","category-aguascalientes","category-gobierno-del-estado-aguascalientes","tag-aguascalientes","tag-gobierno-del-estado-de-aguascalientes","tag-ictea","tag-ita","tag-tere-jimenez"],"jetpack_publicize_connections":[],"jetpack_featured_media_url":"https:\/\/i0.wp.com\/informativoelvalledeaguascalientes.online\/wp-content\/uploads\/2024\/12\/2-1.jpg?fit=1620%2C1080&ssl=1","jetpack-related-posts":[],"jetpack_sharing_enabled":true,"jetpack_likes_enabled":true,"_links":{"self":[{"href":"https:\/\/informativoelvalledeaguascalientes.online\/index.php?rest_route=\/wp\/v2\/posts\/63732","targetHints":{"allow":["GET"]}}],"collection":[{"href":"https:\/\/informativoelvalledeaguascalientes.online\/index.php?rest_route=\/wp\/v2\/posts"}],"about":[{"href":"https:\/\/informativoelvalledeaguascalientes.online\/index.php?rest_route=\/wp\/v2\/types\/post"}],"author":[{"embeddable":true,"href":"https:\/\/informativoelvalledeaguascalientes.online\/index.php?rest_route=\/wp\/v2\/users\/13383"}],"replies":[{"embeddable":true,"href":"https:\/\/informativoelvalledeaguascalientes.online\/index.php?rest_route=%2Fwp%2Fv2%2Fcomments&post=63732"}],"version-history":[{"count":1,"href":"https:\/\/informativoelvalledeaguascalientes.online\/index.php?rest_route=\/wp\/v2\/posts\/63732\/revisions"}],"predecessor-version":[{"id":63734,"href":"https:\/\/informativoelvalledeaguascalientes.online\/index.php?rest_route=\/wp\/v2\/posts\/63732\/revisions\/63734"}],"wp:featuredmedia":[{"embeddable":true,"href":"https:\/\/informativoelvalledeaguascalientes.online\/index.php?rest_route=\/wp\/v2\/media\/63733"}],"wp:attachment":[{"href":"https:\/\/informativoelvalledeaguascalientes.online\/index.php?rest_route=%2Fwp%2Fv2%2Fmedia&parent=63732"}],"wp:term":[{"taxonomy":"category","embeddable":true,"href":"https:\/\/informativoelvalledeaguascalientes.online\/index.php?rest_route=%2Fwp%2Fv2%2Fcategories&post=63732"},{"taxonomy":"post_tag","embeddable":true,"href":"https:\/\/informativoelvalledeaguascalientes.online\/index.php?rest_route=%2Fwp%2Fv2%2Ftags&post=63732"}],"curies":[{"name":"wp","href":"https:\/\/api.w.org\/{rel}","templated":true}]}}