{"id":6372,"date":"2020-05-12T17:25:09","date_gmt":"2020-05-12T23:25:09","guid":{"rendered":"https:\/\/informativoelvalledeaguascalientes.online\/?p=6372"},"modified":"2020-05-12T17:25:09","modified_gmt":"2020-05-12T23:25:09","slug":"presenta-gobierno-municipal-de-calvillo-programa-vale-por-ti-en-apoyo-a-desempleados-y-familias-en-situacion-vulnerable","status":"publish","type":"post","link":"https:\/\/informativoelvalledeaguascalientes.online\/?p=6372","title":{"rendered":"Presenta Gobierno Municipal de Calvillo programa Vale Por Ti en apoyo a desempleados y familias en situaci\u00f3n vulnerable"},"content":{"rendered":"<p style=\"font-weight: 400;\">En apoyo a las personas que a consecuencia de la epidemia de COVID-19 (Coronavirus) quedaron desempleadas y a las familias que se encuentran en situaci\u00f3n vulnerable, el Gobierno Municipal de Calvillo present\u00f3 el programa Vale Por Ti, con el que previo un estudio socioecon\u00f3mico se repartir\u00e1n vales, los cuales se podr\u00e1n canjear por alimentos de la canasta b\u00e1sica y productos de primera necesidad en las tiendas del municipio participantes en el referido programa.<\/p>\n<p style=\"font-weight: 400;\">Los beneficiarios no podr\u00e1 adquirir con estos vales, bebidas alcoh\u00f3licas, cigarros y comida chatarra, de acuerdo a las reglas de operaci\u00f3n aprobadas.<\/p>\n<p style=\"font-weight: 400;\">El gobierno municipal pondr\u00e1 a disposici\u00f3n de los interesados en solicitar el apoyo las siguientes l\u00edneas telef\u00f3nicas: 956 00 39 extensiones 5025, 5026, 5029; 956 07 06 extensi\u00f3n 7; y 9560292; las cuales corresponden a la Secretaria de Desarrollo Social, Secretaria de Turismo y Cultura y Secretaria de Desarrollo Econ\u00f3mico respectivamente.<\/p>\n<p style=\"font-weight: 400;\">Personal de dichas secretar\u00edas registrar\u00e1 las solicitudes y har\u00e1 un diagn\u00f3stico de informaci\u00f3n socioecon\u00f3mica, misma que se verificar\u00e1 f\u00edsicamente en los siguientes tres d\u00edas, para proceder a entregar los vales a las familias que resulten beneficiadas.<\/p>\n<p style=\"font-weight: 400;\">Previamente, el gobierno municipal convoc\u00f3 a las tiendas de abarrotes que se encuentren empadronadas en el Departamento de Reglamentos a adherirse voluntariamente al programa; los propietarios participantes firmaron una carta compromiso con las reglas de operaci\u00f3n, que incluye que podr\u00e1n cambiar los vales recibidos cada quince d\u00edas en la Secretar\u00eda de Finanzas y Administraci\u00f3n.<\/p>\n<p style=\"font-weight: 400;\">Los beneficiarios que reciban los vales podr\u00e1n identificar los comercios participantes mediante un cartel con la leyenda Negocio Participante y el emblema del programa.<\/p>\n<p style=\"font-weight: 400;\">Con esta acci\u00f3n, el gobierno municipal refrenda su compromiso de apoyara a los sectores m\u00e1s vulnerables de nuestra sociedad.<\/p>\n","protected":false},"excerpt":{"rendered":"<p>En apoyo a las personas que a consecuencia de la epidemia de COVID-19 (Coronavirus) quedaron desempleadas y a las familias que se encuentran en situaci\u00f3n vulnerable, el Gobierno Municipal de Calvillo present\u00f3 el programa Vale Por Ti, con el que previo un estudio socioecon\u00f3mico se repartir\u00e1n vales, los cuales se podr\u00e1n canjear por alimentos de [&hellip;]<\/p>\n","protected":false},"author":1,"featured_media":6373,"comment_status":"closed","ping_status":"open","sticky":false,"template":"","format":"standard","meta":{"advanced_seo_description":"","jetpack_seo_html_title":"","jetpack_seo_noindex":false,"_jetpack_memberships_contains_paid_content":false,"footnotes":"","jetpack_publicize_message":"","jetpack_publicize_feature_enabled":true,"jetpack_social_post_already_shared":true,"jetpack_social_options":{"image_generator_settings":{"template":"highway","default_image_id":0,"font":"","enabled":false},"version":2}},"categories":[21,13],"tags":[22,29],"class_list":["post-6372","post","type-post","status-publish","format-standard","has-post-thumbnail","hentry","category-aguascalientes","category-calvillo-aguascalientes","tag-aguascalientes","tag-calvillo-aguascalientes"],"jetpack_publicize_connections":[],"jetpack_featured_media_url":"https:\/\/i0.wp.com\/informativoelvalledeaguascalientes.online\/wp-content\/uploads\/2020\/05\/calvillo_ags_12052020.jpg?fit=783%2C449&ssl=1","jetpack-related-posts":[],"jetpack_sharing_enabled":true,"jetpack_likes_enabled":true,"_links":{"self":[{"href":"https:\/\/informativoelvalledeaguascalientes.online\/index.php?rest_route=\/wp\/v2\/posts\/6372","targetHints":{"allow":["GET"]}}],"collection":[{"href":"https:\/\/informativoelvalledeaguascalientes.online\/index.php?rest_route=\/wp\/v2\/posts"}],"about":[{"href":"https:\/\/informativoelvalledeaguascalientes.online\/index.php?rest_route=\/wp\/v2\/types\/post"}],"author":[{"embeddable":true,"href":"https:\/\/informativoelvalledeaguascalientes.online\/index.php?rest_route=\/wp\/v2\/users\/1"}],"replies":[{"embeddable":true,"href":"https:\/\/informativoelvalledeaguascalientes.online\/index.php?rest_route=%2Fwp%2Fv2%2Fcomments&post=6372"}],"version-history":[{"count":1,"href":"https:\/\/informativoelvalledeaguascalientes.online\/index.php?rest_route=\/wp\/v2\/posts\/6372\/revisions"}],"predecessor-version":[{"id":6374,"href":"https:\/\/informativoelvalledeaguascalientes.online\/index.php?rest_route=\/wp\/v2\/posts\/6372\/revisions\/6374"}],"wp:featuredmedia":[{"embeddable":true,"href":"https:\/\/informativoelvalledeaguascalientes.online\/index.php?rest_route=\/wp\/v2\/media\/6373"}],"wp:attachment":[{"href":"https:\/\/informativoelvalledeaguascalientes.online\/index.php?rest_route=%2Fwp%2Fv2%2Fmedia&parent=6372"}],"wp:term":[{"taxonomy":"category","embeddable":true,"href":"https:\/\/informativoelvalledeaguascalientes.online\/index.php?rest_route=%2Fwp%2Fv2%2Fcategories&post=6372"},{"taxonomy":"post_tag","embeddable":true,"href":"https:\/\/informativoelvalledeaguascalientes.online\/index.php?rest_route=%2Fwp%2Fv2%2Ftags&post=6372"}],"curies":[{"name":"wp","href":"https:\/\/api.w.org\/{rel}","templated":true}]}}