{"id":63705,"date":"2024-12-12T12:17:03","date_gmt":"2024-12-12T18:17:03","guid":{"rendered":"https:\/\/informativoelvalledeaguascalientes.online\/?p=63705"},"modified":"2024-12-12T15:21:23","modified_gmt":"2024-12-12T21:21:23","slug":"inauguran-en-jesus-maria-comedor-comunitario-para-adultos-mayores","status":"publish","type":"post","link":"https:\/\/informativoelvalledeaguascalientes.online\/?p=63705","title":{"rendered":"INAUGURAN EN JES\u00daS MAR\u00cdA COMEDOR COMUNITARIO PARA ADULTOS MAYORES"},"content":{"rendered":"<p>#informativoelvalledeaguascalientes<\/p>\n<p>#novaradioaguascalientes<\/p>\n<p>#informativoelvalledeaguascalientesll<\/p>\n<p>#Aguascalientes<\/p>\n<p>&nbsp;<\/p>\n<p>&nbsp;<\/p>\n<p>Ser\u00e1 tambi\u00e9n una estancia de d\u00eda que contar\u00e1 con actividades especialmente dise\u00f1adas para las personas de la tercera edad<br \/>\n\u2022 Est\u00e1 ubicado en la zona centro de Jes\u00fas Mar\u00eda<\/p>\n<p>Derivado del trabajo conjunto entre el Gobierno Municipal de Jes\u00fas Mar\u00eda y el Instituto Aguascalentense de las Personas Adultas Mayores (IAPAM), en Jes\u00fas Mar\u00eda fue inaugurado un comedor comunitario que, a partir del mes de enero, ofrecer\u00e1 a alimentos calientes y nutritivos a adultos mayores que lo requieran, asimismo este espacio trasciende su funci\u00f3n principal al convertirse tambi\u00e9n en una estancia de d\u00eda.<\/p>\n<p>En el evento inaugural, el presidente municipal de Jes\u00fas Mar\u00eda, C\u00e9sar Medina indic\u00f3 que el comedor comunitario, ubicado estrat\u00e9gicamente en la zona centro, contribuir\u00e1 a garantizar el bienestar de las personas de la tercera edad y mejorar su calidad de vida \u201ceste espacio ha sido creado especialmente para ustedes, aqu\u00ed podr\u00e1n tener diario, comida calientita, pero adem\u00e1s un lugar para convivir entre ustedes, aprovechen este lugar que es resultado del compromiso y el trabajo conjunto del municipio de Jes\u00fas Mar\u00eda y el Gobierno del Estado\u201d dijo.<\/p>\n<p>Agreg\u00f3 que, dependiendo de la respuesta, este sitio ubicado en la calle Agust\u00edn de Iturbide casi esquina con Benigno Ch\u00e1vez, podr\u00eda ampliarse, por lo que invit\u00f3 a los presentes a pasar la voz con sus familiares y amigos, pues el objetivo es que ning\u00fan adulto mayor se quede sin alimento en Jes\u00fas Mar\u00eda.<\/p>\n<p>Por su parte, la titular del IAPAM, Mar\u00eda de Jes\u00fas Ram\u00edrez Castro, indic\u00f3 que adem\u00e1s de brindar apoyo alimentario, este espacio ser\u00e1 una estancia de d\u00eda donde los adultos mayores podr\u00e1n disfrutar de momentos de convivencia, as\u00ed como de actividades especialmente dise\u00f1adas para estimular la memoria y fortalecer su cuerpo.<\/p>\n<p>\u201cAdem\u00e1s de comida caliente, aqu\u00ed tendr\u00e1n la oportunidad de establecer nuevas amistades y participar en distintas actividades, contaremos con m\u00e9dicos y psic\u00f3logos una vez por semana, ustedes han aportado mucho a la sociedad y ahora queremos que se sientan respaldados y contentos, por lo que seguiremos trabajando de la mano con el municipio de Jes\u00fas Mar\u00eda\u201d dijo Ram\u00edrez Castro.<\/p>\n<p>Tras el corte del list\u00f3n en el que participaron el presidente municipal de Jes\u00fas Mar\u00eda, C\u00e9sar Medina, la titular del IAPAM, Mar\u00eda de Jes\u00fas Ram\u00edrez Castro; la presidenta del Sistema DIF Municipal, Silvia de la Cruz; la directora del DIF de Jes\u00fas Mar\u00eda, Paola Mart\u00ednez Esquivel; la secretaria de Desarrollo Social, Elizabeth Andrade y la se\u00f1ora Hermila Silva Ontiveros, encargada del proyecto, los adultos mayores recibieron tamales, atole y cobijas.<\/p>\n","protected":false},"excerpt":{"rendered":"<p>#informativoelvalledeaguascalientes #novaradioaguascalientes #informativoelvalledeaguascalientesll #Aguascalientes &nbsp; &nbsp; Ser\u00e1 tambi\u00e9n una estancia de d\u00eda que contar\u00e1 con actividades especialmente dise\u00f1adas para las personas de la tercera edad \u2022 Est\u00e1 ubicado en la zona centro de Jes\u00fas Mar\u00eda Derivado del trabajo conjunto entre el Gobierno Municipal de Jes\u00fas Mar\u00eda y el Instituto Aguascalentense de las Personas Adultas Mayores [&hellip;]<\/p>\n","protected":false},"author":13383,"featured_media":63706,"comment_status":"closed","ping_status":"open","sticky":false,"template":"","format":"standard","meta":{"advanced_seo_description":"","jetpack_seo_html_title":"","jetpack_seo_noindex":false,"_jetpack_memberships_contains_paid_content":false,"footnotes":"","jetpack_publicize_message":"","jetpack_publicize_feature_enabled":true,"jetpack_social_post_already_shared":true,"jetpack_social_options":{"image_generator_settings":{"template":"highway","default_image_id":0,"font":"","enabled":false},"version":2}},"categories":[21,14],"tags":[22,45],"class_list":["post-63705","post","type-post","status-publish","format-standard","has-post-thumbnail","hentry","category-aguascalientes","category-jesus-maria-aguascalientes","tag-aguascalientes","tag-jesus-maria-aguascalientes"],"jetpack_publicize_connections":[],"jetpack_featured_media_url":"https:\/\/i0.wp.com\/informativoelvalledeaguascalientes.online\/wp-content\/uploads\/2024\/12\/WhatsApp-Image-2024-12-12-at-12.55.24-PM.jpeg?fit=2560%2C1706&ssl=1","jetpack-related-posts":[],"jetpack_sharing_enabled":true,"jetpack_likes_enabled":true,"_links":{"self":[{"href":"https:\/\/informativoelvalledeaguascalientes.online\/index.php?rest_route=\/wp\/v2\/posts\/63705","targetHints":{"allow":["GET"]}}],"collection":[{"href":"https:\/\/informativoelvalledeaguascalientes.online\/index.php?rest_route=\/wp\/v2\/posts"}],"about":[{"href":"https:\/\/informativoelvalledeaguascalientes.online\/index.php?rest_route=\/wp\/v2\/types\/post"}],"author":[{"embeddable":true,"href":"https:\/\/informativoelvalledeaguascalientes.online\/index.php?rest_route=\/wp\/v2\/users\/13383"}],"replies":[{"embeddable":true,"href":"https:\/\/informativoelvalledeaguascalientes.online\/index.php?rest_route=%2Fwp%2Fv2%2Fcomments&post=63705"}],"version-history":[{"count":1,"href":"https:\/\/informativoelvalledeaguascalientes.online\/index.php?rest_route=\/wp\/v2\/posts\/63705\/revisions"}],"predecessor-version":[{"id":63707,"href":"https:\/\/informativoelvalledeaguascalientes.online\/index.php?rest_route=\/wp\/v2\/posts\/63705\/revisions\/63707"}],"wp:featuredmedia":[{"embeddable":true,"href":"https:\/\/informativoelvalledeaguascalientes.online\/index.php?rest_route=\/wp\/v2\/media\/63706"}],"wp:attachment":[{"href":"https:\/\/informativoelvalledeaguascalientes.online\/index.php?rest_route=%2Fwp%2Fv2%2Fmedia&parent=63705"}],"wp:term":[{"taxonomy":"category","embeddable":true,"href":"https:\/\/informativoelvalledeaguascalientes.online\/index.php?rest_route=%2Fwp%2Fv2%2Fcategories&post=63705"},{"taxonomy":"post_tag","embeddable":true,"href":"https:\/\/informativoelvalledeaguascalientes.online\/index.php?rest_route=%2Fwp%2Fv2%2Ftags&post=63705"}],"curies":[{"name":"wp","href":"https:\/\/api.w.org\/{rel}","templated":true}]}}