{"id":63672,"date":"2024-12-11T23:48:06","date_gmt":"2024-12-12T05:48:06","guid":{"rendered":"https:\/\/informativoelvalledeaguascalientes.online\/?p=63672"},"modified":"2024-12-12T14:49:26","modified_gmt":"2024-12-12T20:49:26","slug":"el-coyote-y-su-banda-tierra-santa","status":"publish","type":"post","link":"https:\/\/informativoelvalledeaguascalientes.online\/?p=63672","title":{"rendered":"El Coyote y su Banda Tierra Santa"},"content":{"rendered":"<p>#informativoelvalledeaguascalientes<\/p>\n<p>#novaradioaguascalientes<\/p>\n<p>#informativoelvalledeaguascalientesll<\/p>\n<p>#Aguascalientes<\/p>\n<p>&nbsp;<\/p>\n<p>&nbsp;<\/p>\n<p>\ud83c\udfa4\u2728 El \ud835\udc13\ud835\udc1e\ud835\udc1a\ud835\udc2d\ud835\udc2b\ud835\udc28 \ud835\udc1d\ud835\udc1e\ud835\udc25 \ud835\udc0f\ud835\udc2e\ud835\udc1e\ud835\udc1b\ud835\udc25\ud835\udc28 de la \ud835\udc05\ud835\udc1e\ud835\udc2b\ud835\udc22\ud835\udc1a \ud835\udc0d\ud835\udc1a\ud835\udc1c\ud835\udc22\ud835\udc28\ud835\udc27\ud835\udc1a\ud835\udc25 \ud835\udc1d\ud835\udc1e \ud835\udc25\ud835\udc1a \ud835\udc06\ud835\udc2e\ud835\udc1a\ud835\udc32\ud835\udc1a\ud835\udc1b\ud835\udc1a \ud835\udfd0\ud835\udfce\ud835\udfd0\ud835\udfd2 fue el escenario de una noche inolvidable, llena de m\u00fasica y emoci\u00f3n con la presentaci\u00f3n estelar de El Coyote y su Banda Tierra Santa.<\/p>\n<p>Su m\u00fasica reson\u00f3 con fuerza, creando un ambiente lleno de energ\u00eda que contagi\u00f3 a todos los asistentes al ritmo de sus emblem\u00e1ticas canciones y su inigualable estilo.<\/p>\n<p>Previo a su concierto disfrutamos de la m\u00fasica de la agrupaci\u00f3n Marca Activa.<\/p>\n<p>#FNGuayaba2024<br \/>\n#\ud835\ude47\ud835\ude5a\ud835\ude5c\ud835\ude56\ud835\ude59\ud835\ude64\ud835\ude4b\ud835\ude56\ud835\ude67\ud835\ude56\ud835\ude48\ud835\ude5e\ud835\ude42\ud835\ude5a\ud835\ude63\ud835\ude69\ud835\ude5a<\/p>\n","protected":false},"excerpt":{"rendered":"<p>#informativoelvalledeaguascalientes #novaradioaguascalientes #informativoelvalledeaguascalientesll #Aguascalientes &nbsp; &nbsp; \ud83c\udfa4\u2728 El \ud835\udc13\ud835\udc1e\ud835\udc1a\ud835\udc2d\ud835\udc2b\ud835\udc28 \ud835\udc1d\ud835\udc1e\ud835\udc25 \ud835\udc0f\ud835\udc2e\ud835\udc1e\ud835\udc1b\ud835\udc25\ud835\udc28 de la \ud835\udc05\ud835\udc1e\ud835\udc2b\ud835\udc22\ud835\udc1a \ud835\udc0d\ud835\udc1a\ud835\udc1c\ud835\udc22\ud835\udc28\ud835\udc27\ud835\udc1a\ud835\udc25 \ud835\udc1d\ud835\udc1e \ud835\udc25\ud835\udc1a \ud835\udc06\ud835\udc2e\ud835\udc1a\ud835\udc32\ud835\udc1a\ud835\udc1b\ud835\udc1a \ud835\udfd0\ud835\udfce\ud835\udfd0\ud835\udfd2 fue el escenario de una noche inolvidable, llena de m\u00fasica y emoci\u00f3n con la presentaci\u00f3n estelar de El Coyote y su Banda Tierra Santa. Su m\u00fasica reson\u00f3 con fuerza, creando un ambiente lleno de energ\u00eda que [&hellip;]<\/p>\n","protected":false},"author":13383,"featured_media":63673,"comment_status":"closed","ping_status":"open","sticky":false,"template":"","format":"standard","meta":{"advanced_seo_description":"","jetpack_seo_html_title":"","jetpack_seo_noindex":false,"_jetpack_memberships_contains_paid_content":false,"footnotes":"","jetpack_publicize_message":"","jetpack_publicize_feature_enabled":true,"jetpack_social_post_already_shared":true,"jetpack_social_options":{"image_generator_settings":{"template":"highway","default_image_id":0,"font":"","enabled":false},"version":2}},"categories":[21,13],"tags":[22,29],"class_list":["post-63672","post","type-post","status-publish","format-standard","has-post-thumbnail","hentry","category-aguascalientes","category-calvillo-aguascalientes","tag-aguascalientes","tag-calvillo-aguascalientes"],"jetpack_publicize_connections":[],"jetpack_featured_media_url":"https:\/\/i0.wp.com\/informativoelvalledeaguascalientes.online\/wp-content\/uploads\/2024\/12\/WhatsApp-Image-2024-12-11-at-11.20.26-PM.jpeg?fit=1500%2C1001&ssl=1","jetpack-related-posts":[],"jetpack_sharing_enabled":true,"jetpack_likes_enabled":true,"_links":{"self":[{"href":"https:\/\/informativoelvalledeaguascalientes.online\/index.php?rest_route=\/wp\/v2\/posts\/63672","targetHints":{"allow":["GET"]}}],"collection":[{"href":"https:\/\/informativoelvalledeaguascalientes.online\/index.php?rest_route=\/wp\/v2\/posts"}],"about":[{"href":"https:\/\/informativoelvalledeaguascalientes.online\/index.php?rest_route=\/wp\/v2\/types\/post"}],"author":[{"embeddable":true,"href":"https:\/\/informativoelvalledeaguascalientes.online\/index.php?rest_route=\/wp\/v2\/users\/13383"}],"replies":[{"embeddable":true,"href":"https:\/\/informativoelvalledeaguascalientes.online\/index.php?rest_route=%2Fwp%2Fv2%2Fcomments&post=63672"}],"version-history":[{"count":1,"href":"https:\/\/informativoelvalledeaguascalientes.online\/index.php?rest_route=\/wp\/v2\/posts\/63672\/revisions"}],"predecessor-version":[{"id":63674,"href":"https:\/\/informativoelvalledeaguascalientes.online\/index.php?rest_route=\/wp\/v2\/posts\/63672\/revisions\/63674"}],"wp:featuredmedia":[{"embeddable":true,"href":"https:\/\/informativoelvalledeaguascalientes.online\/index.php?rest_route=\/wp\/v2\/media\/63673"}],"wp:attachment":[{"href":"https:\/\/informativoelvalledeaguascalientes.online\/index.php?rest_route=%2Fwp%2Fv2%2Fmedia&parent=63672"}],"wp:term":[{"taxonomy":"category","embeddable":true,"href":"https:\/\/informativoelvalledeaguascalientes.online\/index.php?rest_route=%2Fwp%2Fv2%2Fcategories&post=63672"},{"taxonomy":"post_tag","embeddable":true,"href":"https:\/\/informativoelvalledeaguascalientes.online\/index.php?rest_route=%2Fwp%2Fv2%2Ftags&post=63672"}],"curies":[{"name":"wp","href":"https:\/\/api.w.org\/{rel}","templated":true}]}}