{"id":63643,"date":"2024-12-11T21:20:08","date_gmt":"2024-12-12T03:20:08","guid":{"rendered":"https:\/\/informativoelvalledeaguascalientes.online\/?p=63643"},"modified":"2024-12-12T14:24:31","modified_gmt":"2024-12-12T20:24:31","slug":"aprueba-consejo-estatal-del-pan-a-los-30-integrantes-de-la-comision-permanente-del-partido-2","status":"publish","type":"post","link":"https:\/\/informativoelvalledeaguascalientes.online\/?p=63643","title":{"rendered":"APRUEBA CONSEJO ESTATAL DEL PAN A LOS 30 INTEGRANTES DE LA COMISI\u00d3N PERMANENTE DEL PARTIDO"},"content":{"rendered":"<p>#informativoelvalledeaguascalientes<\/p>\n<p>#novaradioaguascalientes<\/p>\n<p>#informativoelvalledeaguascalientesll<\/p>\n<p>#Aguascalientes<\/p>\n<p>&nbsp;<\/p>\n<p>&nbsp;<\/p>\n<ul>\n<li><strong><em>El presidente estatal del PAN, agradeci\u00f3 el trabajo de todos los actores que trabajaron este 2024 para lograr los resultados obtenidos en Aguascalientes.<\/em><\/strong><\/li>\n<li><strong><em>Se asumen nuevos retos, apostando por abrir el partido a la ciudadan\u00eda, recorrer las calles y el fortalecimiento interno.<\/em><\/strong><\/li>\n<\/ul>\n<p><strong><em>\u00a0<\/em><\/strong><\/p>\n<p>Luego de la integraci\u00f3n del Comit\u00e9 Directivo Estatal del Partido Acci\u00f3n Nacional en Aguascalientes para el periodo 2024-2027,\u00a0 y dando cumplimiento a los procesos de la vida interna del partido, esta tarde se convoc\u00f3 a la Sesi\u00f3n Extraordinaria del Consejo Estatal en la que se definieron las y los 30 integrantes de la Comisi\u00f3n Permanente Estatal.<\/p>\n<p>&nbsp;<\/p>\n<p>El presidente del CDE, Javier Lu\u00e9vano N\u00fa\u00f1ez,\u00a0 agradeci\u00f3 el trabajo de cada uno de los miembros del Consejo, de el ej\u00e9rcito electoral que se despleg\u00f3 en la elecci\u00f3n concurrente del presente a\u00f1o, a la militancia y simpatizantes del partido, as\u00ed como a la sociedad que ha refrendado una vez m\u00e1s su confianza en Acci\u00f3n Nacional, consciente de los nuevos retos que se avecinan, en particular los del pr\u00f3ximo 2027.<\/p>\n<p>&nbsp;<\/p>\n<p>La propuesta de acuerdo a lo que marcan los estatutos qued\u00f3 conformada y aprobada por mayor\u00eda de las y los consejeros de la siguiente forma:<\/p>\n<p>&nbsp;<\/p>\n<p><strong>\u00a0<\/strong><\/p>\n<table width=\"397\">\n<tbody>\n<tr>\n<td width=\"80\">N\u00famero<\/td>\n<td width=\"317\">Nombre<\/td>\n<\/tr>\n<tr>\n<td width=\"80\">1<\/td>\n<td width=\"317\">Mar\u00eda de Jes\u00fas D\u00edaz Marmolejo<\/td>\n<\/tr>\n<tr>\n<td width=\"80\">2<\/td>\n<td width=\"317\">M\u00f3nica Becerra Moreno<\/td>\n<\/tr>\n<tr>\n<td width=\"80\">3<\/td>\n<td width=\"317\">Ver\u00f3nica de Luna Prieto<\/td>\n<\/tr>\n<tr>\n<td width=\"80\">4<\/td>\n<td width=\"317\">Raquel Soto Orozco<\/td>\n<\/tr>\n<tr>\n<td width=\"80\">5<\/td>\n<td width=\"317\">Karla Paola \u00c1vila Renter\u00eda<\/td>\n<\/tr>\n<tr>\n<td width=\"80\">6<\/td>\n<td width=\"317\">Claudia Gabriela Caudel de Luna<\/td>\n<\/tr>\n<tr>\n<td width=\"80\">7<\/td>\n<td width=\"317\">Mar\u00eda Sara Mata Ram\u00edrez<\/td>\n<\/tr>\n<tr>\n<td width=\"80\">8<\/td>\n<td width=\"317\">Dulce Andrade Lovera<\/td>\n<\/tr>\n<tr>\n<td width=\"80\">9<\/td>\n<td width=\"317\">Aurora Jim\u00e9nez Esquivel<\/td>\n<\/tr>\n<tr>\n<td width=\"80\">10<\/td>\n<td width=\"317\">Karla Mar\u00eda Gallegos Casta\u00f1eda<\/td>\n<\/tr>\n<tr>\n<td width=\"80\">11<\/td>\n<td width=\"317\">Silvia Eugenia D\u00edaz Rubalcava<\/td>\n<\/tr>\n<tr>\n<td width=\"80\">12<\/td>\n<td width=\"317\">Alfredo Mart\u00edn Cervantes Garc\u00eda<\/td>\n<\/tr>\n<tr>\n<td width=\"80\">13<\/td>\n<td width=\"317\">Jos\u00e9 Alfonso Rubalcava Jim\u00e9nez<\/td>\n<\/tr>\n<tr>\n<td width=\"80\">14<\/td>\n<td width=\"317\">Carlos de Alba Salas<\/td>\n<\/tr>\n<tr>\n<td width=\"80\">15<\/td>\n<td width=\"317\">Luis Guadalupe Le\u00f3n M\u00e9ndez<\/td>\n<\/tr>\n<tr>\n<td width=\"80\">16<\/td>\n<td width=\"317\">Leonardo Monta\u00f1ez Castro<\/td>\n<\/tr>\n<tr>\n<td width=\"80\">17<\/td>\n<td width=\"317\">Edson Rub\u00e9n Camarillo Rodr\u00edguez<\/td>\n<\/tr>\n<tr>\n<td width=\"80\">18<\/td>\n<td width=\"317\">Jos\u00e9 Alfredo Gallo Camacho<\/td>\n<\/tr>\n<tr>\n<td width=\"80\">19<\/td>\n<td width=\"317\">Daniel Romo Urrutia<\/td>\n<\/tr>\n<tr>\n<td width=\"80\">20<\/td>\n<td width=\"317\">Luis Enrique Garc\u00eda L\u00f3pez<\/td>\n<\/tr>\n<tr>\n<td width=\"80\">21<\/td>\n<td width=\"317\">Jos\u00e9 Juan S\u00e1nchez Barba<\/td>\n<\/tr>\n<tr>\n<td width=\"80\">22<\/td>\n<td width=\"317\">Cesar Fernando Medina Cervantes<\/td>\n<\/tr>\n<\/tbody>\n<\/table>\n<p>&nbsp;<\/p>\n<p><strong>\u00a0<\/strong><\/p>\n<p>Asimismo, el Consejo realiz\u00f3 la propuesta de los 8 integrantes restantes, votados y aprobados por mayor\u00eda.<\/p>\n<table width=\"390\">\n<tbody>\n<tr>\n<td width=\"80\">N\u00famero<\/td>\n<td width=\"310\">Nombre<\/td>\n<\/tr>\n<tr>\n<td width=\"80\">1<\/td>\n<td width=\"310\">Sarah\u00ed Mac\u00edas Alicea<\/td>\n<\/tr>\n<tr>\n<td width=\"80\">2<\/td>\n<td width=\"310\">Mar\u00eda Guadalupe Quintanilla Jaime<\/td>\n<\/tr>\n<tr>\n<td width=\"80\">3<\/td>\n<td width=\"310\">Ma de Jes\u00fas Ram\u00edrez Castro<\/td>\n<\/tr>\n<tr>\n<td width=\"80\">4<\/td>\n<td width=\"310\">Mariela del Socorro Santoyo Z\u00fa\u00f1iga<\/td>\n<\/tr>\n<tr>\n<td width=\"80\">5<\/td>\n<td width=\"310\">Jos\u00e9 Antonio Ar\u00e1mbula L\u00f3pez<\/td>\n<\/tr>\n<tr>\n<td width=\"80\">6<\/td>\n<td width=\"310\">Christian Salvador Guti\u00e9rrez M\u00e1rquez<\/td>\n<\/tr>\n<tr>\n<td width=\"80\">7<\/td>\n<td width=\"310\">Salvador Maximiliano Ram\u00edrez Hern\u00e1ndez<\/td>\n<\/tr>\n<tr>\n<td width=\"80\">8<\/td>\n<td width=\"310\">Daniel Rivera Arias<\/td>\n<\/tr>\n<\/tbody>\n<\/table>\n<p>&nbsp;<\/p>\n<p>&nbsp;<\/p>\n<p>A estos treinta integrantes del Consejo se suman los denominados ex oficio, que recaen en quienes ocupan los cargos de presidente y secretaria general del partido; gobernadora de Aguascalientes;\u00a0 secretario de Acci\u00f3n Juvenil, secretaria de Promoci\u00f3n Pol\u00edtica de la Mujer y tesorero del partido;\u00a0 coordinador de diputados federales; coordinador de regidores, s\u00edndicos y alcaldes en el estado;\u00a0 as\u00ed como todos los ex presidentes del Comit\u00e9 Directivo Estatal que hayan sido electos por el Consejo o la militancia.<\/p>\n<p>&nbsp;<\/p>\n<p>En esta misma sesi\u00f3n se ratific\u00f3 a quien ocupar\u00e1 el cargo de tesorero en el presente periodo de gesti\u00f3n del Comit\u00e9, Roberto Karlo Nu\u00f1ez Ch\u00e1vez.<\/p>\n<p>&nbsp;<\/p>\n<p>Finalmente Lu\u00e9vano N\u00fa\u00f1ez afirm\u00f3 que \u201choy el compromiso es mayor, no podemos repetir la misma f\u00f3rmula, tenemos que aspirar a crecer y a mejorar, los retos no ser\u00e1n sencillos ni f\u00e1ciles,\u00a0 depende de nosotros no caer en un exceso de confianza, por lo que trabajaremos fuertemente en el fortalecimiento interno del partido, abrirnos m\u00e1s hacia la ciudadan\u00eda, recorrer las calles para determinar un rumbo claro hacia el futuro\u201d.<\/p>\n<p>&nbsp;<\/p>\n","protected":false},"excerpt":{"rendered":"<p>#informativoelvalledeaguascalientes #novaradioaguascalientes #informativoelvalledeaguascalientesll #Aguascalientes &nbsp; &nbsp; El presidente estatal del PAN, agradeci\u00f3 el trabajo de todos los actores que trabajaron este 2024 para lograr los resultados obtenidos en Aguascalientes. Se asumen nuevos retos, apostando por abrir el partido a la ciudadan\u00eda, recorrer las calles y el fortalecimiento interno. \u00a0 Luego de la integraci\u00f3n del Comit\u00e9 [&hellip;]<\/p>\n","protected":false},"author":13383,"featured_media":63644,"comment_status":"closed","ping_status":"open","sticky":false,"template":"","format":"standard","meta":{"advanced_seo_description":"","jetpack_seo_html_title":"","jetpack_seo_noindex":false,"_jetpack_memberships_contains_paid_content":false,"footnotes":"","jetpack_publicize_message":"","jetpack_publicize_feature_enabled":true,"jetpack_social_post_already_shared":true,"jetpack_social_options":{"image_generator_settings":{"template":"highway","default_image_id":0,"font":"","enabled":false},"version":2}},"categories":[21,7],"tags":[22,23],"class_list":["post-63643","post","type-post","status-publish","format-standard","has-post-thumbnail","hentry","category-aguascalientes","category-pan-aguascalientes","tag-aguascalientes","tag-pan-aguascalientes"],"jetpack_publicize_connections":[],"jetpack_featured_media_url":"https:\/\/i0.wp.com\/informativoelvalledeaguascalientes.online\/wp-content\/uploads\/2024\/12\/WhatsApp-Image-2024-12-11-at-9.51.41-PM-scaled.jpeg?fit=2560%2C1920&ssl=1","jetpack-related-posts":[],"jetpack_sharing_enabled":true,"jetpack_likes_enabled":true,"_links":{"self":[{"href":"https:\/\/informativoelvalledeaguascalientes.online\/index.php?rest_route=\/wp\/v2\/posts\/63643","targetHints":{"allow":["GET"]}}],"collection":[{"href":"https:\/\/informativoelvalledeaguascalientes.online\/index.php?rest_route=\/wp\/v2\/posts"}],"about":[{"href":"https:\/\/informativoelvalledeaguascalientes.online\/index.php?rest_route=\/wp\/v2\/types\/post"}],"author":[{"embeddable":true,"href":"https:\/\/informativoelvalledeaguascalientes.online\/index.php?rest_route=\/wp\/v2\/users\/13383"}],"replies":[{"embeddable":true,"href":"https:\/\/informativoelvalledeaguascalientes.online\/index.php?rest_route=%2Fwp%2Fv2%2Fcomments&post=63643"}],"version-history":[{"count":1,"href":"https:\/\/informativoelvalledeaguascalientes.online\/index.php?rest_route=\/wp\/v2\/posts\/63643\/revisions"}],"predecessor-version":[{"id":63645,"href":"https:\/\/informativoelvalledeaguascalientes.online\/index.php?rest_route=\/wp\/v2\/posts\/63643\/revisions\/63645"}],"wp:featuredmedia":[{"embeddable":true,"href":"https:\/\/informativoelvalledeaguascalientes.online\/index.php?rest_route=\/wp\/v2\/media\/63644"}],"wp:attachment":[{"href":"https:\/\/informativoelvalledeaguascalientes.online\/index.php?rest_route=%2Fwp%2Fv2%2Fmedia&parent=63643"}],"wp:term":[{"taxonomy":"category","embeddable":true,"href":"https:\/\/informativoelvalledeaguascalientes.online\/index.php?rest_route=%2Fwp%2Fv2%2Fcategories&post=63643"},{"taxonomy":"post_tag","embeddable":true,"href":"https:\/\/informativoelvalledeaguascalientes.online\/index.php?rest_route=%2Fwp%2Fv2%2Ftags&post=63643"}],"curies":[{"name":"wp","href":"https:\/\/api.w.org\/{rel}","templated":true}]}}