{"id":63473,"date":"2024-12-05T15:02:17","date_gmt":"2024-12-05T21:02:17","guid":{"rendered":"https:\/\/informativoelvalledeaguascalientes.online\/?p=63473"},"modified":"2024-12-08T16:05:05","modified_gmt":"2024-12-08T22:05:05","slug":"el-instituto-aguascalentense-de-las-personas-adultas-mayores-entregara-regalos-a-abuelitas-y-abuelitos-para-celebrar-la-navidad","status":"publish","type":"post","link":"https:\/\/informativoelvalledeaguascalientes.online\/?p=63473","title":{"rendered":"EL INSTITUTO AGUASCALENTENSE DE LAS PERSONAS ADULTAS MAYORES ENTREGAR\u00c1 REGALOS A ABUELITAS Y ABUELITOS PARA CELEBRAR LA NAVIDAD"},"content":{"rendered":"<p>#informativoelvalledeaguascalientes<\/p>\n<p>#novaradioaguascalientes<\/p>\n<p>#informativoelvalledeaguascalientesll<\/p>\n<p>#Aguascalientes<\/p>\n<p>&nbsp;<\/p>\n<p>&nbsp;<\/p>\n<div id=\"bgLayers_comp-l7sh9ubr2\" class=\"MW5IWV\" data-hook=\"bgLayers\" data-motion-part=\"BG_LAYER\">\n<div id=\"bgMedia_comp-l7sh9ubr2\" class=\"VgO9Yg\" data-motion-part=\"BG_MEDIA\"><\/div>\n<\/div>\n<div class=\"\" data-mesh-id=\"comp-l7sh9ubr2inlineContent\" data-testid=\"inline-content\">\n<div data-mesh-id=\"comp-l7sh9ubr2inlineContent-gridContainer\" data-testid=\"mesh-container-content\">\n<div id=\"comp-l7sh9ubx\" class=\"TWFxr5 \">\n<div class=\"comp-l7sh9ubx\">\n<div class=\"sGWYken comp-l7sh9ubx\" data-hook=\"ricosviewer-wrapper\">\n<div class=\"nIlW2\" dir=\"ltr\" data-id=\"content-viewer\">\n<div class=\"C0hbR\">\n<div class=\"av0i6\">\n<p id=\"viewer-foo\" class=\"o0STb GF80u _6Vwzd HjRUP\" dir=\"auto\"><span class=\"B-fpk _6Vwzd\">El Gobierno del Estado invita a las personas de la tercera edad a celebrar la Navidad con la entrega de regalos en las instalaciones del Instituto Aguascalentense de las Personas Adultas Mayores (IAPAM).\u00a0<\/span><\/p>\n<div id=\"viewer-yku2k129\" class=\"o0STb GF80u _6Vwzd HjRUP\" dir=\"auto\"><span class=\"B-fpk _6Vwzd\">\u00a0<\/span><\/div>\n<p id=\"viewer-p0bu8130\" class=\"o0STb GF80u _6Vwzd HjRUP\" dir=\"auto\"><span class=\"B-fpk _6Vwzd\">Los presentes se otorgar\u00e1n los d\u00edas 5, 6 y 9 de diciembre, de las 9:00 de la ma\u00f1ana a las 3:00 de la tarde, en la calle \u00c1lvaro Obreg\u00f3n No. 229; las y los participantes deber\u00e1n acudir con identificaci\u00f3n oficial y su Tarjeta Soluciones.\u00a0<\/span><\/p>\n<div id=\"viewer-ytatr132\" class=\"o0STb GF80u _6Vwzd HjRUP\" dir=\"auto\"><span class=\"B-fpk _6Vwzd\">\u00a0<\/span><\/div>\n<p id=\"viewer-nlg1n133\" class=\"o0STb GF80u _6Vwzd HjRUP\" dir=\"auto\"><span class=\"B-fpk _6Vwzd\">Esta iniciativa es una muestra del compromiso de la administraci\u00f3n estatal de cuidar, valorar y reconocer a quienes han dado tanto por construir un mejor Aguascalientes.\u00a0<\/span><\/p>\n<div id=\"viewer-dx1jl135\" class=\"o0STb GF80u _6Vwzd HjRUP\" dir=\"auto\"><span class=\"B-fpk _6Vwzd\">\u00a0<\/span><\/div>\n<p id=\"viewer-ngabq136\" class=\"o0STb GF80u _6Vwzd HjRUP\" dir=\"auto\"><span class=\"B-fpk _6Vwzd\">Para m\u00e1s informaci\u00f3n, comunicarse al tel\u00e9fono 449 910 26 49. \u00a1Te esperamos!<\/span><\/p>\n<\/div>\n<\/div>\n<\/div>\n<\/div>\n<\/div>\n<\/div>\n<\/div>\n<\/div>\n","protected":false},"excerpt":{"rendered":"<p>#informativoelvalledeaguascalientes #novaradioaguascalientes #informativoelvalledeaguascalientesll #Aguascalientes &nbsp; &nbsp; El Gobierno del Estado invita a las personas de la tercera edad a celebrar la Navidad con la entrega de regalos en las instalaciones del Instituto Aguascalentense de las Personas Adultas Mayores (IAPAM).\u00a0 \u00a0 Los presentes se otorgar\u00e1n los d\u00edas 5, 6 y 9 de diciembre, de las 9:00 [&hellip;]<\/p>\n","protected":false},"author":13383,"featured_media":63474,"comment_status":"closed","ping_status":"open","sticky":false,"template":"","format":"standard","meta":{"advanced_seo_description":"","jetpack_seo_html_title":"","jetpack_seo_noindex":false,"_jetpack_memberships_contains_paid_content":false,"footnotes":"","jetpack_publicize_message":"","jetpack_publicize_feature_enabled":true,"jetpack_social_post_already_shared":true,"jetpack_social_options":{"image_generator_settings":{"template":"highway","default_image_id":0,"font":"","enabled":false},"version":2}},"categories":[21,4],"tags":[22,615,623],"class_list":["post-63473","post","type-post","status-publish","format-standard","has-post-thumbnail","hentry","category-aguascalientes","category-gobierno-del-estado-aguascalientes","tag-aguascalientes","tag-gobierno-del-estado-de-aguascalientes","tag-iapam"],"jetpack_publicize_connections":[],"jetpack_featured_media_url":"https:\/\/i0.wp.com\/informativoelvalledeaguascalientes.online\/wp-content\/uploads\/2024\/12\/11-scaled.jpeg?fit=2560%2C1707&ssl=1","jetpack-related-posts":[],"jetpack_sharing_enabled":true,"jetpack_likes_enabled":true,"_links":{"self":[{"href":"https:\/\/informativoelvalledeaguascalientes.online\/index.php?rest_route=\/wp\/v2\/posts\/63473","targetHints":{"allow":["GET"]}}],"collection":[{"href":"https:\/\/informativoelvalledeaguascalientes.online\/index.php?rest_route=\/wp\/v2\/posts"}],"about":[{"href":"https:\/\/informativoelvalledeaguascalientes.online\/index.php?rest_route=\/wp\/v2\/types\/post"}],"author":[{"embeddable":true,"href":"https:\/\/informativoelvalledeaguascalientes.online\/index.php?rest_route=\/wp\/v2\/users\/13383"}],"replies":[{"embeddable":true,"href":"https:\/\/informativoelvalledeaguascalientes.online\/index.php?rest_route=%2Fwp%2Fv2%2Fcomments&post=63473"}],"version-history":[{"count":1,"href":"https:\/\/informativoelvalledeaguascalientes.online\/index.php?rest_route=\/wp\/v2\/posts\/63473\/revisions"}],"predecessor-version":[{"id":63475,"href":"https:\/\/informativoelvalledeaguascalientes.online\/index.php?rest_route=\/wp\/v2\/posts\/63473\/revisions\/63475"}],"wp:featuredmedia":[{"embeddable":true,"href":"https:\/\/informativoelvalledeaguascalientes.online\/index.php?rest_route=\/wp\/v2\/media\/63474"}],"wp:attachment":[{"href":"https:\/\/informativoelvalledeaguascalientes.online\/index.php?rest_route=%2Fwp%2Fv2%2Fmedia&parent=63473"}],"wp:term":[{"taxonomy":"category","embeddable":true,"href":"https:\/\/informativoelvalledeaguascalientes.online\/index.php?rest_route=%2Fwp%2Fv2%2Fcategories&post=63473"},{"taxonomy":"post_tag","embeddable":true,"href":"https:\/\/informativoelvalledeaguascalientes.online\/index.php?rest_route=%2Fwp%2Fv2%2Ftags&post=63473"}],"curies":[{"name":"wp","href":"https:\/\/api.w.org\/{rel}","templated":true}]}}