{"id":63467,"date":"2024-12-05T12:53:36","date_gmt":"2024-12-05T18:53:36","guid":{"rendered":"https:\/\/informativoelvalledeaguascalientes.online\/?p=63467"},"modified":"2024-12-08T15:56:56","modified_gmt":"2024-12-08T21:56:56","slug":"inaugura-tere-jimenez-la-primera-clinica-de-autismo-en-aguascalientes","status":"publish","type":"post","link":"https:\/\/informativoelvalledeaguascalientes.online\/?p=63467","title":{"rendered":"INAUGURA TERE JIM\u00c9NEZ LA PRIMERA CL\u00cdNICA DE AUTISMO EN AGUASCALIENTES"},"content":{"rendered":"<p>#informativoelvalledeaguascalientes<\/p>\n<p>#novaradioaguascalientes<\/p>\n<p>#informativoelvalledeaguascalientesll<\/p>\n<p>#Aguascalientes<\/p>\n<p>&nbsp;<\/p>\n<p>&nbsp;<\/p>\n<ul class=\"_9iRlZ joYDm\">\n<li class=\"AY0Vp\" dir=\"auto\" aria-level=\"1\">\n<p id=\"viewer-3ywyw146\" class=\"o0STb GF80u _6Vwzd HjRUP\" dir=\"\"><span class=\"B-fpk _6Vwzd\"><strong><em>Se brindar\u00e1 atenci\u00f3n integral a m\u00e1s de 300 ni\u00f1as, ni\u00f1os y j\u00f3venes con autismo<\/em><\/strong><\/span><\/p>\n<\/li>\n<li class=\"AY0Vp\" dir=\"auto\" aria-level=\"1\">\n<p id=\"viewer-na45t149\" class=\"o0STb GF80u _6Vwzd HjRUP\" dir=\"\"><span class=\"B-fpk _6Vwzd\"><strong><em>Contar\u00e1 con m\u00e9dicos especialistas y atenci\u00f3n de primer nivel<\/em><\/strong><\/span><\/p>\n<\/li>\n<li class=\"AY0Vp\" dir=\"auto\" aria-level=\"1\">\n<p id=\"viewer-q4hgu152\" class=\"o0STb GF80u _6Vwzd HjRUP\" dir=\"\"><span class=\"B-fpk _6Vwzd\"><strong><em>Para mayor informaci\u00f3n, las y los interesados pueden comunicarse al tel\u00e9fono 449 910 22 23<\/em><\/strong><\/span><\/p>\n<\/li>\n<\/ul>\n<div id=\"viewer-eh6id331\" class=\"o0STb GF80u _6Vwzd HjRUP\" dir=\"auto\"><span class=\"B-fpk _6Vwzd\">\u00a0<\/span><\/div>\n<div id=\"viewer-bzbxf389\" class=\"o0STb GF80u _6Vwzd HjRUP\" dir=\"auto\"><span class=\"B-fpk _6Vwzd\">\u00a0<\/span><\/div>\n<p id=\"viewer-5cur3154\" class=\"o0STb GF80u _6Vwzd HjRUP\" dir=\"auto\"><span class=\"B-fpk _6Vwzd\">La gobernadora Tere Jim\u00e9nez inaugur\u00f3 la primera Cl\u00ednica de Autismo, donde se brindar\u00e1 atenci\u00f3n integral a m\u00e1s de 300 ni\u00f1as, ni\u00f1os y j\u00f3venes con este padecimiento, en las instalaciones del Centro de Rehabilitaci\u00f3n e Inclusi\u00f3n Infantil Telet\u00f3n (CRIT) Aguascalientes; se invirtieron 15 millones de pesos. <\/span><\/p>\n<div id=\"viewer-49jp0156\" class=\"o0STb GF80u joYDm HjRUP\" dir=\"auto\"><span class=\"B-fpk\">\u00a0<\/span><\/div>\n<p id=\"viewer-fiz4d157\" class=\"o0STb GF80u _6Vwzd HjRUP\" dir=\"auto\"><span class=\"B-fpk _6Vwzd\">\u201cNo est\u00e1n solos, est\u00e1n acompa\u00f1ados. Le daremos prioridad a este proyecto en el cual tendremos m\u00e9dicos especialistas y atenci\u00f3n de primer nivel; vamos a seguir colaborando para que tengan los mejores servicios, y el pr\u00f3ximo a\u00f1o viene otra aportaci\u00f3n importante para el Telet\u00f3n\u201d, expres\u00f3 la gobernadora.<\/span><\/p>\n<div id=\"viewer-aiwjk159\" class=\"o0STb GF80u joYDm HjRUP\" dir=\"auto\"><span class=\"B-fpk\">\u00a0<\/span><\/div>\n<p id=\"viewer-krx15160\" class=\"o0STb GF80u _6Vwzd HjRUP\" dir=\"auto\"><span class=\"B-fpk _6Vwzd\">Detall\u00f3 que en este espacio cada ni\u00f1o y ni\u00f1a con autismo recibir\u00e1 atenci\u00f3n personalizada, con apoyo de especialistas como neur\u00f3logos, asesores pedag\u00f3gicos, terapeutas de lenguaje y ocupacional, entre otros.\u00a0<\/span><\/p>\n<div id=\"viewer-jo6hk162\" class=\"o0STb GF80u joYDm HjRUP\" dir=\"auto\"><span class=\"B-fpk\">\u00a0<\/span><\/div>\n<p id=\"viewer-gixjn163\" class=\"o0STb GF80u _6Vwzd HjRUP\" dir=\"auto\"><span class=\"B-fpk _6Vwzd\">Rub\u00e9n Galaviz Trist\u00e1n, secretario de Salud del Estado, enfatiz\u00f3 que gracias al trabajo de la gobernadora Tere Jim\u00e9nez, hoy Aguascalientes est\u00e1 posicionado como uno de los estados con los mejores sistemas de salud, con mayor cobertura y servicios.\u00a0<\/span><\/p>\n<div id=\"viewer-lqxch194\" class=\"o0STb GF80u _6Vwzd HjRUP\" dir=\"auto\"><span class=\"B-fpk _6Vwzd\">\u00a0<\/span><\/div>\n<p id=\"viewer-of91g165\" class=\"o0STb GF80u _6Vwzd HjRUP\" dir=\"auto\"><span class=\"B-fpk _6Vwzd\">\u201cEn Aguascalientes nos caracterizamos por ser gente buena que siempre trabaja para los dem\u00e1s, con gran esp\u00edritu de servicio. Reconozco a todos los que trabajaron en el proyecto y pusieron su granito de arena\u201d, subray\u00f3 el secretario de Salud.<\/span><\/p>\n<div id=\"viewer-dpucp215\" class=\"o0STb GF80u _6Vwzd HjRUP\" dir=\"auto\"><span class=\"B-fpk _6Vwzd\">\u00a0<\/span><\/div>\n<p id=\"viewer-74vlg167\" class=\"o0STb GF80u _6Vwzd HjRUP\" dir=\"auto\"><span class=\"B-fpk _6Vwzd\">Eduardo Gama Abuasale, director general del CRIT Aguascalientes, reconoci\u00f3 el trabajo en equipo con la administraci\u00f3n estatal para concretar este proyecto.<\/span><\/p>\n<div id=\"viewer-2clmr169\" class=\"o0STb GF80u joYDm HjRUP\" dir=\"auto\"><span class=\"B-fpk\">\u00a0<\/span><\/div>\n<p id=\"viewer-0d8sm170\" class=\"o0STb GF80u _6Vwzd HjRUP\" dir=\"auto\"><span class=\"B-fpk _6Vwzd\">\u201cEstamos muy contentos por esta nueva cl\u00ednica; este proyecto es una obra de amor que se ha realizado con la suma de voluntades y esfuerzos de muchas personas. Hoy la sociedad de Aguascalientes los mira y abraza a las familias con ni\u00f1as y ni\u00f1os con autismo\u201d, destac\u00f3 Eduardo Gama.<\/span><\/p>\n<div id=\"viewer-623fc237\" class=\"o0STb GF80u _6Vwzd HjRUP\" dir=\"auto\"><span class=\"B-fpk _6Vwzd\">\u00a0<\/span><\/div>\n<p id=\"viewer-xl5jp172\" class=\"o0STb GF80u _6Vwzd HjRUP\" dir=\"auto\"><span class=\"B-fpk _6Vwzd\">A nombre de las y los beneficiarios, Yusel\u00edn del Pilar Ju\u00e1rez Amador, madre de un ni\u00f1o con autismo, agradeci\u00f3 esta gran oportunidad que se brinda a las familias que requieren estos servicios.<\/span><\/p>\n<div id=\"viewer-dz29g258\" class=\"o0STb GF80u _6Vwzd HjRUP\" dir=\"auto\"><span class=\"B-fpk _6Vwzd\">\u00a0<\/span><\/div>\n<p id=\"viewer-y72oz174\" class=\"o0STb GF80u _6Vwzd HjRUP\" dir=\"auto\"><span class=\"B-fpk _6Vwzd\">\u201cHemos recorrido un camino muy dif\u00edcil en el que a veces nos sentimos solos. Hoy, a todas las familias que se han sentido as\u00ed, les digo que es un d\u00eda muy memorable, porque con estas acciones nos demuestran que no estamos solos, ya contamos con un espacio donde nuestros hijos recibir\u00e1n atenci\u00f3n especializada\u201d, finaliz\u00f3.\u00a0<\/span><\/p>\n<div id=\"viewer-tz86w279\" class=\"o0STb GF80u _6Vwzd HjRUP\" dir=\"auto\"><span class=\"B-fpk _6Vwzd\">\u00a0<\/span><\/div>\n<p id=\"viewer-km8i1176\" class=\"o0STb GF80u _6Vwzd HjRUP\" dir=\"auto\"><span class=\"B-fpk _6Vwzd\">Cabe destacar que en este proyecto trabajan en colaboraci\u00f3n el DIF Estatal, el Instituto de Servicios de Salud del Estado de Aguascalientes (ISSEA) y el CRIT Aguascalientes.\u00a0<\/span><\/p>\n<div id=\"viewer-qcpwx300\" class=\"o0STb GF80u _6Vwzd HjRUP\" dir=\"auto\"><span class=\"B-fpk _6Vwzd\">\u00a0<\/span><\/div>\n<p id=\"viewer-ssny0178\" class=\"o0STb GF80u _6Vwzd HjRUP\" dir=\"auto\"><span class=\"B-fpk _6Vwzd\">Para mayor informaci\u00f3n, las y los interesados pueden comunicarse a las oficinas del CRIT Aguascalientes, al tel\u00e9fono 449 910 22 23.\u00a0<\/span><\/p>\n<div id=\"viewer-omi0m321\" class=\"o0STb GF80u _6Vwzd HjRUP\" dir=\"auto\"><span class=\"B-fpk _6Vwzd\">\u00a0<\/span><\/div>\n<p id=\"viewer-ktbxt180\" class=\"o0STb GF80u _6Vwzd HjRUP\" dir=\"auto\"><span class=\"B-fpk _6Vwzd\">En la inauguraci\u00f3n tambi\u00e9n estuvieron presentes Leonardo Monta\u00f1ez Castro, presidente municipal de Aguascalientes; Misael Ley Mej\u00eda, titular del Instituto Mexicano del Seguro Social\u00a0(IMSS) en Aguascalientes; C\u00e9sar Medina, presidente municipal de Jes\u00fas Mar\u00eda; Laura Gonz\u00e1lez Reyes, presidenta municipal de San Jos\u00e9 de Gracia; y Jos\u00e9 Antonio Abad Mena, director general del Instituto de Beneficencia P\u00fablica del Estado de Aguascalientes.\u00a0<\/span><\/p>\n","protected":false},"excerpt":{"rendered":"<p>#informativoelvalledeaguascalientes #novaradioaguascalientes #informativoelvalledeaguascalientesll #Aguascalientes &nbsp; &nbsp; Se brindar\u00e1 atenci\u00f3n integral a m\u00e1s de 300 ni\u00f1as, ni\u00f1os y j\u00f3venes con autismo Contar\u00e1 con m\u00e9dicos especialistas y atenci\u00f3n de primer nivel Para mayor informaci\u00f3n, las y los interesados pueden comunicarse al tel\u00e9fono 449 910 22 23 \u00a0 \u00a0 La gobernadora Tere Jim\u00e9nez inaugur\u00f3 la primera Cl\u00ednica de [&hellip;]<\/p>\n","protected":false},"author":13383,"featured_media":63468,"comment_status":"closed","ping_status":"open","sticky":false,"template":"","format":"standard","meta":{"advanced_seo_description":"","jetpack_seo_html_title":"","jetpack_seo_noindex":false,"_jetpack_memberships_contains_paid_content":false,"footnotes":"","jetpack_publicize_message":"","jetpack_publicize_feature_enabled":true,"jetpack_social_post_already_shared":true,"jetpack_social_options":{"image_generator_settings":{"template":"highway","default_image_id":0,"font":"","enabled":false},"version":2}},"categories":[21,4],"tags":[22,776,615,202,30],"class_list":["post-63467","post","type-post","status-publish","format-standard","has-post-thumbnail","hentry","category-aguascalientes","category-gobierno-del-estado-aguascalientes","tag-aguascalientes","tag-dif","tag-gobierno-del-estado-de-aguascalientes","tag-imss","tag-issea"],"jetpack_publicize_connections":[],"jetpack_featured_media_url":"https:\/\/i0.wp.com\/informativoelvalledeaguascalientes.online\/wp-content\/uploads\/2024\/12\/10.jpeg?fit=1600%2C1068&ssl=1","jetpack-related-posts":[],"jetpack_sharing_enabled":true,"jetpack_likes_enabled":true,"_links":{"self":[{"href":"https:\/\/informativoelvalledeaguascalientes.online\/index.php?rest_route=\/wp\/v2\/posts\/63467","targetHints":{"allow":["GET"]}}],"collection":[{"href":"https:\/\/informativoelvalledeaguascalientes.online\/index.php?rest_route=\/wp\/v2\/posts"}],"about":[{"href":"https:\/\/informativoelvalledeaguascalientes.online\/index.php?rest_route=\/wp\/v2\/types\/post"}],"author":[{"embeddable":true,"href":"https:\/\/informativoelvalledeaguascalientes.online\/index.php?rest_route=\/wp\/v2\/users\/13383"}],"replies":[{"embeddable":true,"href":"https:\/\/informativoelvalledeaguascalientes.online\/index.php?rest_route=%2Fwp%2Fv2%2Fcomments&post=63467"}],"version-history":[{"count":1,"href":"https:\/\/informativoelvalledeaguascalientes.online\/index.php?rest_route=\/wp\/v2\/posts\/63467\/revisions"}],"predecessor-version":[{"id":63469,"href":"https:\/\/informativoelvalledeaguascalientes.online\/index.php?rest_route=\/wp\/v2\/posts\/63467\/revisions\/63469"}],"wp:featuredmedia":[{"embeddable":true,"href":"https:\/\/informativoelvalledeaguascalientes.online\/index.php?rest_route=\/wp\/v2\/media\/63468"}],"wp:attachment":[{"href":"https:\/\/informativoelvalledeaguascalientes.online\/index.php?rest_route=%2Fwp%2Fv2%2Fmedia&parent=63467"}],"wp:term":[{"taxonomy":"category","embeddable":true,"href":"https:\/\/informativoelvalledeaguascalientes.online\/index.php?rest_route=%2Fwp%2Fv2%2Fcategories&post=63467"},{"taxonomy":"post_tag","embeddable":true,"href":"https:\/\/informativoelvalledeaguascalientes.online\/index.php?rest_route=%2Fwp%2Fv2%2Ftags&post=63467"}],"curies":[{"name":"wp","href":"https:\/\/api.w.org\/{rel}","templated":true}]}}