{"id":63182,"date":"2024-11-27T11:49:37","date_gmt":"2024-11-27T17:49:37","guid":{"rendered":"https:\/\/informativoelvalledeaguascalientes.online\/?p=63182"},"modified":"2024-11-27T16:52:22","modified_gmt":"2024-11-27T22:52:22","slug":"anterior-llama-tere-jimenez-a-las-mujeres-a-mantenerse-unidas-y-seguir-siendo-la-fuerza-que-mueve-a-aguascalientes","status":"publish","type":"post","link":"https:\/\/informativoelvalledeaguascalientes.online\/?p=63182","title":{"rendered":"\u00ab Anterior LLAMA TERE JIM\u00c9NEZ A LAS MUJERES A MANTENERSE UNIDAS Y SEGUIR SIENDO LA FUERZA QUE MUEVE A AGUASCALIENTES"},"content":{"rendered":"<p>#informativoelvalledeaguascalientes<\/p>\n<p>#novaradioaguascalientes<\/p>\n<p>#informativoelvalledeaguascalientesll<\/p>\n<p>#Aguascalientes<\/p>\n<p>&nbsp;<\/p>\n<p>&nbsp;<\/p>\n<div id=\"bgLayers_comp-l7sh9ubr2\" class=\"MW5IWV\" data-hook=\"bgLayers\" data-motion-part=\"BG_LAYER\"><\/div>\n<div class=\"\" data-mesh-id=\"comp-l7sh9ubr2inlineContent\" data-testid=\"inline-content\">\n<div data-mesh-id=\"comp-l7sh9ubr2inlineContent-gridContainer\" data-testid=\"mesh-container-content\">\n<div id=\"comp-l7yvxqo5\" class=\"MazNVa comp-l7yvxqo5 wixui-image rYiAuL\"><\/div>\n<div id=\"comp-l7sh9ubx\" class=\"TWFxr5 \">\n<div class=\"comp-l7sh9ubx\">\n<div class=\"sGWYken comp-l7sh9ubx\" data-hook=\"ricosviewer-wrapper\">\n<div class=\"nIlW2\" dir=\"ltr\" data-id=\"content-viewer\">\n<div class=\"C0hbR\">\n<div class=\"av0i6\">\n<p id=\"viewer-foo\" class=\"o0STb GF80u _6Vwzd HjRUP\" dir=\"auto\"><span class=\"B-fpk _6Vwzd\">La gobernadora de Aguascalientes, Tere Jim\u00e9nez, se reuni\u00f3 con cerca de mil mujeres, a quienes llam\u00f3 a mantenerse unidas y levantar la voz ante cualquier situaci\u00f3n fuera de lugar que se genere en su entorno laboral, familiar y social, ello dentro del marco de la conmemoraci\u00f3n del D\u00eda Internacional de la Eliminaci\u00f3n de la Violencia contra la Mujer.<\/span><\/p>\n<div id=\"viewer-gfx2k175\" class=\"o0STb GF80u _6Vwzd HjRUP\" dir=\"auto\"><span class=\"B-fpk _6Vwzd\">\u00a0<\/span><\/div>\n<p id=\"viewer-qltrm176\" class=\"o0STb GF80u _6Vwzd HjRUP\" dir=\"auto\"><span class=\"B-fpk _6Vwzd\">\u201cSomos tan valiosas, \u00fanicas e irrepetibles, que tenemos siempre que dar lo mejor de nosotras para nosotras; no esperemos el reconocimiento de otros; tenemos que ser muy valientes, prepararnos y ser mejores todos los d\u00edas para que nadie nos haga sentir mal; no puedo concebir cuando dicen que por ser mujeres somos d\u00e9biles, porque no lo somos\u201d, les dijo la gobernadora a las ah\u00ed presentes.<\/span><\/p>\n<div id=\"viewer-yr8zb178\" class=\"o0STb GF80u _6Vwzd HjRUP\" dir=\"auto\"><span class=\"B-fpk _6Vwzd\">\u00a0<\/span><\/div>\n<p id=\"viewer-xg45g179\" class=\"o0STb GF80u _6Vwzd HjRUP\" dir=\"auto\"><span class=\"B-fpk _6Vwzd\">Tere Jim\u00e9nez destac\u00f3 que su administraci\u00f3n continuar\u00e1 impulsando programas que garanticen la seguridad y tranquilidad de las mujeres, como las Casas Rosas, la Polic\u00eda Rosa, las agentes rosas y la alerta rosa, y otros que promuevan la igualdad de circunstancias o mejores oportunidades para ellas, como Estancias Infantiles, \u201cPoder Mujer\u201d, vivienda social, lactarios, \u201cMujer Rural\u201d, entre muchos otros.<\/span><\/p>\n<div id=\"viewer-iwwjs181\" class=\"o0STb GF80u _6Vwzd HjRUP\" dir=\"auto\"><span class=\"B-fpk _6Vwzd\">\u00a0<\/span><\/div>\n<p id=\"viewer-gwmxu182\" class=\"o0STb GF80u _6Vwzd HjRUP\" dir=\"auto\"><span class=\"B-fpk _6Vwzd\">\u201cUstedes me tienen que ayudar a gobernar Aguascalientes y ayudar a muchas mujeres a salir adelante; tenemos un gran compromiso para que a todas nos vaya bien el d\u00eda de ma\u00f1ana; tenemos que ser hermanas y apoyarnos, porque las mujeres movemos el mundo\u201d, indic\u00f3 Tere Jim\u00e9nez durante el encuentro que se realiz\u00f3 en el vest\u00edbulo de la Isla San Marcos.<\/span><\/p>\n<\/div>\n<\/div>\n<\/div>\n<\/div>\n<\/div>\n<\/div>\n<\/div>\n<\/div>\n","protected":false},"excerpt":{"rendered":"<p>#informativoelvalledeaguascalientes #novaradioaguascalientes #informativoelvalledeaguascalientesll #Aguascalientes &nbsp; &nbsp; La gobernadora de Aguascalientes, Tere Jim\u00e9nez, se reuni\u00f3 con cerca de mil mujeres, a quienes llam\u00f3 a mantenerse unidas y levantar la voz ante cualquier situaci\u00f3n fuera de lugar que se genere en su entorno laboral, familiar y social, ello dentro del marco de la conmemoraci\u00f3n del D\u00eda Internacional [&hellip;]<\/p>\n","protected":false},"author":13383,"featured_media":63183,"comment_status":"closed","ping_status":"open","sticky":false,"template":"","format":"standard","meta":{"_monsterinsights_skip_tracking":false,"advanced_seo_description":"","jetpack_seo_html_title":"","jetpack_seo_noindex":false,"jetpack_seo_schema_type":"","_jetpack_newsletter_access":"","_jetpack_dont_email_post_to_subs":false,"_jetpack_newsletter_tier_id":0,"_jetpack_memberships_contains_paywalled_content":false,"_jetpack_feature_clip_id":0,"_jetpack_memberships_contains_paid_content":false,"footnotes":"","jetpack_publicize_message":"","jetpack_publicize_feature_enabled":true,"jetpack_social_post_already_shared":true,"jetpack_social_options":{"image_generator_settings":{"template":"highway","default_image_id":0,"font":"","enabled":false},"version":2},"jetpack_post_was_ever_published":false},"categories":[21,4],"tags":[22,615,320],"class_list":["post-63182","post","type-post","status-publish","format-standard","has-post-thumbnail","hentry","category-aguascalientes","category-gobierno-del-estado-aguascalientes","tag-aguascalientes","tag-gobierno-del-estado-de-aguascalientes","tag-tere-jimenez"],"jetpack_publicize_connections":[],"jetpack_featured_media_url":"https:\/\/i0.wp.com\/informativoelvalledeaguascalientes.online\/wp-content\/uploads\/2024\/11\/3-4.jpeg?fit=1080%2C720&ssl=1","jetpack-related-posts":[],"jetpack_sharing_enabled":true,"jetpack_likes_enabled":true,"_links":{"self":[{"href":"https:\/\/informativoelvalledeaguascalientes.online\/index.php?rest_route=\/wp\/v2\/posts\/63182","targetHints":{"allow":["GET"]}}],"collection":[{"href":"https:\/\/informativoelvalledeaguascalientes.online\/index.php?rest_route=\/wp\/v2\/posts"}],"about":[{"href":"https:\/\/informativoelvalledeaguascalientes.online\/index.php?rest_route=\/wp\/v2\/types\/post"}],"author":[{"embeddable":true,"href":"https:\/\/informativoelvalledeaguascalientes.online\/index.php?rest_route=\/wp\/v2\/users\/13383"}],"replies":[{"embeddable":true,"href":"https:\/\/informativoelvalledeaguascalientes.online\/index.php?rest_route=%2Fwp%2Fv2%2Fcomments&post=63182"}],"version-history":[{"count":1,"href":"https:\/\/informativoelvalledeaguascalientes.online\/index.php?rest_route=\/wp\/v2\/posts\/63182\/revisions"}],"predecessor-version":[{"id":63184,"href":"https:\/\/informativoelvalledeaguascalientes.online\/index.php?rest_route=\/wp\/v2\/posts\/63182\/revisions\/63184"}],"wp:featuredmedia":[{"embeddable":true,"href":"https:\/\/informativoelvalledeaguascalientes.online\/index.php?rest_route=\/wp\/v2\/media\/63183"}],"wp:attachment":[{"href":"https:\/\/informativoelvalledeaguascalientes.online\/index.php?rest_route=%2Fwp%2Fv2%2Fmedia&parent=63182"}],"wp:term":[{"taxonomy":"category","embeddable":true,"href":"https:\/\/informativoelvalledeaguascalientes.online\/index.php?rest_route=%2Fwp%2Fv2%2Fcategories&post=63182"},{"taxonomy":"post_tag","embeddable":true,"href":"https:\/\/informativoelvalledeaguascalientes.online\/index.php?rest_route=%2Fwp%2Fv2%2Ftags&post=63182"}],"curies":[{"name":"wp","href":"https:\/\/api.w.org\/{rel}","templated":true}]}}