{"id":62712,"date":"2024-11-07T15:58:49","date_gmt":"2024-11-07T21:58:49","guid":{"rendered":"https:\/\/informativoelvalledeaguascalientes.online\/?p=62712"},"modified":"2024-11-07T15:58:49","modified_gmt":"2024-11-07T21:58:49","slug":"inauguran-el-9-festival-de-calaveras-de-natacion-artistica-reune-a-atletas-nacionales-e-internacionales","status":"publish","type":"post","link":"https:\/\/informativoelvalledeaguascalientes.online\/?p=62712","title":{"rendered":"INAUGURAN EL 9.\u00b0 FESTIVAL DE CALAVERAS DE NATACI\u00d3N ART\u00cdSTICA; RE\u00daNE A ATLETAS NACIONALES E INTERNACIONALES"},"content":{"rendered":"<p>#informativoelvalledeaguascalientes<\/p>\n<p>#novaradioaguascalientes<\/p>\n<p>#informativoelvalledeaguascalientesll<\/p>\n<p>#Aguascalientes<\/p>\n<p>&nbsp;<\/p>\n<div class=\"\" data-mesh-id=\"comp-l7sh9ubr2inlineContent\" data-testid=\"inline-content\">\n<div data-mesh-id=\"comp-l7sh9ubr2inlineContent-gridContainer\" data-testid=\"mesh-container-content\">\n<div id=\"comp-l7sh9ubx\" class=\"TWFxr5 \">\n<div class=\"comp-l7sh9ubx\">\n<div class=\"sONoD8k comp-l7sh9ubx\" data-hook=\"ricosviewer-wrapper\">\n<div class=\"lTgvL\" dir=\"ltr\" data-id=\"content-viewer\">\n<div class=\"oQroK\">\n<div class=\"GcAfO\">\n<div id=\"viewer-nbwq1153\" class=\"qdI7b _4rI8L wI9em _8x74a\" dir=\"auto\"><span class=\"ECOlE wI9em\">\u00a0<\/span><\/div>\n<p id=\"viewer-l5bms154\" class=\"qdI7b _4rI8L wI9em _8x74a\" dir=\"auto\"><span class=\"ECOlE wI9em\">En un significativo evento se llev\u00f3 a cabo en Aguascalientes la inauguraci\u00f3n del 9.\u00ba Festival de Calaveras de Nataci\u00f3n Art\u00edstica Internacional 2024, dentro del cual se desarrollar\u00e1 el Campeonato Nacional de Nataci\u00f3n Art\u00edstica Clase B, reuniendo a cientos de atletas nacionales e internacionales.\u00a0<\/span><\/p>\n<div id=\"viewer-mqdh6179\" class=\"qdI7b _4rI8L wI9em _8x74a\" dir=\"auto\"><span class=\"ECOlE wI9em\">\u00a0<\/span><\/div>\n<p id=\"viewer-nvk6x156\" class=\"qdI7b _4rI8L wI9em _8x74a\" dir=\"auto\"><span class=\"ECOlE wI9em\">Las competencias se realizar\u00e1n en las instalaciones de la Alberca Ol\u00edmpica del Instituto del Deporte del Estado de Aguascalientes (IDEA), de las 9:00 de la ma\u00f1ana a las 7:00 de la tarde; la entrada para el p\u00fablico es gratuita y el evento concluir\u00e1 el pr\u00f3ximo s\u00e1bado 9 de noviembre.\u00a0<\/span><\/p>\n<div id=\"viewer-vsnp9189\" class=\"qdI7b _4rI8L wI9em _8x74a\" dir=\"auto\"><span class=\"ECOlE wI9em\">\u00a0<\/span><\/div>\n<p id=\"viewer-mussq158\" class=\"qdI7b _4rI8L wI9em _8x74a\" dir=\"auto\"><span class=\"ECOlE wI9em\">Este a\u00f1o, el evento cuenta con la destacada participaci\u00f3n de m\u00e1s de 220 nadadores de 24 clubes provenientes de diferentes estados del pa\u00eds, como Yucat\u00e1n, Guanajuato, Jalisco, Baja California Sur, Nuevo Le\u00f3n, Ciudad de M\u00e9xico y el Estado de M\u00e9xico, as\u00ed como de los pa\u00edses de El Salvador, Colombia y Canad\u00e1, quienes dar\u00e1n muestra de su talento en una competencia que promete emociones y una gran calidad deportiva.<\/span><\/p>\n<div id=\"viewer-p4oyy199\" class=\"qdI7b _4rI8L wI9em _8x74a\" dir=\"auto\"><span class=\"ECOlE wI9em\">\u00a0<\/span><\/div>\n<p id=\"viewer-fzv8y160\" class=\"qdI7b _4rI8L wI9em _8x74a\" dir=\"auto\"><span class=\"ECOlE wI9em\">El 9.\u00ba Festival de Calaveras de Nataci\u00f3n Art\u00edstica Internacional 2024 resalta el compromiso de la gobernadora Tere Jim\u00e9nez con el impulso y la promoci\u00f3n del deporte, adem\u00e1s de fomentar la participaci\u00f3n de atletas de alto nivel, lo que posiciona al estado como un referente en el \u00e1mbito deportivo.<\/span><\/p>\n<div id=\"viewer-l1bx2209\" class=\"qdI7b _4rI8L wI9em _8x74a\" dir=\"auto\"><span class=\"ECOlE wI9em\">\u00a0<\/span><\/div>\n<p id=\"viewer-jrpur162\" class=\"qdI7b _4rI8L wI9em _8x74a\" dir=\"auto\"><span class=\"ECOlE wI9em\">La ceremonia de inauguraci\u00f3n, que se realiz\u00f3 en las instalaciones de la Alberca Ol\u00edmpica, cont\u00f3 con la presencia de diputados locales; autoridades estatales y municipales; representantes de la Federaci\u00f3n Mexicana de Nataci\u00f3n (FMN) y de la Asociaci\u00f3n de Nataci\u00f3n de Aguascalientes.<\/span><\/p>\n<div id=\"viewer-gjn1e219\" class=\"qdI7b _4rI8L wI9em _8x74a\" dir=\"auto\"><span class=\"ECOlE wI9em\">\u00a0<\/span><\/div>\n<p id=\"viewer-9kejf164\" class=\"qdI7b _4rI8L wI9em _8x74a\" dir=\"auto\"><span class=\"ECOlE wI9em\">Para seguir de cerca esta competencia, se invita a las y los interesados a visitar la p\u00e1gina de Facebook del IDEA <a class=\"hxVNc _6IKdy\" href=\"https:\/\/www.facebook.com\/IDEAgs\" target=\"_self\" rel=\"noopener\" data-hook=\"WebLink\"><u>https:\/\/www.facebook.com\/IDEAgs<\/u><\/a>.<\/span><\/p>\n<\/div>\n<\/div>\n<\/div>\n<\/div>\n<\/div>\n<\/div>\n<\/div>\n<\/div>\n","protected":false},"excerpt":{"rendered":"<p>#informativoelvalledeaguascalientes #novaradioaguascalientes #informativoelvalledeaguascalientesll #Aguascalientes &nbsp; \u00a0 En un significativo evento se llev\u00f3 a cabo en Aguascalientes la inauguraci\u00f3n del 9.\u00ba Festival de Calaveras de Nataci\u00f3n Art\u00edstica Internacional 2024, dentro del cual se desarrollar\u00e1 el Campeonato Nacional de Nataci\u00f3n Art\u00edstica Clase B, reuniendo a cientos de atletas nacionales e internacionales.\u00a0 \u00a0 Las competencias se realizar\u00e1n en [&hellip;]<\/p>\n","protected":false},"author":13383,"featured_media":62713,"comment_status":"closed","ping_status":"open","sticky":false,"template":"","format":"standard","meta":{"advanced_seo_description":"","jetpack_seo_html_title":"","jetpack_seo_noindex":false,"_jetpack_memberships_contains_paid_content":false,"footnotes":"","jetpack_publicize_message":"","jetpack_publicize_feature_enabled":true,"jetpack_social_post_already_shared":true,"jetpack_social_options":{"image_generator_settings":{"template":"highway","default_image_id":0,"font":"","enabled":false},"version":2}},"categories":[21,4],"tags":[22,615,113],"class_list":["post-62712","post","type-post","status-publish","format-standard","has-post-thumbnail","hentry","category-aguascalientes","category-gobierno-del-estado-aguascalientes","tag-aguascalientes","tag-gobierno-del-estado-de-aguascalientes","tag-idea"],"jetpack_publicize_connections":[],"jetpack_featured_media_url":"https:\/\/i0.wp.com\/informativoelvalledeaguascalientes.online\/wp-content\/uploads\/2024\/11\/1-2.jpeg?fit=2560%2C1706&ssl=1","jetpack-related-posts":[],"jetpack_sharing_enabled":true,"jetpack_likes_enabled":true,"_links":{"self":[{"href":"https:\/\/informativoelvalledeaguascalientes.online\/index.php?rest_route=\/wp\/v2\/posts\/62712","targetHints":{"allow":["GET"]}}],"collection":[{"href":"https:\/\/informativoelvalledeaguascalientes.online\/index.php?rest_route=\/wp\/v2\/posts"}],"about":[{"href":"https:\/\/informativoelvalledeaguascalientes.online\/index.php?rest_route=\/wp\/v2\/types\/post"}],"author":[{"embeddable":true,"href":"https:\/\/informativoelvalledeaguascalientes.online\/index.php?rest_route=\/wp\/v2\/users\/13383"}],"replies":[{"embeddable":true,"href":"https:\/\/informativoelvalledeaguascalientes.online\/index.php?rest_route=%2Fwp%2Fv2%2Fcomments&post=62712"}],"version-history":[{"count":1,"href":"https:\/\/informativoelvalledeaguascalientes.online\/index.php?rest_route=\/wp\/v2\/posts\/62712\/revisions"}],"predecessor-version":[{"id":62714,"href":"https:\/\/informativoelvalledeaguascalientes.online\/index.php?rest_route=\/wp\/v2\/posts\/62712\/revisions\/62714"}],"wp:featuredmedia":[{"embeddable":true,"href":"https:\/\/informativoelvalledeaguascalientes.online\/index.php?rest_route=\/wp\/v2\/media\/62713"}],"wp:attachment":[{"href":"https:\/\/informativoelvalledeaguascalientes.online\/index.php?rest_route=%2Fwp%2Fv2%2Fmedia&parent=62712"}],"wp:term":[{"taxonomy":"category","embeddable":true,"href":"https:\/\/informativoelvalledeaguascalientes.online\/index.php?rest_route=%2Fwp%2Fv2%2Fcategories&post=62712"},{"taxonomy":"post_tag","embeddable":true,"href":"https:\/\/informativoelvalledeaguascalientes.online\/index.php?rest_route=%2Fwp%2Fv2%2Ftags&post=62712"}],"curies":[{"name":"wp","href":"https:\/\/api.w.org\/{rel}","templated":true}]}}