{"id":62709,"date":"2024-11-07T15:54:42","date_gmt":"2024-11-07T21:54:42","guid":{"rendered":"https:\/\/informativoelvalledeaguascalientes.online\/?p=62709"},"modified":"2024-11-07T15:54:42","modified_gmt":"2024-11-07T21:54:42","slug":"en-manos-de-todas-y-todos-evitar-la-violencia-y-el-acoso-escolar-luis-leon","status":"publish","type":"post","link":"https:\/\/informativoelvalledeaguascalientes.online\/?p=62709","title":{"rendered":"EN MANOS DE TODAS Y TODOS, EVITAR LA VIOLENCIA Y EL ACOSO ESCOLAR: LUIS LE\u00d3N"},"content":{"rendered":"<p>#informativoelvalledeaguascalientes<\/p>\n<p>#novaradioaguascalientes<\/p>\n<p>#informativoelvalledeaguascalientesll<\/p>\n<p>#Aguascalientes<\/p>\n<p>&nbsp;<\/p>\n<p>&nbsp;<\/p>\n<p>En el marco del d\u00eda Internacional contra la Violencia y el Acoso Escolar que se conmemora cada 7 de noviembre, el diputado del PAN Luis Le\u00f3n asegur\u00f3 que desde el Congreso promover\u00e1 reformas a leyes y programas para fortalecer los esquemas de prevenci\u00f3n de estas conductas que afectan a miles de estudiantes de secundaria y preparatoria.<\/p>\n<p>\u201cSeg\u00fan datos de La Organizaci\u00f3n Internacional Bullying sin Fronteras, se\u00f1ala que 7 de cada 10 ni\u00f1os de 12 a 17 a\u00f1os de edad en M\u00e9xico, son v\u00edctimas de agresiones escolares; ya es una situaci\u00f3n de atenci\u00f3n prioritaria, por lo que nuestra labor es proteger los derechos, el pleno desarrollo y la salud mental de nuestros ni\u00f1as, ni\u00f1os y adolescentes, asegur\u00f3 el tambi\u00e9n integrante de la Comisi\u00f3n de Seguridad P\u00fablica y Juventud del Congreso de Aguascalientes.<br \/>\nEn este mismo sentido, hizo \u00e9nfasis en que, \u201cCuando un ni\u00f1o ejerce bullying, es un signo de que se encuentra expuesto a comportamientos agresivos en su entorno familiar, y por ello es de vital importancia que comunidades estudiantiles y al interior de las familias, nos hagamos cargo de los modelos de conducta que ense\u00f1amos a las nuevas generaciones\u201d<\/p>\n<p>Luis Le\u00f3n hizo un llamado a autoridades educativas de todo el Estado, padres de familia y a la poblaci\u00f3n en general, a sumarse a esta tarea de generar entornos de aprendizaje seguros, en los que a cada estudiante se le trate con respeto, empat\u00eda y dignidad.<\/p>\n","protected":false},"excerpt":{"rendered":"<p>#informativoelvalledeaguascalientes #novaradioaguascalientes #informativoelvalledeaguascalientesll #Aguascalientes &nbsp; &nbsp; En el marco del d\u00eda Internacional contra la Violencia y el Acoso Escolar que se conmemora cada 7 de noviembre, el diputado del PAN Luis Le\u00f3n asegur\u00f3 que desde el Congreso promover\u00e1 reformas a leyes y programas para fortalecer los esquemas de prevenci\u00f3n de estas conductas que afectan a [&hellip;]<\/p>\n","protected":false},"author":13383,"featured_media":62710,"comment_status":"closed","ping_status":"open","sticky":false,"template":"","format":"standard","meta":{"advanced_seo_description":"","jetpack_seo_html_title":"","jetpack_seo_noindex":false,"_jetpack_memberships_contains_paid_content":false,"footnotes":"","jetpack_publicize_message":"","jetpack_publicize_feature_enabled":true,"jetpack_social_post_already_shared":true,"jetpack_social_options":{"image_generator_settings":{"template":"highway","default_image_id":0,"font":"","enabled":false},"version":2}},"categories":[21,5],"tags":[22,872],"class_list":["post-62709","post","type-post","status-publish","format-standard","has-post-thumbnail","hentry","category-aguascalientes","category-h-congreso-del-estado-aguascalientes","tag-aguascalientes","tag-lxvi-legislatura-aguascalientes"],"jetpack_publicize_connections":[],"jetpack_featured_media_url":"https:\/\/i0.wp.com\/informativoelvalledeaguascalientes.online\/wp-content\/uploads\/2024\/11\/WhatsApp-Image-2024-11-07-at-3.08.54-PM.jpeg?fit=1280%2C854&ssl=1","jetpack-related-posts":[],"jetpack_sharing_enabled":true,"jetpack_likes_enabled":true,"_links":{"self":[{"href":"https:\/\/informativoelvalledeaguascalientes.online\/index.php?rest_route=\/wp\/v2\/posts\/62709","targetHints":{"allow":["GET"]}}],"collection":[{"href":"https:\/\/informativoelvalledeaguascalientes.online\/index.php?rest_route=\/wp\/v2\/posts"}],"about":[{"href":"https:\/\/informativoelvalledeaguascalientes.online\/index.php?rest_route=\/wp\/v2\/types\/post"}],"author":[{"embeddable":true,"href":"https:\/\/informativoelvalledeaguascalientes.online\/index.php?rest_route=\/wp\/v2\/users\/13383"}],"replies":[{"embeddable":true,"href":"https:\/\/informativoelvalledeaguascalientes.online\/index.php?rest_route=%2Fwp%2Fv2%2Fcomments&post=62709"}],"version-history":[{"count":1,"href":"https:\/\/informativoelvalledeaguascalientes.online\/index.php?rest_route=\/wp\/v2\/posts\/62709\/revisions"}],"predecessor-version":[{"id":62711,"href":"https:\/\/informativoelvalledeaguascalientes.online\/index.php?rest_route=\/wp\/v2\/posts\/62709\/revisions\/62711"}],"wp:featuredmedia":[{"embeddable":true,"href":"https:\/\/informativoelvalledeaguascalientes.online\/index.php?rest_route=\/wp\/v2\/media\/62710"}],"wp:attachment":[{"href":"https:\/\/informativoelvalledeaguascalientes.online\/index.php?rest_route=%2Fwp%2Fv2%2Fmedia&parent=62709"}],"wp:term":[{"taxonomy":"category","embeddable":true,"href":"https:\/\/informativoelvalledeaguascalientes.online\/index.php?rest_route=%2Fwp%2Fv2%2Fcategories&post=62709"},{"taxonomy":"post_tag","embeddable":true,"href":"https:\/\/informativoelvalledeaguascalientes.online\/index.php?rest_route=%2Fwp%2Fv2%2Ftags&post=62709"}],"curies":[{"name":"wp","href":"https:\/\/api.w.org\/{rel}","templated":true}]}}