{"id":62706,"date":"2024-11-07T15:48:44","date_gmt":"2024-11-07T21:48:44","guid":{"rendered":"https:\/\/informativoelvalledeaguascalientes.online\/?p=62706"},"modified":"2024-11-07T15:48:44","modified_gmt":"2024-11-07T21:48:44","slug":"propone-diputada-arlette-munoz-iniciativa-para-reforzar-por-ley-el-sistema-de-educacion-dual-en-el-estado","status":"publish","type":"post","link":"https:\/\/informativoelvalledeaguascalientes.online\/?p=62706","title":{"rendered":"PROPONE DIPUTADA ARLETTE  MU\u00d1OZ INICIATIVA  PARA REFORZAR POR LEY EL SISTEMA  DE EDUCACI\u00d3N  DUAL  EN EL ESTADO."},"content":{"rendered":"<p>#informativoelvalledeaguascalientes<\/p>\n<p>#novaradioaguascalientes<\/p>\n<p>#informativoelvalledeaguascalientesll<\/p>\n<p>#Aguascalientes<\/p>\n<p>&nbsp;<\/p>\n<p>&nbsp;<\/p>\n<p>Con el fin de reforzar el proyecto de Educaci\u00f3n dual que se tiene actualmente en el estado, que cada vez se cuente con mayor n\u00famero de estudiantes altamente capacitados que participen en esta modalidad y que las empresas puedan contar con personal a la altura disminuyendo la rotaci\u00f3n del personal.<\/p>\n<p>Arlette Mu\u00f1oz inform\u00f3 que con esta visi\u00f3n se propone la modificaci\u00f3n del art\u00edculo 11 de la Ley de Fomento para el Desarrollo de J\u00f3venes Emprendedores del Estado de Aguascalientes para establecer como parte de las atribuciones del Instituto de Educaci\u00f3n reforzar la implementaci\u00f3n de modelos de educaci\u00f3n dual y las oportunidades para todos los j\u00f3venes estudiantes.<\/p>\n<p>Reduciendo as\u00ed el riesgo\u00a0de\u00a0emplear personas que no tienen las competencias adecuadas y sobre todo poder contar con trabajadores motivados,aumentando as\u00ed la productividad , calidad\u00a0de\u00a0los productos y procesos.<\/p>\n<p>Con dicha iniciativa se busca cumplir con el objetivo de ser un estado de primera .<\/p>\n","protected":false},"excerpt":{"rendered":"<p>#informativoelvalledeaguascalientes #novaradioaguascalientes #informativoelvalledeaguascalientesll #Aguascalientes &nbsp; &nbsp; Con el fin de reforzar el proyecto de Educaci\u00f3n dual que se tiene actualmente en el estado, que cada vez se cuente con mayor n\u00famero de estudiantes altamente capacitados que participen en esta modalidad y que las empresas puedan contar con personal a la altura disminuyendo la rotaci\u00f3n del [&hellip;]<\/p>\n","protected":false},"author":13383,"featured_media":62707,"comment_status":"closed","ping_status":"open","sticky":false,"template":"","format":"standard","meta":{"advanced_seo_description":"","jetpack_seo_html_title":"","jetpack_seo_noindex":false,"_jetpack_memberships_contains_paid_content":false,"footnotes":"","jetpack_publicize_message":"","jetpack_publicize_feature_enabled":true,"jetpack_social_post_already_shared":true,"jetpack_social_options":{"image_generator_settings":{"template":"highway","default_image_id":0,"font":"","enabled":false},"version":2}},"categories":[21,4],"tags":[22,615],"class_list":["post-62706","post","type-post","status-publish","format-standard","has-post-thumbnail","hentry","category-aguascalientes","category-gobierno-del-estado-aguascalientes","tag-aguascalientes","tag-gobierno-del-estado-de-aguascalientes"],"jetpack_publicize_connections":[],"jetpack_featured_media_url":"https:\/\/i0.wp.com\/informativoelvalledeaguascalientes.online\/wp-content\/uploads\/2024\/11\/WhatsApp-Image-2024-11-07-at-3.40.27-PM-rotated.jpeg?fit=1280%2C720&ssl=1","jetpack-related-posts":[],"jetpack_sharing_enabled":true,"jetpack_likes_enabled":true,"_links":{"self":[{"href":"https:\/\/informativoelvalledeaguascalientes.online\/index.php?rest_route=\/wp\/v2\/posts\/62706","targetHints":{"allow":["GET"]}}],"collection":[{"href":"https:\/\/informativoelvalledeaguascalientes.online\/index.php?rest_route=\/wp\/v2\/posts"}],"about":[{"href":"https:\/\/informativoelvalledeaguascalientes.online\/index.php?rest_route=\/wp\/v2\/types\/post"}],"author":[{"embeddable":true,"href":"https:\/\/informativoelvalledeaguascalientes.online\/index.php?rest_route=\/wp\/v2\/users\/13383"}],"replies":[{"embeddable":true,"href":"https:\/\/informativoelvalledeaguascalientes.online\/index.php?rest_route=%2Fwp%2Fv2%2Fcomments&post=62706"}],"version-history":[{"count":1,"href":"https:\/\/informativoelvalledeaguascalientes.online\/index.php?rest_route=\/wp\/v2\/posts\/62706\/revisions"}],"predecessor-version":[{"id":62708,"href":"https:\/\/informativoelvalledeaguascalientes.online\/index.php?rest_route=\/wp\/v2\/posts\/62706\/revisions\/62708"}],"wp:featuredmedia":[{"embeddable":true,"href":"https:\/\/informativoelvalledeaguascalientes.online\/index.php?rest_route=\/wp\/v2\/media\/62707"}],"wp:attachment":[{"href":"https:\/\/informativoelvalledeaguascalientes.online\/index.php?rest_route=%2Fwp%2Fv2%2Fmedia&parent=62706"}],"wp:term":[{"taxonomy":"category","embeddable":true,"href":"https:\/\/informativoelvalledeaguascalientes.online\/index.php?rest_route=%2Fwp%2Fv2%2Fcategories&post=62706"},{"taxonomy":"post_tag","embeddable":true,"href":"https:\/\/informativoelvalledeaguascalientes.online\/index.php?rest_route=%2Fwp%2Fv2%2Ftags&post=62706"}],"curies":[{"name":"wp","href":"https:\/\/api.w.org\/{rel}","templated":true}]}}