{"id":6258,"date":"2020-05-08T21:12:52","date_gmt":"2020-05-09T03:12:52","guid":{"rendered":"https:\/\/informativoelvalledeaguascalientes.online\/?p=6258"},"modified":"2020-05-08T21:12:52","modified_gmt":"2020-05-09T03:12:52","slug":"tere-jimenez-pone-en-marcha-operativo-intensivo-de-limpieza-y-desinfeccion-de-mercados","status":"publish","type":"post","link":"https:\/\/informativoelvalledeaguascalientes.online\/?p=6258","title":{"rendered":"TERE JIM\u00c9NEZ PONE EN MARCHA OPERATIVO INTENSIVO DE LIMPIEZA Y DESINFECCI\u00d3N DE MERCADOS"},"content":{"rendered":"<div class=\"opinion-section opinion-single-cover opinion-indent opinion-overlay\">\n<div class=\"container\">\n<div class=\"section-head row justify-content-center text-center\"><\/div>\n<\/div>\n<\/div>\n<div class=\"opinion-section\">\n<div class=\"container\">\n<div class=\"section-content row justify-content-center\">\n<div class=\"col-12 col-lg-8 opinion-order-1\">\n<article class=\"opinion-post opinion-single post-16184 post type-post status-publish format-standard has-post-thumbnail hentry category-mercados\">\n<div class=\"entry-content\">\n<ul>\n<li><strong>\u00a0Municipio y locatarios realizan jornadas de limpieza en los 9 mercados municipales<\/strong><\/li>\n<\/ul>\n<p>Con el objetivo de seguir protegiendo la salud de los habitantes, la alcaldesa\u00a0<strong>Tere Jim\u00e9nez<\/strong>\u00a0dio arranque al programa intensivo de limpieza y desinfecci\u00f3n de los 9 mercados municipales, que iniciaron la tarde de este viernes en el tradicional mercado de San Felipe.<\/p>\n<p>La alcaldesa inform\u00f3 que en conjunto, locatarios, personal de Mercados, Estacionamientos y \u00c1reas Comerciales, as\u00ed como elementos de Servicios P\u00fablicos Municipales, del \u00e1rea de Salud P\u00fablica, lavar\u00e1n y asear\u00e1n con bactericidas especiales estos sitios tradicionales,\u00a0 para mantener la seguridad de los comerciantes \u00a0y de los clientes que acuden a adquirir sus alimentos.<\/p>\n<p><strong>Israel D\u00edaz Garc\u00eda<\/strong>, Director de Mercados, Estacionamientos y \u00c1reas Comerciales, destac\u00f3 que estas acciones de limpieza son\u00a0 parte de las medidas especiales que se est\u00e1n implementando para que estos espacios comerciales contin\u00faen abiertos con el fin de que la econom\u00eda se mantenga activa y las familias puedan abastecerse de alimentos.<\/p>\n<p>Puntualiz\u00f3 que en un lapso de 10 d\u00edas, se intervendr\u00e1n los mercados Morelos, Benito Ju\u00e1rez, Jes\u00fas Ter\u00e1n, La Purisma, Villas de Nuestra Se\u00f1ora de la Asunci\u00f3n, Mercado San Felipe, Primavera , G\u00f3mez Far\u00edas\u00a0 y Primero de Mayo.<\/p>\n<p>Igualmente se est\u00e1 verificando que las personas utilicen cubrebocas y gel antibacterial al momento de acudir a realizar sus compras.<\/p>\n<p><strong>Miriam Rodr\u00edguez Tiscare\u00f1o<\/strong>, titular de la Secretar\u00eda de Servicios P\u00fablicos Municipales, inform\u00f3 que los bactericidas no son t\u00f3xicos para el ser humano y desinfectan de manera inmediata cualquier tipo de superficie.<\/p>\n<\/div>\n<\/article>\n<\/div>\n<\/div>\n<\/div>\n<\/div>\n","protected":false},"excerpt":{"rendered":"<p>\u00a0Municipio y locatarios realizan jornadas de limpieza en los 9 mercados municipales Con el objetivo de seguir protegiendo la salud de los habitantes, la alcaldesa\u00a0Tere Jim\u00e9nez\u00a0dio arranque al programa intensivo de limpieza y desinfecci\u00f3n de los 9 mercados municipales, que iniciaron la tarde de este viernes en el tradicional mercado de San Felipe. La alcaldesa [&hellip;]<\/p>\n","protected":false},"author":1,"featured_media":6260,"comment_status":"closed","ping_status":"open","sticky":false,"template":"","format":"standard","meta":{"advanced_seo_description":"","jetpack_seo_html_title":"","jetpack_seo_noindex":false,"_jetpack_memberships_contains_paid_content":false,"footnotes":"","jetpack_publicize_message":"","jetpack_publicize_feature_enabled":true,"jetpack_social_post_already_shared":true,"jetpack_social_options":{"image_generator_settings":{"template":"highway","default_image_id":0,"font":"","enabled":false},"version":2}},"categories":[21,3],"tags":[22,25],"class_list":["post-6258","post","type-post","status-publish","format-standard","has-post-thumbnail","hentry","category-aguascalientes","category-municipio-aguascalientes","tag-aguascalientes","tag-mpio-aguascalientes"],"jetpack_publicize_connections":[],"jetpack_featured_media_url":"https:\/\/i0.wp.com\/informativoelvalledeaguascalientes.online\/wp-content\/uploads\/2020\/05\/mpio_ags_desinfeccion_08052020.jpg?fit=1024%2C683&ssl=1","jetpack-related-posts":[],"jetpack_sharing_enabled":true,"jetpack_likes_enabled":true,"_links":{"self":[{"href":"https:\/\/informativoelvalledeaguascalientes.online\/index.php?rest_route=\/wp\/v2\/posts\/6258","targetHints":{"allow":["GET"]}}],"collection":[{"href":"https:\/\/informativoelvalledeaguascalientes.online\/index.php?rest_route=\/wp\/v2\/posts"}],"about":[{"href":"https:\/\/informativoelvalledeaguascalientes.online\/index.php?rest_route=\/wp\/v2\/types\/post"}],"author":[{"embeddable":true,"href":"https:\/\/informativoelvalledeaguascalientes.online\/index.php?rest_route=\/wp\/v2\/users\/1"}],"replies":[{"embeddable":true,"href":"https:\/\/informativoelvalledeaguascalientes.online\/index.php?rest_route=%2Fwp%2Fv2%2Fcomments&post=6258"}],"version-history":[{"count":1,"href":"https:\/\/informativoelvalledeaguascalientes.online\/index.php?rest_route=\/wp\/v2\/posts\/6258\/revisions"}],"predecessor-version":[{"id":6261,"href":"https:\/\/informativoelvalledeaguascalientes.online\/index.php?rest_route=\/wp\/v2\/posts\/6258\/revisions\/6261"}],"wp:featuredmedia":[{"embeddable":true,"href":"https:\/\/informativoelvalledeaguascalientes.online\/index.php?rest_route=\/wp\/v2\/media\/6260"}],"wp:attachment":[{"href":"https:\/\/informativoelvalledeaguascalientes.online\/index.php?rest_route=%2Fwp%2Fv2%2Fmedia&parent=6258"}],"wp:term":[{"taxonomy":"category","embeddable":true,"href":"https:\/\/informativoelvalledeaguascalientes.online\/index.php?rest_route=%2Fwp%2Fv2%2Fcategories&post=6258"},{"taxonomy":"post_tag","embeddable":true,"href":"https:\/\/informativoelvalledeaguascalientes.online\/index.php?rest_route=%2Fwp%2Fv2%2Ftags&post=6258"}],"curies":[{"name":"wp","href":"https:\/\/api.w.org\/{rel}","templated":true}]}}