{"id":62562,"date":"2024-10-31T17:21:44","date_gmt":"2024-10-31T23:21:44","guid":{"rendered":"https:\/\/informativoelvalledeaguascalientes.online\/?p=62562"},"modified":"2024-11-01T20:23:51","modified_gmt":"2024-11-02T02:23:51","slug":"todo-listo-para-el-desfile-de-calaveras-este-proximo-2-de-noviembre","status":"publish","type":"post","link":"https:\/\/informativoelvalledeaguascalientes.online\/?p=62562","title":{"rendered":"TODO LISTO PARA EL DESFILE DE CALAVERAS ESTE PR\u00d3XIMO 2 DE NOVIEMBRE"},"content":{"rendered":"<p>#informativoelvalledeaguascalientes<\/p>\n<p>#novaradioaguascalientes<\/p>\n<p>#informativoelvalledeaguascalientesll<\/p>\n<p>&nbsp;<\/p>\n<p>&nbsp;<\/p>\n<div class=\"\" data-mesh-id=\"comp-l7sh9ubr2inlineContent\" data-testid=\"inline-content\">\n<div data-mesh-id=\"comp-l7sh9ubr2inlineContent-gridContainer\" data-testid=\"mesh-container-content\">\n<div id=\"comp-l7sh9ubx\" class=\"TWFxr5 \">\n<div class=\"comp-l7sh9ubx\">\n<div class=\"sONoD8k comp-l7sh9ubx\" data-hook=\"ricosviewer-wrapper\">\n<div class=\"lTgvL\" dir=\"ltr\" data-id=\"content-viewer\">\n<div class=\"oQroK\">\n<div class=\"GcAfO\">\n<ul class=\"_28NaN JKQpO\">\n<li class=\"_20rRF\" dir=\"auto\" aria-level=\"1\">\n<p id=\"viewer-9hyxh177\" class=\"qdI7b _4rI8L wI9em _8x74a\" dir=\"\"><span class=\"ECOlE wI9em\"><strong><em>Iniciar\u00e1 en punto de las 21:00 horas<\/em><\/strong><\/span><\/p>\n<\/li>\n<li class=\"_20rRF\" dir=\"auto\" aria-level=\"1\">\n<p id=\"viewer-x35zl180\" class=\"qdI7b _4rI8L wI9em _8x74a\" dir=\"\"><span class=\"ECOlE wI9em\"><strong><em>Participar\u00e1n m\u00e1s de 2 mil personas, 12 figuras aleg\u00f3ricas y 25 comparsas<\/em><\/strong><\/span><\/p>\n<\/li>\n<li class=\"_20rRF\" dir=\"auto\" aria-level=\"1\">\n<p id=\"viewer-cgecp183\" class=\"qdI7b _4rI8L wI9em _8x74a\" dir=\"\"><span class=\"ECOlE wI9em\"><strong><em>Rutas y cierres de calles se dar\u00e1n a conocer en las redes sociales de Viva Aguascalientes\u00a0<\/em><\/strong><\/span><\/p>\n<\/li>\n<\/ul>\n<div id=\"viewer-w3zuy185\" class=\"qdI7b _4rI8L wI9em _8x74a\" dir=\"auto\"><span class=\"ECOlE wI9em\">\u00a0<\/span><\/div>\n<p id=\"viewer-bn9m9205\" class=\"qdI7b _4rI8L wI9em _8x74a\" dir=\"auto\"><span class=\"ECOlE wI9em\">El Gobierno del Estado de Aguascalientes, a trav\u00e9s de la Secretar\u00eda de Turismo (Sectur), invita a locales y visitantes a celebrar uno de los eventos m\u00e1s emblem\u00e1ticos de la entidad: el tradicional Desfile de Calaveras, que a\u00f1o con a\u00f1o se realiza en homenaje a Jos\u00e9 Guadalupe Posada, \u00edcono cultural de Aguascalientes.\u00a0<\/span><\/p>\n<div id=\"viewer-qidpv218\" class=\"qdI7b _4rI8L wI9em _8x74a\" dir=\"auto\"><span class=\"ECOlE wI9em\">\u00a0<\/span><\/div>\n<p id=\"viewer-pru7n187\" class=\"qdI7b _4rI8L wI9em _8x74a\" dir=\"auto\"><span class=\"ECOlE wI9em\">Bajo el lema \u201cSoy calaca\u201d, el desfile se llevar\u00e1 a cabo el pr\u00f3ximo s\u00e1bado 2 de noviembre a las 21:00 horas por las principales calles del centro hist\u00f3rico de la ciudad; iniciar\u00e1 en la calle 28 de Agosto, para despu\u00e9s dirigirse por la calle Madero hasta terminar en la Plaza Patria.\u00a0<\/span><\/p>\n<div id=\"viewer-j3enw231\" class=\"qdI7b _4rI8L wI9em _8x74a\" dir=\"auto\"><span class=\"ECOlE wI9em\">\u00a0<\/span><\/div>\n<p id=\"viewer-nxhhb189\" class=\"qdI7b _4rI8L wI9em _8x74a\" dir=\"auto\"><span class=\"ECOlE wI9em\">Adem\u00e1s, antes del desfile, los asistentes podr\u00e1n disfrutar de un espect\u00e1culo sorpresa y de una fiesta con m\u00fasica electr\u00f3nica en la Plaza Patria, al finalizar el recorrido.<\/span><\/p>\n<div id=\"viewer-y32i4244\" class=\"qdI7b _4rI8L wI9em _8x74a\" dir=\"auto\"><span class=\"ECOlE wI9em\">\u00a0<\/span><\/div>\n<p id=\"viewer-mvv9w191\" class=\"qdI7b _4rI8L wI9em _8x74a\" dir=\"auto\"><span class=\"ECOlE wI9em\">En el desfile participar\u00e1n m\u00e1s de 2 mil personas, 12 figuras aleg\u00f3ricas y 25 comparsas, que llenar\u00e1n las calles del centro hist\u00f3rico de color, m\u00fasica y tradici\u00f3n; se espera la asistencia de aproximadamente 65 mil espectadores para disfrutar de este evento \u00fanico.<\/span><\/p>\n<div id=\"viewer-tuems257\" class=\"qdI7b _4rI8L wI9em _8x74a\" dir=\"auto\"><span class=\"ECOlE wI9em\">\u00a0<\/span><\/div>\n<p id=\"viewer-rag4g193\" class=\"qdI7b _4rI8L wI9em _8x74a\" dir=\"auto\"><span class=\"ECOlE wI9em\">Para asegurar una experiencia organizada y segura, el evento contar\u00e1 con la presencia de los cuerpos de emergencia y corporaciones policiacas para garantizar la tranquilidad de todos los asistentes.<\/span><\/p>\n<div id=\"viewer-4ygh4270\" class=\"qdI7b _4rI8L wI9em _8x74a\" dir=\"auto\"><span class=\"ECOlE wI9em\">\u00a0<\/span><\/div>\n<p id=\"viewer-sf16n195\" class=\"qdI7b _4rI8L wI9em _8x74a\" dir=\"auto\"><span class=\"ECOlE wI9em\">Adem\u00e1s del desfile, la Sectur invita a visitar la Isla San Marcos, donde se cuenta con actividades para toda la familia, las cuales concluyen el 3 de noviembre.\u00a0<\/span><\/p>\n<div id=\"viewer-hgwec283\" class=\"qdI7b _4rI8L wI9em _8x74a\" dir=\"auto\"><span class=\"ECOlE wI9em\">\u00a0<\/span><\/div>\n<p id=\"viewer-868pl197\" class=\"qdI7b _4rI8L wI9em _8x74a\" dir=\"auto\"><span class=\"ECOlE wI9em\">Las y los interesados en asistir podr\u00e1n consultar m\u00e1s detalles sobre rutas y cierres de calles en las redes sociales de Viva Aguascalientes.<\/span><\/p>\n<div id=\"viewer-789a2296\" class=\"qdI7b _4rI8L wI9em _8x74a\" dir=\"auto\"><span class=\"ECOlE wI9em\">\u00a0<\/span><\/div>\n<p id=\"viewer-h84g7199\" class=\"qdI7b _4rI8L wI9em _8x74a\" dir=\"auto\"><span class=\"ECOlE wI9em\">\u00a1No te pierdas esta celebraci\u00f3n llena de cultura, tradici\u00f3n y orgullo aguascalentense!<\/span><\/p>\n<\/div>\n<\/div>\n<\/div>\n<\/div>\n<\/div>\n<\/div>\n<\/div>\n<\/div>\n","protected":false},"excerpt":{"rendered":"<p>#informativoelvalledeaguascalientes #novaradioaguascalientes #informativoelvalledeaguascalientesll &nbsp; &nbsp; Iniciar\u00e1 en punto de las 21:00 horas Participar\u00e1n m\u00e1s de 2 mil personas, 12 figuras aleg\u00f3ricas y 25 comparsas Rutas y cierres de calles se dar\u00e1n a conocer en las redes sociales de Viva Aguascalientes\u00a0 \u00a0 El Gobierno del Estado de Aguascalientes, a trav\u00e9s de la Secretar\u00eda de Turismo (Sectur), [&hellip;]<\/p>\n","protected":false},"author":13383,"featured_media":62563,"comment_status":"closed","ping_status":"open","sticky":false,"template":"","format":"standard","meta":{"advanced_seo_description":"","jetpack_seo_html_title":"","jetpack_seo_noindex":false,"_jetpack_memberships_contains_paid_content":false,"footnotes":"","jetpack_publicize_message":"","jetpack_publicize_feature_enabled":true,"jetpack_social_post_already_shared":true,"jetpack_social_options":{"image_generator_settings":{"template":"highway","default_image_id":0,"font":"","enabled":false},"version":2}},"categories":[21,4],"tags":[22,615],"class_list":["post-62562","post","type-post","status-publish","format-standard","has-post-thumbnail","hentry","category-aguascalientes","category-gobierno-del-estado-aguascalientes","tag-aguascalientes","tag-gobierno-del-estado-de-aguascalientes"],"jetpack_publicize_connections":[],"jetpack_featured_media_url":"https:\/\/i0.wp.com\/informativoelvalledeaguascalientes.online\/wp-content\/uploads\/2024\/11\/1-scaled.jpg?fit=2560%2C1709&ssl=1","jetpack-related-posts":[],"jetpack_sharing_enabled":true,"jetpack_likes_enabled":true,"_links":{"self":[{"href":"https:\/\/informativoelvalledeaguascalientes.online\/index.php?rest_route=\/wp\/v2\/posts\/62562","targetHints":{"allow":["GET"]}}],"collection":[{"href":"https:\/\/informativoelvalledeaguascalientes.online\/index.php?rest_route=\/wp\/v2\/posts"}],"about":[{"href":"https:\/\/informativoelvalledeaguascalientes.online\/index.php?rest_route=\/wp\/v2\/types\/post"}],"author":[{"embeddable":true,"href":"https:\/\/informativoelvalledeaguascalientes.online\/index.php?rest_route=\/wp\/v2\/users\/13383"}],"replies":[{"embeddable":true,"href":"https:\/\/informativoelvalledeaguascalientes.online\/index.php?rest_route=%2Fwp%2Fv2%2Fcomments&post=62562"}],"version-history":[{"count":1,"href":"https:\/\/informativoelvalledeaguascalientes.online\/index.php?rest_route=\/wp\/v2\/posts\/62562\/revisions"}],"predecessor-version":[{"id":62564,"href":"https:\/\/informativoelvalledeaguascalientes.online\/index.php?rest_route=\/wp\/v2\/posts\/62562\/revisions\/62564"}],"wp:featuredmedia":[{"embeddable":true,"href":"https:\/\/informativoelvalledeaguascalientes.online\/index.php?rest_route=\/wp\/v2\/media\/62563"}],"wp:attachment":[{"href":"https:\/\/informativoelvalledeaguascalientes.online\/index.php?rest_route=%2Fwp%2Fv2%2Fmedia&parent=62562"}],"wp:term":[{"taxonomy":"category","embeddable":true,"href":"https:\/\/informativoelvalledeaguascalientes.online\/index.php?rest_route=%2Fwp%2Fv2%2Fcategories&post=62562"},{"taxonomy":"post_tag","embeddable":true,"href":"https:\/\/informativoelvalledeaguascalientes.online\/index.php?rest_route=%2Fwp%2Fv2%2Ftags&post=62562"}],"curies":[{"name":"wp","href":"https:\/\/api.w.org\/{rel}","templated":true}]}}