{"id":62547,"date":"2024-10-30T22:09:45","date_gmt":"2024-10-31T04:09:45","guid":{"rendered":"https:\/\/informativoelvalledeaguascalientes.online\/?p=62547"},"modified":"2024-11-01T20:11:49","modified_gmt":"2024-11-02T02:11:49","slug":"la-banda-sinfonica-municipal-de-aguascalientes-se-presento-esta-noche-en-calvillo","status":"publish","type":"post","link":"https:\/\/informativoelvalledeaguascalientes.online\/?p=62547","title":{"rendered":"La Banda Sinf\u00f3nica Municipal de Aguascalientes se present\u00f3 esta noche en #Calvillo"},"content":{"rendered":"<p>#informativoelvalledeaguascalientes<\/p>\n<p>#novaradioaguascalientes<\/p>\n<p>#informativoelvalledeaguascalientesll<\/p>\n<p>&nbsp;<\/p>\n<p>&nbsp;<\/p>\n<p>\ud83d\udc80\ud83c\udfbb\ud83c\udfb6 La Banda Sinf\u00f3nica Municipal de Aguascalientes se present\u00f3 esta noche en #CalvilloPuebloM\u00e1gico dentro de las actividades por el \ud835\udc05\ud835\udc1e\ud835\udc2c\ud835\udc2d\ud835\udc22\ud835\udc2f\ud835\udc1a\ud835\udc25 \ud835\udc1d\ud835\udc1e \ud835\udc03\ud835\udc22\u0301\ud835\udc1a \ud835\udc1d\ud835\udc1e \ud835\udc0c\ud835\udc2e\ud835\udc1e\ud835\udc2b\ud835\udc2d\ud835\udc28\ud835\udc2c \ud835\udfd0\ud835\udfce\ud835\udfd0\ud835\udfd2.<\/p>\n<p>Este evento celebra la rica tradici\u00f3n y cultura de M\u00e9xico a trav\u00e9s de la m\u00fasica y promoci\u00f3n del arte enriqueciendo la experiencia de todos los asistentes.<\/p>\n<p>#\ud835\ude47\ud835\ude5a\ud835\ude5c\ud835\ude56\ud835\ude59\ud835\ude64\ud835\ude4b\ud835\ude56\ud835\ude67\ud835\ude56\ud835\ude48\ud835\ude5e\ud835\ude42\ud835\ude5a\ud835\ude63\ud835\ude69\ud835\ude5a<\/p>\n","protected":false},"excerpt":{"rendered":"<p>#informativoelvalledeaguascalientes #novaradioaguascalientes #informativoelvalledeaguascalientesll &nbsp; &nbsp; \ud83d\udc80\ud83c\udfbb\ud83c\udfb6 La Banda Sinf\u00f3nica Municipal de Aguascalientes se present\u00f3 esta noche en #CalvilloPuebloM\u00e1gico dentro de las actividades por el \ud835\udc05\ud835\udc1e\ud835\udc2c\ud835\udc2d\ud835\udc22\ud835\udc2f\ud835\udc1a\ud835\udc25 \ud835\udc1d\ud835\udc1e \ud835\udc03\ud835\udc22\u0301\ud835\udc1a \ud835\udc1d\ud835\udc1e \ud835\udc0c\ud835\udc2e\ud835\udc1e\ud835\udc2b\ud835\udc2d\ud835\udc28\ud835\udc2c \ud835\udfd0\ud835\udfce\ud835\udfd0\ud835\udfd2. Este evento celebra la rica tradici\u00f3n y cultura de M\u00e9xico a trav\u00e9s de la m\u00fasica y promoci\u00f3n del arte enriqueciendo la experiencia de todos los [&hellip;]<\/p>\n","protected":false},"author":13383,"featured_media":62548,"comment_status":"closed","ping_status":"open","sticky":false,"template":"","format":"standard","meta":{"advanced_seo_description":"","jetpack_seo_html_title":"","jetpack_seo_noindex":false,"_jetpack_memberships_contains_paid_content":false,"footnotes":"","jetpack_publicize_message":"","jetpack_publicize_feature_enabled":true,"jetpack_social_post_already_shared":true,"jetpack_social_options":{"image_generator_settings":{"template":"highway","default_image_id":0,"font":"","enabled":false},"version":2}},"categories":[21,13],"tags":[22,88,29],"class_list":["post-62547","post","type-post","status-publish","format-standard","has-post-thumbnail","hentry","category-aguascalientes","category-calvillo-aguascalientes","tag-aguascalientes","tag-calvillo","tag-calvillo-aguascalientes"],"jetpack_publicize_connections":[],"jetpack_featured_media_url":"https:\/\/i0.wp.com\/informativoelvalledeaguascalientes.online\/wp-content\/uploads\/2024\/11\/WhatsApp-Image-2024-10-30-at-10.36.25-PM.jpeg?fit=1600%2C1066&ssl=1","jetpack-related-posts":[],"jetpack_sharing_enabled":true,"jetpack_likes_enabled":true,"_links":{"self":[{"href":"https:\/\/informativoelvalledeaguascalientes.online\/index.php?rest_route=\/wp\/v2\/posts\/62547","targetHints":{"allow":["GET"]}}],"collection":[{"href":"https:\/\/informativoelvalledeaguascalientes.online\/index.php?rest_route=\/wp\/v2\/posts"}],"about":[{"href":"https:\/\/informativoelvalledeaguascalientes.online\/index.php?rest_route=\/wp\/v2\/types\/post"}],"author":[{"embeddable":true,"href":"https:\/\/informativoelvalledeaguascalientes.online\/index.php?rest_route=\/wp\/v2\/users\/13383"}],"replies":[{"embeddable":true,"href":"https:\/\/informativoelvalledeaguascalientes.online\/index.php?rest_route=%2Fwp%2Fv2%2Fcomments&post=62547"}],"version-history":[{"count":1,"href":"https:\/\/informativoelvalledeaguascalientes.online\/index.php?rest_route=\/wp\/v2\/posts\/62547\/revisions"}],"predecessor-version":[{"id":62549,"href":"https:\/\/informativoelvalledeaguascalientes.online\/index.php?rest_route=\/wp\/v2\/posts\/62547\/revisions\/62549"}],"wp:featuredmedia":[{"embeddable":true,"href":"https:\/\/informativoelvalledeaguascalientes.online\/index.php?rest_route=\/wp\/v2\/media\/62548"}],"wp:attachment":[{"href":"https:\/\/informativoelvalledeaguascalientes.online\/index.php?rest_route=%2Fwp%2Fv2%2Fmedia&parent=62547"}],"wp:term":[{"taxonomy":"category","embeddable":true,"href":"https:\/\/informativoelvalledeaguascalientes.online\/index.php?rest_route=%2Fwp%2Fv2%2Fcategories&post=62547"},{"taxonomy":"post_tag","embeddable":true,"href":"https:\/\/informativoelvalledeaguascalientes.online\/index.php?rest_route=%2Fwp%2Fv2%2Ftags&post=62547"}],"curies":[{"name":"wp","href":"https:\/\/api.w.org\/{rel}","templated":true}]}}