{"id":62511,"date":"2024-10-31T11:39:36","date_gmt":"2024-10-31T17:39:36","guid":{"rendered":"https:\/\/informativoelvalledeaguascalientes.online\/?p=62511"},"modified":"2024-11-01T19:43:37","modified_gmt":"2024-11-02T01:43:37","slug":"%f0%9f%8e%ad%f0%9d%97%97%f0%9d%97%b2%f0%9d%98%80%f0%9d%97%b0%f0%9d%98%82%f0%9d%97%af%f0%9d%97%bf%f0%9d%97%b2-%f0%9d%97%b2%f0%9d%97%b9-%f0%9d%97%a3%f0%9d%97%ae%f0%9d%97%af%f0%9d%97%b2%f0%9d%97%b9","status":"publish","type":"post","link":"https:\/\/informativoelvalledeaguascalientes.online\/?p=62511","title":{"rendered":"\ud83c\udfad\u00a1\ud835\uddd7\ud835\uddf2\ud835\ude00\ud835\uddf0\ud835\ude02\ud835\uddef\ud835\uddff\ud835\uddf2 \ud835\uddf2\ud835\uddf9 \ud835\udde3\ud835\uddee\ud835\uddef\ud835\uddf2\ud835\uddf9\ud835\uddf9\ud835\uddfc\u0301\ud835\uddfb \ud835\udddc\ud835\uddfb\ud835\uddf3\ud835\uddee\ud835\uddfb\ud835\ude01\ud835\uddf6\ud835\uddf9 \ud835\uddf2\ud835\uddfb \ud835\uddf2\ud835\uddf9 \ud835\uddd9\ud835\uddf2\ud835\ude00\ud835\ude01\ud835\uddf6\ud835\ude03\ud835\uddee\ud835\uddf9 \ud835\uddd6\ud835\ude02\ud835\uddf9\ud835\ude01\ud835\ude02\ud835\uddff\ud835\uddee\ud835\uddf9 \ud835\uddf1\ud835\uddf2 \ud835\uddd6\ud835\uddee\ud835\uddf9\ud835\uddee\ud835\ude03\ud835\uddf2\ud835\uddff\ud835\uddee\ud835\ude00!"},"content":{"rendered":"<p>#informativoelvalledeaguascalientes<\/p>\n<p>#novaradioaguascalientes<\/p>\n<p>#informativoelvalledeaguascalientesll<\/p>\n<p>&nbsp;<\/p>\n<p>&nbsp;<\/p>\n<p>Aqu\u00ed encontrar\u00e1s talleres dise\u00f1ados para que los ni\u00f1os desarrollen su creatividad mientras se divierten, Conoce lo que pueden experimentar a trav\u00e9s de la siguiente gu\u00eda. \ud83d\udc47\ud83d\udc47<\/p>\n<p>\ud83d\udc57 \ud835\uddd8\ud835\uddf9 \ud835\udde9\ud835\uddf2\ud835\ude00\ud835\ude01\ud835\ude02\ud835\uddee\ud835\uddff\ud835\uddf6\ud835\uddfc \ud835\uddf1\ud835\uddf2 \ud835\uddf9\ud835\uddee \ud835\uddd6\ud835\uddee\ud835\ude01\ud835\uddff\ud835\uddf6\ud835\uddfb\ud835\uddee (Rosa)<br \/>\nConvi\u00e9rtete en dise\u00f1ador textil, explora la moda tradicional y crea figurines y prendas para la emblem\u00e1tica catrina.<\/p>\n<p>\ud83d\uddbc\ufe0f \ud835\udddf\ud835\uddee \ud835\uddda\ud835\uddee\ud835\uddf9\ud835\uddf2\ud835\uddff\ud835\uddf6\u0301\ud835\uddee \ud835\uddf1\ud835\uddf2 \ud835\udde3\ud835\uddfc\ud835\ude00\ud835\uddee\ud835\uddf1\ud835\uddee (Verde)<br \/>\nConstruye una galer\u00eda interactiva inspirada en las obras del gran Guadalupe Posada, y da vida al arte con tu imaginaci\u00f3n.<\/p>\n<p>\u26b0\ufe0f \ud835\uddd8\ud835\uddf9 \ud835\udde3\ud835\uddee\ud835\uddfb\ud835\ude01\ud835\uddf2\ud835\uddfc\u0301\ud835\uddfb (Amarillo)<br \/>\nCelebra el D\u00eda de Muertos decorando tumbas simb\u00f3licas, preparando ofrendas gastron\u00f3micas y creando flores de papel.<\/p>\n<p>\ud83e\ude80 \ud835\udddf\ud835\uddfc\ud835\ude00 \ud835\udddd\ud835\ude02\ud835\uddf4\ud835\ude02\ud835\uddf2\ud835\ude01\ud835\uddf2\ud835\ude00 \ud835\uddf1\ud835\uddf2 \ud835\uddf9\ud835\uddee \ud835\uddd6\ud835\uddee\ud835\ude01\ud835\uddff\ud835\uddf6\ud835\uddfb\ud835\uddee (Azul Claro)<br \/>\nRedescubre la magia de los juegos tradicionales mexicanos como el balero, las canicas, el yoyo y la churumbela, mientras desarrollas habilidades motoras y sociales.<\/p>\n<p>\ud83d\udc50 \ud835\udddf\ud835\uddfc\ud835\ude00 \ud835\udde7\ud835\uddff\ud835\uddee\ud835\ude00\ud835\ude01\ud835\uddfc\ud835\ude00 \ud835\uddf1\ud835\uddf2 \ud835\uddf9\ud835\uddee \ud835\uddd6\ud835\uddee\ud835\ude01\ud835\uddff\ud835\uddf6\ud835\uddfb\ud835\uddee (Azul Fuerte)<br \/>\nDesata tu creatividad con arcilla y aprende t\u00e9cnicas b\u00e1sicas de modelado para crear objetos \u00fanicos con tus propias manos.<\/p>\n<p>\ud83d\udd8b\ufe0f \ud835\udddf\ud835\uddfc\ud835\ude00 \ud835\uddda\ud835\uddff\ud835\uddee\ud835\uddef\ud835\uddee\ud835\uddf1\ud835\uddfc\ud835\ude00 \ud835\uddf1\ud835\uddf2 \ud835\udde3\ud835\uddfc\ud835\ude00\ud835\uddee\ud835\uddf1\ud835\uddee (Tinto)<br \/>\nAd\u00e9ntrate en las t\u00e9cnicas de grabado del maestro Posada y crea tu propia obra inspirada en su legado.<\/p>\n<p>\u26a1 \ud835\udddf\ud835\uddee \ud835\uddd6\ud835\uddf5\ud835\uddf6\ud835\ude00\ud835\uddfd\ud835\uddee \ud835\uddf1\ud835\uddf2 \ud835\uddf9\ud835\uddee \ud835\uddd6\ud835\uddee\ud835\ude01\ud835\uddff\ud835\uddf6\ud835\uddfb\ud835\uddee (Naranja)<br \/>\nDespierta tu imaginaci\u00f3n y deja que tu creatividad brille en cada actividad.<\/p>\n<p>\u2728 \ud835\uddd8\ud835\uddfb\ud835\ude01\ud835\uddff\ud835\uddee\ud835\uddf1\ud835\uddee \ud835\uddf4\ud835\uddff\ud835\uddee\ud835\ude01\ud835\ude02\ud835\uddf6\ud835\ude01\ud835\uddee \ud835\uddfd\ud835\uddee\ud835\uddff\ud835\uddee \ud835\uddfb\ud835\uddf6\ud835\uddfb\u0303\ud835\uddfc\ud835\ude00 \ud835\uddf1\ud835\uddf2 \ud835\uddf5\ud835\uddee\ud835\ude00\ud835\ude01\ud835\uddee \ud835\udfed\ud835\udfee \ud835\uddee\ud835\uddfb\u0303\ud835\uddfc\ud835\ude00<br \/>\n\ud83d\udcc5 \ud835\udddb\ud835\uddfc\ud835\uddff\ud835\uddee\ud835\uddff\ud835\uddf6\ud835\uddfc: De 9:00 a.m. a 7:00 p.m.<br \/>\n\ud83d\udccd \ud835\udddc\ud835\ude00\ud835\uddf9\ud835\uddee \ud835\udde6\ud835\uddee\ud835\uddfb \ud835\udde0\ud835\uddee\ud835\uddff\ud835\uddf0\ud835\uddfc\ud835\ude00<\/p>\n<p>Consulta el programa completo de actividades del Festival Cultural de Calaveras aqu\u00ed: https:\/\/festivaldecalaveras.aguascalientes.gob.mx\/<br \/>\n.<br \/>\n.<br \/>\n#FCDC2024<br \/>\n#VivaAguascalientes<br \/>\n#SecTurAgs<\/p>\n","protected":false},"excerpt":{"rendered":"<p>#informativoelvalledeaguascalientes #novaradioaguascalientes #informativoelvalledeaguascalientesll &nbsp; &nbsp; Aqu\u00ed encontrar\u00e1s talleres dise\u00f1ados para que los ni\u00f1os desarrollen su creatividad mientras se divierten, Conoce lo que pueden experimentar a trav\u00e9s de la siguiente gu\u00eda. \ud83d\udc47\ud83d\udc47 \ud83d\udc57 \ud835\uddd8\ud835\uddf9 \ud835\udde9\ud835\uddf2\ud835\ude00\ud835\ude01\ud835\ude02\ud835\uddee\ud835\uddff\ud835\uddf6\ud835\uddfc \ud835\uddf1\ud835\uddf2 \ud835\uddf9\ud835\uddee \ud835\uddd6\ud835\uddee\ud835\ude01\ud835\uddff\ud835\uddf6\ud835\uddfb\ud835\uddee (Rosa) Convi\u00e9rtete en dise\u00f1ador textil, explora la moda tradicional y crea figurines y prendas para la emblem\u00e1tica catrina. [&hellip;]<\/p>\n","protected":false},"author":13383,"featured_media":62512,"comment_status":"closed","ping_status":"open","sticky":false,"template":"","format":"standard","meta":{"advanced_seo_description":"","jetpack_seo_html_title":"","jetpack_seo_noindex":false,"_jetpack_memberships_contains_paid_content":false,"footnotes":"","jetpack_publicize_message":"","jetpack_publicize_feature_enabled":true,"jetpack_social_post_already_shared":true,"jetpack_social_options":{"image_generator_settings":{"template":"highway","default_image_id":0,"font":"","enabled":false},"version":2}},"categories":[21,4],"tags":[22,615,34],"class_list":["post-62511","post","type-post","status-publish","format-standard","has-post-thumbnail","hentry","category-aguascalientes","category-gobierno-del-estado-aguascalientes","tag-aguascalientes","tag-gobierno-del-estado-de-aguascalientes","tag-sectur"],"jetpack_publicize_connections":[],"jetpack_featured_media_url":"https:\/\/i0.wp.com\/informativoelvalledeaguascalientes.online\/wp-content\/uploads\/2024\/11\/WhatsApp-Image-2024-10-31-at-11.14.46-AM.jpeg?fit=1600%2C1066&ssl=1","jetpack-related-posts":[],"jetpack_sharing_enabled":true,"jetpack_likes_enabled":true,"_links":{"self":[{"href":"https:\/\/informativoelvalledeaguascalientes.online\/index.php?rest_route=\/wp\/v2\/posts\/62511","targetHints":{"allow":["GET"]}}],"collection":[{"href":"https:\/\/informativoelvalledeaguascalientes.online\/index.php?rest_route=\/wp\/v2\/posts"}],"about":[{"href":"https:\/\/informativoelvalledeaguascalientes.online\/index.php?rest_route=\/wp\/v2\/types\/post"}],"author":[{"embeddable":true,"href":"https:\/\/informativoelvalledeaguascalientes.online\/index.php?rest_route=\/wp\/v2\/users\/13383"}],"replies":[{"embeddable":true,"href":"https:\/\/informativoelvalledeaguascalientes.online\/index.php?rest_route=%2Fwp%2Fv2%2Fcomments&post=62511"}],"version-history":[{"count":1,"href":"https:\/\/informativoelvalledeaguascalientes.online\/index.php?rest_route=\/wp\/v2\/posts\/62511\/revisions"}],"predecessor-version":[{"id":62513,"href":"https:\/\/informativoelvalledeaguascalientes.online\/index.php?rest_route=\/wp\/v2\/posts\/62511\/revisions\/62513"}],"wp:featuredmedia":[{"embeddable":true,"href":"https:\/\/informativoelvalledeaguascalientes.online\/index.php?rest_route=\/wp\/v2\/media\/62512"}],"wp:attachment":[{"href":"https:\/\/informativoelvalledeaguascalientes.online\/index.php?rest_route=%2Fwp%2Fv2%2Fmedia&parent=62511"}],"wp:term":[{"taxonomy":"category","embeddable":true,"href":"https:\/\/informativoelvalledeaguascalientes.online\/index.php?rest_route=%2Fwp%2Fv2%2Fcategories&post=62511"},{"taxonomy":"post_tag","embeddable":true,"href":"https:\/\/informativoelvalledeaguascalientes.online\/index.php?rest_route=%2Fwp%2Fv2%2Ftags&post=62511"}],"curies":[{"name":"wp","href":"https:\/\/api.w.org\/{rel}","templated":true}]}}