{"id":62508,"date":"2024-10-31T17:40:15","date_gmt":"2024-10-31T23:40:15","guid":{"rendered":"https:\/\/informativoelvalledeaguascalientes.online\/?p=62508"},"modified":"2024-11-01T19:39:27","modified_gmt":"2024-11-02T01:39:27","slug":"ferial-de-calaveras-tendra-cuatro-funciones-mas","status":"publish","type":"post","link":"https:\/\/informativoelvalledeaguascalientes.online\/?p=62508","title":{"rendered":"FERIAL DE CALAVERAS TENDR\u00c1 CUATRO FUNCIONES M\u00c1S"},"content":{"rendered":"<p>#informativoelvalledeaguascalientes<\/p>\n<p>#novaradioaguascalientes<\/p>\n<p>#informativoelvalledeaguascalientesll<\/p>\n<p>&nbsp;<\/p>\n<p>&nbsp;<\/p>\n<div id=\"bgLayers_comp-l7sh9ubr2\" class=\"MW5IWV\" data-hook=\"bgLayers\" data-motion-part=\"BG_LAYER\">\n<div id=\"bgMedia_comp-l7sh9ubr2\" class=\"VgO9Yg\" data-motion-part=\"BG_MEDIA\"><\/div>\n<\/div>\n<div class=\"\" data-mesh-id=\"comp-l7sh9ubr2inlineContent\" data-testid=\"inline-content\">\n<div data-mesh-id=\"comp-l7sh9ubr2inlineContent-gridContainer\" data-testid=\"mesh-container-content\">\n<div id=\"comp-l7sh9ubx\" class=\"TWFxr5 \">\n<div class=\"comp-l7sh9ubx\">\n<div class=\"sONoD8k comp-l7sh9ubx\" data-hook=\"ricosviewer-wrapper\">\n<div class=\"lTgvL\" dir=\"ltr\" data-id=\"content-viewer\">\n<div class=\"oQroK\">\n<div class=\"GcAfO\">\n<p id=\"viewer-foo\" class=\"qdI7b _4rI8L wI9em _8x74a\" dir=\"auto\"><span class=\"ECOlE wI9em\">Debido a la excelente respuesta del p\u00fablico, el Gobierno del Estado, a trav\u00e9s del Instituto Cultural de Aguascalientes (ICA), anuncia que el Ferial de Calaveras ampliar\u00e1 sus presentaciones en el Teatro Morelos con cuatro funciones m\u00e1s.<\/span><\/p>\n<div id=\"viewer-9bd8i138\" class=\"qdI7b _4rI8L wI9em _8x74a\" dir=\"auto\"><span class=\"ECOlE wI9em\">\u00a0<\/span><\/div>\n<p id=\"viewer-6qqfl139\" class=\"qdI7b _4rI8L wI9em _8x74a\" dir=\"auto\"><span class=\"ECOlE wI9em\">Las nuevas fechas son el s\u00e1bado 2 de noviembre a las 17:00 y 19:00 horas; y el domingo 3 de noviembre, con funciones a las 12:30 y 17:00 horas; cabe mencionar que el 2 de noviembre el acceso al Teatro Morelos ser\u00e1 por la calle Galeana, a causa de los cierres viales que se realizar\u00e1n con motivo del Desfile de Calaveras.<\/span><\/p>\n<div id=\"viewer-fzpip141\" class=\"qdI7b _4rI8L wI9em _8x74a\" dir=\"auto\"><span class=\"ECOlE wI9em\">\u00a0<\/span><\/div>\n<p id=\"viewer-hm3wk142\" class=\"qdI7b _4rI8L wI9em _8x74a\" dir=\"auto\"><span class=\"ECOlE wI9em\">Este espect\u00e1culo multidisciplinario forma parte de la programaci\u00f3n que el ICA ofrece durante el Festival Cultural de Calaveras, que inici\u00f3 el 26 de octubre y concluye el pr\u00f3ximo 3 de noviembre.<\/span><\/p>\n<p id=\"viewer-1ll76144\" class=\"qdI7b _4rI8L wI9em _8x74a\" dir=\"auto\"><span class=\"ECOlE wI9em\">\u00a0<\/span><\/p>\n<p id=\"viewer-k2vqx146\" class=\"qdI7b _4rI8L wI9em _8x74a\" dir=\"auto\"><span class=\"ECOlE wI9em\">Cabe destacar que en cada funci\u00f3n se cuenta con 250 lugares gratuitos y 100 m\u00e1s que se encuentran a la venta con un costo de 100 pesos; para acceder a los espacios gratuitos, los asistentes deber\u00e1n formarse para ingresar.<\/span><\/p>\n<div id=\"viewer-7ql0g148\" class=\"qdI7b _4rI8L wI9em _8x74a\" dir=\"auto\"><span class=\"ECOlE wI9em\">\u00a0<\/span><\/div>\n<p id=\"viewer-6fwik149\" class=\"qdI7b _4rI8L wI9em _8x74a\" dir=\"auto\"><span class=\"ECOlE wI9em\">La compra de los boletos se puede hacer a trav\u00e9s de <a class=\"hxVNc _6IKdy\" href=\"http:\/\/www.showticket.com.mx\/\" target=\"_self\" rel=\"noopener\" data-hook=\"WebLink\">www.showticket.com.mx<\/a>, en la taquilla del Teatro Aguascalientes de 11:00 a 19:00 horas o en la taquilla del Teatro Morelos una hora antes de cada funci\u00f3n.<\/span><\/p>\n<div id=\"viewer-mpkpu153\" class=\"qdI7b _4rI8L wI9em _8x74a\" dir=\"auto\"><span class=\"ECOlE wI9em\">\u00a0<\/span><\/div>\n<p id=\"viewer-zksv9154\" class=\"qdI7b _4rI8L wI9em _8x74a\" dir=\"auto\"><span class=\"ECOlE wI9em\">La hora l\u00edmite de acceso al teatro es 10 minutos antes de la funci\u00f3n; una vez que inicie el espect\u00e1culo, no se permitir\u00e1 la entrada.<\/span><\/p>\n<\/div>\n<\/div>\n<\/div>\n<\/div>\n<\/div>\n<\/div>\n<\/div>\n<\/div>\n","protected":false},"excerpt":{"rendered":"<p>#informativoelvalledeaguascalientes #novaradioaguascalientes #informativoelvalledeaguascalientesll &nbsp; &nbsp; Debido a la excelente respuesta del p\u00fablico, el Gobierno del Estado, a trav\u00e9s del Instituto Cultural de Aguascalientes (ICA), anuncia que el Ferial de Calaveras ampliar\u00e1 sus presentaciones en el Teatro Morelos con cuatro funciones m\u00e1s. \u00a0 Las nuevas fechas son el s\u00e1bado 2 de noviembre a las 17:00 y [&hellip;]<\/p>\n","protected":false},"author":13383,"featured_media":62509,"comment_status":"closed","ping_status":"open","sticky":false,"template":"","format":"standard","meta":{"advanced_seo_description":"","jetpack_seo_html_title":"","jetpack_seo_noindex":false,"_jetpack_memberships_contains_paid_content":false,"footnotes":"","jetpack_publicize_message":"","jetpack_publicize_feature_enabled":true,"jetpack_social_post_already_shared":true,"jetpack_social_options":{"image_generator_settings":{"template":"highway","default_image_id":0,"font":"","enabled":false},"version":2}},"categories":[21,4],"tags":[22,615],"class_list":["post-62508","post","type-post","status-publish","format-standard","has-post-thumbnail","hentry","category-aguascalientes","category-gobierno-del-estado-aguascalientes","tag-aguascalientes","tag-gobierno-del-estado-de-aguascalientes"],"jetpack_publicize_connections":[],"jetpack_featured_media_url":"https:\/\/i0.wp.com\/informativoelvalledeaguascalientes.online\/wp-content\/uploads\/2024\/11\/1.jpeg?fit=720%2C493&ssl=1","jetpack-related-posts":[],"jetpack_sharing_enabled":true,"jetpack_likes_enabled":true,"_links":{"self":[{"href":"https:\/\/informativoelvalledeaguascalientes.online\/index.php?rest_route=\/wp\/v2\/posts\/62508","targetHints":{"allow":["GET"]}}],"collection":[{"href":"https:\/\/informativoelvalledeaguascalientes.online\/index.php?rest_route=\/wp\/v2\/posts"}],"about":[{"href":"https:\/\/informativoelvalledeaguascalientes.online\/index.php?rest_route=\/wp\/v2\/types\/post"}],"author":[{"embeddable":true,"href":"https:\/\/informativoelvalledeaguascalientes.online\/index.php?rest_route=\/wp\/v2\/users\/13383"}],"replies":[{"embeddable":true,"href":"https:\/\/informativoelvalledeaguascalientes.online\/index.php?rest_route=%2Fwp%2Fv2%2Fcomments&post=62508"}],"version-history":[{"count":1,"href":"https:\/\/informativoelvalledeaguascalientes.online\/index.php?rest_route=\/wp\/v2\/posts\/62508\/revisions"}],"predecessor-version":[{"id":62510,"href":"https:\/\/informativoelvalledeaguascalientes.online\/index.php?rest_route=\/wp\/v2\/posts\/62508\/revisions\/62510"}],"wp:featuredmedia":[{"embeddable":true,"href":"https:\/\/informativoelvalledeaguascalientes.online\/index.php?rest_route=\/wp\/v2\/media\/62509"}],"wp:attachment":[{"href":"https:\/\/informativoelvalledeaguascalientes.online\/index.php?rest_route=%2Fwp%2Fv2%2Fmedia&parent=62508"}],"wp:term":[{"taxonomy":"category","embeddable":true,"href":"https:\/\/informativoelvalledeaguascalientes.online\/index.php?rest_route=%2Fwp%2Fv2%2Fcategories&post=62508"},{"taxonomy":"post_tag","embeddable":true,"href":"https:\/\/informativoelvalledeaguascalientes.online\/index.php?rest_route=%2Fwp%2Fv2%2Ftags&post=62508"}],"curies":[{"name":"wp","href":"https:\/\/api.w.org\/{rel}","templated":true}]}}