{"id":62500,"date":"2024-10-31T13:30:15","date_gmt":"2024-10-31T19:30:15","guid":{"rendered":"https:\/\/informativoelvalledeaguascalientes.online\/?p=62500"},"modified":"2024-11-01T18:33:46","modified_gmt":"2024-11-02T00:33:46","slug":"la-edicion-197-de-la-fnsm","status":"publish","type":"post","link":"https:\/\/informativoelvalledeaguascalientes.online\/?p=62500","title":{"rendered":"La edici\u00f3n 197 de la FNSM"},"content":{"rendered":"<p>#informativoelvalledeaguascalientes<\/p>\n<p>#novaradioaguascalientes<\/p>\n<p>#informativoelvalledeaguascalientesll<\/p>\n<p>&nbsp;<\/p>\n<p>&nbsp;<\/p>\n<p>Los integrantes de la Junta de Gobierno del Patronato de la Feria Nacional de San Marcos, encabezados por Jos\u00e9 \u00c1ngel Gonz\u00e1lez Serna \u201cPaqu\u00edn\u201d, en su calidad del presidente del organismo que se encarga de la planeaci\u00f3n y realizaci\u00f3n de la verbena abrile\u00f1a, aprobaron por unanimidad la propuesta del periodo en que se llevar\u00e1 a cabo la m\u00e1s grande fiesta local y nacional, as\u00ed como el \u00e1rea en que se desarrollar\u00e1 la misma.<\/p>\n<p>De esta manera es que ante el Cabildo de Aguascalientes se presentar\u00e1 la intenci\u00f3n que para la edici\u00f3n 197 de la FNSM la fecha de inicio sea el s\u00e1bado 19 de abril y concluya el 11 de mayo, abarcando el mismo per\u00edmetro que se ocup\u00f3 en la verbena de este 2024, que fue de poco m\u00e1s de 93 hect\u00e1reas; en ambos casos el Consejo estar\u00e1 atento a alguna sugerencia de la autoridad municipal.<\/p>\n<p>En esta sesi\u00f3n, Gonz\u00e1lez Serna resalt\u00f3 que para el inicio de la Feria Nacional de San Marcos 2025, en esta ocasi\u00f3n no habr\u00e1 fiesta de Conteo Regresivo, en atenci\u00f3n y respeto al luto que se vive por parte de la comunidad cat\u00f3lica de Aguascalientes, que pide respeto en los d\u00edas de la Semana Mayor.<\/p>\n<p>Ante esto es que por sugerencia de la gobernadora Tere Jim\u00e9nez, se tuvo una pl\u00e1tica con el Obispo de la Di\u00f3cesis, Juan Espinosa, a quien se le garantiz\u00f3 que por parte del PFNSM se ha determinado que ning\u00fan establecimiento que hubiera rentado espacios espec\u00edficamente para la temporada de feria y dentro del per\u00edmetro, podr\u00e1 abrir y prestar servicio de entretenimiento el Viernes Santo, pues la verbena iniciar\u00e1 a partir de las 14:00 horas del s\u00e1bado 19 de abril.<\/p>\n<p>En esta misma Junta de Consejo, los integrantes del \u00d3rgano de Control Interno, presentaron el Informe Trimestral de Actividades, as\u00ed como el Programa Anual de Auditor\u00edas para el 2025, el cual tambi\u00e9n fue aprobado por unanimidad de los presentes.<\/p>\n<p>En tanto que Antonio G\u00f3mez, administrador del PFNSM present\u00f3 el inventario de bienes muebles controlables e inventariables de este organismo y que por su antig\u00fcedad en el almac\u00e9n, as\u00ed como por su deterioro o nulo funcionamiento, ameritan ser dados de baja de los bienes patrimoniales, para lo cual se presentar\u00e1 una convocatoria y lograr el objetivo de deshacerse de los mismos.<\/p>\n<p>Cabe mencionar que en esta sesi\u00f3n no se tuvo representante del Congreso del Estado, toda vez que al ser una Legislatura de reciente integraci\u00f3n, no se ha determinado qui\u00e9n ocupar\u00e1 el espacio en la Junta de Gobierno del PFNSM.<\/p>\n","protected":false},"excerpt":{"rendered":"<p>#informativoelvalledeaguascalientes #novaradioaguascalientes #informativoelvalledeaguascalientesll &nbsp; &nbsp; Los integrantes de la Junta de Gobierno del Patronato de la Feria Nacional de San Marcos, encabezados por Jos\u00e9 \u00c1ngel Gonz\u00e1lez Serna \u201cPaqu\u00edn\u201d, en su calidad del presidente del organismo que se encarga de la planeaci\u00f3n y realizaci\u00f3n de la verbena abrile\u00f1a, aprobaron por unanimidad la propuesta del periodo en [&hellip;]<\/p>\n","protected":false},"author":13383,"featured_media":62501,"comment_status":"closed","ping_status":"open","sticky":false,"template":"","format":"standard","meta":{"advanced_seo_description":"","jetpack_seo_html_title":"","jetpack_seo_noindex":false,"_jetpack_memberships_contains_paid_content":false,"footnotes":"","jetpack_publicize_message":"","jetpack_publicize_feature_enabled":true,"jetpack_social_post_already_shared":true,"jetpack_social_options":{"image_generator_settings":{"template":"highway","default_image_id":0,"font":"","enabled":false},"version":2}},"categories":[21,4],"tags":[22,615,893],"class_list":["post-62500","post","type-post","status-publish","format-standard","has-post-thumbnail","hentry","category-aguascalientes","category-gobierno-del-estado-aguascalientes","tag-aguascalientes","tag-gobierno-del-estado-de-aguascalientes","tag-patronato-de-la-fnsm"],"jetpack_publicize_connections":[],"jetpack_featured_media_url":"https:\/\/i0.wp.com\/informativoelvalledeaguascalientes.online\/wp-content\/uploads\/2024\/11\/WhatsApp-Image-2024-10-31-at-1.54.42-PM.jpeg?fit=1600%2C1200&ssl=1","jetpack-related-posts":[],"jetpack_sharing_enabled":true,"jetpack_likes_enabled":true,"_links":{"self":[{"href":"https:\/\/informativoelvalledeaguascalientes.online\/index.php?rest_route=\/wp\/v2\/posts\/62500","targetHints":{"allow":["GET"]}}],"collection":[{"href":"https:\/\/informativoelvalledeaguascalientes.online\/index.php?rest_route=\/wp\/v2\/posts"}],"about":[{"href":"https:\/\/informativoelvalledeaguascalientes.online\/index.php?rest_route=\/wp\/v2\/types\/post"}],"author":[{"embeddable":true,"href":"https:\/\/informativoelvalledeaguascalientes.online\/index.php?rest_route=\/wp\/v2\/users\/13383"}],"replies":[{"embeddable":true,"href":"https:\/\/informativoelvalledeaguascalientes.online\/index.php?rest_route=%2Fwp%2Fv2%2Fcomments&post=62500"}],"version-history":[{"count":1,"href":"https:\/\/informativoelvalledeaguascalientes.online\/index.php?rest_route=\/wp\/v2\/posts\/62500\/revisions"}],"predecessor-version":[{"id":62502,"href":"https:\/\/informativoelvalledeaguascalientes.online\/index.php?rest_route=\/wp\/v2\/posts\/62500\/revisions\/62502"}],"wp:featuredmedia":[{"embeddable":true,"href":"https:\/\/informativoelvalledeaguascalientes.online\/index.php?rest_route=\/wp\/v2\/media\/62501"}],"wp:attachment":[{"href":"https:\/\/informativoelvalledeaguascalientes.online\/index.php?rest_route=%2Fwp%2Fv2%2Fmedia&parent=62500"}],"wp:term":[{"taxonomy":"category","embeddable":true,"href":"https:\/\/informativoelvalledeaguascalientes.online\/index.php?rest_route=%2Fwp%2Fv2%2Fcategories&post=62500"},{"taxonomy":"post_tag","embeddable":true,"href":"https:\/\/informativoelvalledeaguascalientes.online\/index.php?rest_route=%2Fwp%2Fv2%2Ftags&post=62500"}],"curies":[{"name":"wp","href":"https:\/\/api.w.org\/{rel}","templated":true}]}}