{"id":62486,"date":"2024-10-30T18:37:35","date_gmt":"2024-10-31T00:37:35","guid":{"rendered":"https:\/\/informativoelvalledeaguascalientes.online\/?p=62486"},"modified":"2024-10-30T18:37:35","modified_gmt":"2024-10-31T00:37:35","slug":"cesar-medina-fortalece-su-compromiso-para-impulsar-la-vivienda-en-jesus-maria","status":"publish","type":"post","link":"https:\/\/informativoelvalledeaguascalientes.online\/?p=62486","title":{"rendered":"C\u00c9SAR MEDINA FORTALECE SU COMPROMISO PARA IMPULSAR LA VIVIENDA EN JES\u00daS MAR\u00cdA"},"content":{"rendered":"<p>#informativoelvalledeaguascalientes #novaradioaguascalientes #informativoelvalledeaguascalientesll<\/p>\n<p>&nbsp;<\/p>\n<p>&nbsp;<\/p>\n<p>El presidente Municipal de Jes\u00fas Mar\u00eda, C\u00e9sar Medina, se reuni\u00f3 con representantes de la C\u00e1mara Nacional de la Industria de Desarrollo y Promoci\u00f3n de Vivienda (CANADEVI), donde reafirm\u00f3 su compromiso de trabajar en conjunto para que este sector contin\u00fae siendo un detonante clave para el desarrollo econ\u00f3mico del municipio.<\/p>\n<p>&nbsp;<\/p>\n<p>Reiter\u00f3 que uno de los ejes principales que rige su plan de trabajo est\u00e1 enfocado en consolidar a Jes\u00fas Mar\u00eda como un municipio competitivo, ordenado y sustentable, asimismo, se\u00f1al\u00f3 que se van a redoblar esfuerzos para embellecer la zona centro de Jes\u00fas Mar\u00eda.<\/p>\n<p>&nbsp;<\/p>\n<p>Durante el encuentro, Medina Cervantes indic\u00f3 que durante su gesti\u00f3n se van a acelerar los procesos administrativos relacionados con el desarrollo habitacional y reducir tiempos de espera \u201cLe vamos a apostar a la digitalizaci\u00f3n para simplificar y agilizar procesos\u201d dijo.<\/p>\n<p>&nbsp;<\/p>\n<p>Indic\u00f3 que la vivienda digna no es solo un derecho, sino que es la base para la estabilidad econ\u00f3mica y social de las familias por lo que reiter\u00f3 su apoyo al sector y record\u00f3 que recientemente firm\u00f3 el pacto por la vivienda para trabajar de manera coordinada para que la poblaci\u00f3n acceda a un patrimonio propio.<\/p>\n","protected":false},"excerpt":{"rendered":"<p>#informativoelvalledeaguascalientes #novaradioaguascalientes #informativoelvalledeaguascalientesll &nbsp; &nbsp; El presidente Municipal de Jes\u00fas Mar\u00eda, C\u00e9sar Medina, se reuni\u00f3 con representantes de la C\u00e1mara Nacional de la Industria de Desarrollo y Promoci\u00f3n de Vivienda (CANADEVI), donde reafirm\u00f3 su compromiso de trabajar en conjunto para que este sector contin\u00fae siendo un detonante clave para el desarrollo econ\u00f3mico del municipio. &nbsp; [&hellip;]<\/p>\n","protected":false},"author":13383,"featured_media":62487,"comment_status":"closed","ping_status":"open","sticky":false,"template":"","format":"standard","meta":{"advanced_seo_description":"","jetpack_seo_html_title":"","jetpack_seo_noindex":false,"_jetpack_memberships_contains_paid_content":false,"footnotes":"","jetpack_publicize_message":"","jetpack_publicize_feature_enabled":true,"jetpack_social_post_already_shared":true,"jetpack_social_options":{"image_generator_settings":{"template":"highway","default_image_id":0,"font":"","enabled":false},"version":2}},"categories":[21,14],"tags":[22,45],"class_list":["post-62486","post","type-post","status-publish","format-standard","has-post-thumbnail","hentry","category-aguascalientes","category-jesus-maria-aguascalientes","tag-aguascalientes","tag-jesus-maria-aguascalientes"],"jetpack_publicize_connections":[],"jetpack_featured_media_url":"https:\/\/i0.wp.com\/informativoelvalledeaguascalientes.online\/wp-content\/uploads\/2024\/10\/IMG-20241030-WA0038.jpg?fit=1531%2C1021&ssl=1","jetpack-related-posts":[],"jetpack_sharing_enabled":true,"jetpack_likes_enabled":true,"_links":{"self":[{"href":"https:\/\/informativoelvalledeaguascalientes.online\/index.php?rest_route=\/wp\/v2\/posts\/62486","targetHints":{"allow":["GET"]}}],"collection":[{"href":"https:\/\/informativoelvalledeaguascalientes.online\/index.php?rest_route=\/wp\/v2\/posts"}],"about":[{"href":"https:\/\/informativoelvalledeaguascalientes.online\/index.php?rest_route=\/wp\/v2\/types\/post"}],"author":[{"embeddable":true,"href":"https:\/\/informativoelvalledeaguascalientes.online\/index.php?rest_route=\/wp\/v2\/users\/13383"}],"replies":[{"embeddable":true,"href":"https:\/\/informativoelvalledeaguascalientes.online\/index.php?rest_route=%2Fwp%2Fv2%2Fcomments&post=62486"}],"version-history":[{"count":1,"href":"https:\/\/informativoelvalledeaguascalientes.online\/index.php?rest_route=\/wp\/v2\/posts\/62486\/revisions"}],"predecessor-version":[{"id":62488,"href":"https:\/\/informativoelvalledeaguascalientes.online\/index.php?rest_route=\/wp\/v2\/posts\/62486\/revisions\/62488"}],"wp:featuredmedia":[{"embeddable":true,"href":"https:\/\/informativoelvalledeaguascalientes.online\/index.php?rest_route=\/wp\/v2\/media\/62487"}],"wp:attachment":[{"href":"https:\/\/informativoelvalledeaguascalientes.online\/index.php?rest_route=%2Fwp%2Fv2%2Fmedia&parent=62486"}],"wp:term":[{"taxonomy":"category","embeddable":true,"href":"https:\/\/informativoelvalledeaguascalientes.online\/index.php?rest_route=%2Fwp%2Fv2%2Fcategories&post=62486"},{"taxonomy":"post_tag","embeddable":true,"href":"https:\/\/informativoelvalledeaguascalientes.online\/index.php?rest_route=%2Fwp%2Fv2%2Ftags&post=62486"}],"curies":[{"name":"wp","href":"https:\/\/api.w.org\/{rel}","templated":true}]}}