{"id":62448,"date":"2024-10-30T17:05:22","date_gmt":"2024-10-30T23:05:22","guid":{"rendered":"https:\/\/informativoelvalledeaguascalientes.online\/?p=62448"},"modified":"2024-10-30T18:07:03","modified_gmt":"2024-10-31T00:07:03","slug":"este-viernes-inicia-la-cuarta-temporada-de-conciertos-de-la-orquesta-sinfonica-de-aguascalientes","status":"publish","type":"post","link":"https:\/\/informativoelvalledeaguascalientes.online\/?p=62448","title":{"rendered":"ESTE VIERNES INICIA LA CUARTA TEMPORADA DE CONCIERTOS DE LA ORQUESTA SINF\u00d3NICA DE AGUASCALIENTES"},"content":{"rendered":"<p>#informativoelvalledeaguascalientes #novaradioaguascalientes #informativoelvalledeaguascalientesll<\/p>\n<p>&nbsp;<\/p>\n<p>&nbsp;<\/p>\n<p>Los conciertos se llevar\u00e1n a cabo los viernes, del 1.\u00b0 al 22 de noviembre en el Teatro Aguascalientes<\/p>\n<p>&nbsp;<\/p>\n<p>Habr\u00e1 un concierto especial en conmemoraci\u00f3n de los 200 a\u00f1os de la Novena Sinfon\u00eda de Beethoven<\/p>\n<p>&nbsp;<\/p>\n<p>Los boletos est\u00e1n disponibles en taquillas del Teatro Aguascalientes y a trav\u00e9s de la p\u00e1gina https:\/\/www.showticket.com.mx\/<\/p>\n<p>&nbsp;<\/p>\n<p>&nbsp;<\/p>\n<p>&nbsp;<\/p>\n<p>El Gobierno del Estado, a trav\u00e9s del Instituto Cultural de Aguascalientes (ICA), invita a la Cuarta Temporada de la Orquesta Sinf\u00f3nica de Aguascalientes, que se llevar\u00e1 a cabo del 1.\u00ba al 22 de noviembre, con presentaciones los viernes a las 20:30 horas en el Teatro Aguascalientes.<\/p>\n<p>&nbsp;<\/p>\n<p>&nbsp;<\/p>\n<p>El ICA detall\u00f3 que el primer concierto se realizar\u00e1 este 1.\u00ba de noviembre, en el que se interpretar\u00e1 la Sinfon\u00eda No. 5, en si bemol mayor, de Anton Bruckner; el segundo concierto ser\u00e1 el 8 de noviembre, el cual contar\u00e1 con la participaci\u00f3n de Ildefonso Cedillo como director invitado.<\/p>\n<p>&nbsp;<\/p>\n<p>&nbsp;<\/p>\n<p>En esta temporada, habr\u00e1 un concierto especial el 15 de noviembre, en conmemoraci\u00f3n de los 200 a\u00f1os de la extraordinaria obra Novena Sinfon\u00eda en re menor, de Ludwig Van Beethoven.<\/p>\n<p>&nbsp;<\/p>\n<p>&nbsp;<\/p>\n<p>Para finalizar, el 22 de noviembre se tendr\u00e1 un programa de primer nivel con sinfon\u00edas de Franz Joseph Haydn y Anton Bruckner.<\/p>\n<p>&nbsp;<\/p>\n<p>&nbsp;<\/p>\n<p>Para los conciertos del 1.\u00b0, 8 y 22 de noviembre, el costo del boleto es de 100 pesos; en el caso de estudiantes con credencial vigente y adultos mayores con credencial de Inapam, la entrada es libre.<\/p>\n<p>&nbsp;<\/p>\n<p>&nbsp;<\/p>\n<p>Mientras que los boletos para el concierto especial del 15 de noviembre, tienen un costo de 570, 450 y 330 pesos.<\/p>\n<p>&nbsp;<\/p>\n<p>&nbsp;<\/p>\n<p>Los boletos est\u00e1n disponibles en las taquillas del Teatro Aguascalientes y a trav\u00e9s de la p\u00e1gina https:\/\/www.showticket.com.mx\/.<\/p>\n","protected":false},"excerpt":{"rendered":"<p>#informativoelvalledeaguascalientes #novaradioaguascalientes #informativoelvalledeaguascalientesll &nbsp; &nbsp; Los conciertos se llevar\u00e1n a cabo los viernes, del 1.\u00b0 al 22 de noviembre en el Teatro Aguascalientes &nbsp; Habr\u00e1 un concierto especial en conmemoraci\u00f3n de los 200 a\u00f1os de la Novena Sinfon\u00eda de Beethoven &nbsp; Los boletos est\u00e1n disponibles en taquillas del Teatro Aguascalientes y a trav\u00e9s de la [&hellip;]<\/p>\n","protected":false},"author":13383,"featured_media":62449,"comment_status":"closed","ping_status":"open","sticky":false,"template":"","format":"standard","meta":{"advanced_seo_description":"","jetpack_seo_html_title":"","jetpack_seo_noindex":false,"_jetpack_memberships_contains_paid_content":false,"footnotes":"","jetpack_publicize_message":"","jetpack_publicize_feature_enabled":true,"jetpack_social_post_already_shared":true,"jetpack_social_options":{"image_generator_settings":{"template":"highway","default_image_id":0,"font":"","enabled":false},"version":2}},"categories":[21,4],"tags":[22,615,52],"class_list":["post-62448","post","type-post","status-publish","format-standard","has-post-thumbnail","hentry","category-aguascalientes","category-gobierno-del-estado-aguascalientes","tag-aguascalientes","tag-gobierno-del-estado-de-aguascalientes","tag-ica"],"jetpack_publicize_connections":[],"jetpack_featured_media_url":"https:\/\/i0.wp.com\/informativoelvalledeaguascalientes.online\/wp-content\/uploads\/2024\/10\/3e855e_542182149a214d8799fbcf464f226d43mv2.webp?fit=828%2C828&ssl=1","jetpack-related-posts":[],"jetpack_sharing_enabled":true,"jetpack_likes_enabled":true,"_links":{"self":[{"href":"https:\/\/informativoelvalledeaguascalientes.online\/index.php?rest_route=\/wp\/v2\/posts\/62448","targetHints":{"allow":["GET"]}}],"collection":[{"href":"https:\/\/informativoelvalledeaguascalientes.online\/index.php?rest_route=\/wp\/v2\/posts"}],"about":[{"href":"https:\/\/informativoelvalledeaguascalientes.online\/index.php?rest_route=\/wp\/v2\/types\/post"}],"author":[{"embeddable":true,"href":"https:\/\/informativoelvalledeaguascalientes.online\/index.php?rest_route=\/wp\/v2\/users\/13383"}],"replies":[{"embeddable":true,"href":"https:\/\/informativoelvalledeaguascalientes.online\/index.php?rest_route=%2Fwp%2Fv2%2Fcomments&post=62448"}],"version-history":[{"count":1,"href":"https:\/\/informativoelvalledeaguascalientes.online\/index.php?rest_route=\/wp\/v2\/posts\/62448\/revisions"}],"predecessor-version":[{"id":62450,"href":"https:\/\/informativoelvalledeaguascalientes.online\/index.php?rest_route=\/wp\/v2\/posts\/62448\/revisions\/62450"}],"wp:featuredmedia":[{"embeddable":true,"href":"https:\/\/informativoelvalledeaguascalientes.online\/index.php?rest_route=\/wp\/v2\/media\/62449"}],"wp:attachment":[{"href":"https:\/\/informativoelvalledeaguascalientes.online\/index.php?rest_route=%2Fwp%2Fv2%2Fmedia&parent=62448"}],"wp:term":[{"taxonomy":"category","embeddable":true,"href":"https:\/\/informativoelvalledeaguascalientes.online\/index.php?rest_route=%2Fwp%2Fv2%2Fcategories&post=62448"},{"taxonomy":"post_tag","embeddable":true,"href":"https:\/\/informativoelvalledeaguascalientes.online\/index.php?rest_route=%2Fwp%2Fv2%2Ftags&post=62448"}],"curies":[{"name":"wp","href":"https:\/\/api.w.org\/{rel}","templated":true}]}}