{"id":62444,"date":"2024-10-30T16:02:36","date_gmt":"2024-10-30T22:02:36","guid":{"rendered":"https:\/\/informativoelvalledeaguascalientes.online\/?p=62444"},"modified":"2024-10-30T18:04:49","modified_gmt":"2024-10-31T00:04:49","slug":"mas-de-mil-200-atletas-de-karate-reunidos-en-torneo-internacional-en-aguascalientes","status":"publish","type":"post","link":"https:\/\/informativoelvalledeaguascalientes.online\/?p=62444","title":{"rendered":"M\u00c1S DE MIL 200 ATLETAS DE KARATE REUNIDOS EN TORNEO INTERNACIONAL EN AGUASCALIENTES"},"content":{"rendered":"<p>#informativoelvalledeaguascalientes #novaradioaguascalientes #informativoelvalledeaguascalientesll<\/p>\n<p>&nbsp;<\/p>\n<p>&nbsp;<\/p>\n<p>&nbsp;<\/p>\n<p>Se celebrar\u00e1 del 31 de octubre al 2 de noviembre en el Gimnasio Ol\u00edmpico, en el marco del Festival Cultural de Calaveras<\/p>\n<p>&nbsp;<\/p>\n<p>Contar\u00e1 con la participaci\u00f3n de 30 expositores que ofrecer\u00e1n seminarios especializados en las disciplinas de kempo, karate y taekwondo<\/p>\n<p>&nbsp;<\/p>\n<p>&nbsp;<\/p>\n<p>Como parte del programa deportivo del Festival Cultural de Calaveras, Aguascalientes ser\u00e1 el escenario del 60.\u00b0 IKC Karate Kempo, un evento de talla mundial que se llevar\u00e1 a cabo del 31 de octubre al 2 de noviembre en el Gimnasio Ol\u00edmpico del Instituto del Deporte del Estado de Aguascalientes (IDEA).<\/p>\n<p>&nbsp;<\/p>\n<p>&nbsp;<\/p>\n<p>Este importante torneo recibir\u00e1 a m\u00e1s de mil 200 atletas de diversas partes del mundo y contar\u00e1 con la participaci\u00f3n de 30 expositores, quienes ofrecer\u00e1n seminarios especializados en disciplinas como kempo, karate y taekwondo, prometiendo una experiencia \u00fanica para quienes gustan de las artes marciales.<\/p>\n<p>&nbsp;<\/p>\n<p>&nbsp;<\/p>\n<p>Arturo Fern\u00e1ndez Estrada, director general del IDEA, subray\u00f3 que este evento es posible gracias al respaldo de la gobernadora Tere Jim\u00e9nez, quien mantiene un firme compromiso con el fomento al deporte en el estado.<\/p>\n<p>&nbsp;<\/p>\n<p>&nbsp;<\/p>\n<p>&#8220;La realizaci\u00f3n de eventos de esta magnitud en Aguascalientes refuerza nuestra posici\u00f3n como sede ideal para competencias internacionales, y esto es gracias al impulso y apoyo que la gobernadora brinda para que se realicen este tipo de eventos&#8221;, destac\u00f3 Fern\u00e1ndez Estrada.<\/p>\n<p>&nbsp;<\/p>\n<p>&nbsp;<\/p>\n<p>Desde la comunidad internacional, competidores como Lorenzo Jim\u00e9nez, de Espa\u00f1a, han expresado su admiraci\u00f3n por el IKC de Aguascalientes, calific\u00e1ndolo como un referente organizativo a nivel mundial. &#8220;Este evento se ha convertido en un modelo para competencias en Europa&#8221;, coment\u00f3. Diane Tanaka, de Estados Unidos, comparti\u00f3 su entusiasmo por regresar a &#8220;la tierra de la gente buena&#8221;, recordando que este torneo comenz\u00f3 como un experimento y ahora atrae a atletas de 18 pa\u00edses.<\/p>\n<p>&nbsp;<\/p>\n<p>&nbsp;<\/p>\n<p>Entre los participantes, destaca la hidroc\u00e1lida Sof\u00eda Ponce, atleta de kempo, quien se mostr\u00f3 emocionada por representar a Aguascalientes y a M\u00e9xico. &#8220;Dar\u00e9 mi m\u00e1ximo esfuerzo en la competencia&#8221;, afirm\u00f3 la joven.<\/p>\n<p>&nbsp;<\/p>\n<p>&nbsp;<\/p>\n<p>Arturo Mu\u00f1oz, presidente de la Comisi\u00f3n de Artes Marciales Mixtas del Municipio de Aguascalientes, resalt\u00f3 la importancia de la colaboraci\u00f3n entre el Municipio y el Gobierno estatal para impulsar el deporte. &#8220;Este evento es una muestra de la fortaleza de la coordinaci\u00f3n entre ambos niveles de gobierno para apoyar a nuestros atletas y promover el deporte en la regi\u00f3n&#8221;, se\u00f1al\u00f3 Mu\u00f1oz.<\/p>\n<p>&nbsp;<\/p>\n<p>&nbsp;<\/p>\n<p>En la presentaci\u00f3n del evento se cont\u00f3 con la presencia de figuras del \u00e1mbito deportivo, como \u00c9ric Alfaro, del comit\u00e9 organizador del IKC Karate Kempo; adem\u00e1s de atletas internacionales, como Carina Salvo, de Argentina; Jhonatan Tale, de Guatemala; Ashlee Venton, del Reino Unido; Romulu Batista, de Brasil, y Hortensia Hinojosa, de M\u00e9xico.<\/p>\n<p>&nbsp;<\/p>\n<p>&nbsp;<\/p>\n<p>El comit\u00e9 organizador invit\u00f3 a toda la comunidad de Aguascalientes a asistir y apoyar a los competidores locales e internacionales en esta fiesta de las artes marciales, celebrando juntos el deporte de nivel mundial.<\/p>\n","protected":false},"excerpt":{"rendered":"<p>#informativoelvalledeaguascalientes #novaradioaguascalientes #informativoelvalledeaguascalientesll &nbsp; &nbsp; &nbsp; Se celebrar\u00e1 del 31 de octubre al 2 de noviembre en el Gimnasio Ol\u00edmpico, en el marco del Festival Cultural de Calaveras &nbsp; Contar\u00e1 con la participaci\u00f3n de 30 expositores que ofrecer\u00e1n seminarios especializados en las disciplinas de kempo, karate y taekwondo &nbsp; &nbsp; Como parte del programa deportivo [&hellip;]<\/p>\n","protected":false},"author":13383,"featured_media":62445,"comment_status":"closed","ping_status":"open","sticky":false,"template":"","format":"standard","meta":{"advanced_seo_description":"","jetpack_seo_html_title":"","jetpack_seo_noindex":false,"_jetpack_memberships_contains_paid_content":false,"footnotes":"","jetpack_publicize_message":"","jetpack_publicize_feature_enabled":true,"jetpack_social_post_already_shared":true,"jetpack_social_options":{"image_generator_settings":{"template":"highway","default_image_id":0,"font":"","enabled":false},"version":2}},"categories":[21,4],"tags":[22,615,113],"class_list":["post-62444","post","type-post","status-publish","format-standard","has-post-thumbnail","hentry","category-aguascalientes","category-gobierno-del-estado-aguascalientes","tag-aguascalientes","tag-gobierno-del-estado-de-aguascalientes","tag-idea"],"jetpack_publicize_connections":[],"jetpack_featured_media_url":"https:\/\/i0.wp.com\/informativoelvalledeaguascalientes.online\/wp-content\/uploads\/2024\/10\/3e855e_95fbe56b61c648bcb11961c4c91116b6mv2.webp?fit=402%2C267&ssl=1","jetpack-related-posts":[],"jetpack_sharing_enabled":true,"jetpack_likes_enabled":true,"_links":{"self":[{"href":"https:\/\/informativoelvalledeaguascalientes.online\/index.php?rest_route=\/wp\/v2\/posts\/62444","targetHints":{"allow":["GET"]}}],"collection":[{"href":"https:\/\/informativoelvalledeaguascalientes.online\/index.php?rest_route=\/wp\/v2\/posts"}],"about":[{"href":"https:\/\/informativoelvalledeaguascalientes.online\/index.php?rest_route=\/wp\/v2\/types\/post"}],"author":[{"embeddable":true,"href":"https:\/\/informativoelvalledeaguascalientes.online\/index.php?rest_route=\/wp\/v2\/users\/13383"}],"replies":[{"embeddable":true,"href":"https:\/\/informativoelvalledeaguascalientes.online\/index.php?rest_route=%2Fwp%2Fv2%2Fcomments&post=62444"}],"version-history":[{"count":1,"href":"https:\/\/informativoelvalledeaguascalientes.online\/index.php?rest_route=\/wp\/v2\/posts\/62444\/revisions"}],"predecessor-version":[{"id":62446,"href":"https:\/\/informativoelvalledeaguascalientes.online\/index.php?rest_route=\/wp\/v2\/posts\/62444\/revisions\/62446"}],"wp:featuredmedia":[{"embeddable":true,"href":"https:\/\/informativoelvalledeaguascalientes.online\/index.php?rest_route=\/wp\/v2\/media\/62445"}],"wp:attachment":[{"href":"https:\/\/informativoelvalledeaguascalientes.online\/index.php?rest_route=%2Fwp%2Fv2%2Fmedia&parent=62444"}],"wp:term":[{"taxonomy":"category","embeddable":true,"href":"https:\/\/informativoelvalledeaguascalientes.online\/index.php?rest_route=%2Fwp%2Fv2%2Fcategories&post=62444"},{"taxonomy":"post_tag","embeddable":true,"href":"https:\/\/informativoelvalledeaguascalientes.online\/index.php?rest_route=%2Fwp%2Fv2%2Ftags&post=62444"}],"curies":[{"name":"wp","href":"https:\/\/api.w.org\/{rel}","templated":true}]}}