{"id":6239,"date":"2020-05-08T20:52:03","date_gmt":"2020-05-09T02:52:03","guid":{"rendered":"https:\/\/informativoelvalledeaguascalientes.online\/?p=6239"},"modified":"2020-05-08T20:52:03","modified_gmt":"2020-05-09T02:52:03","slug":"municipio-de-aguascalientes-lanza-emotiva-campana-para-agradecer-la-labor-del-personal-de-salud","status":"publish","type":"post","link":"https:\/\/informativoelvalledeaguascalientes.online\/?p=6239","title":{"rendered":"MUNICIPIO DE AGUASCALIENTES LANZA EMOTIVA CAMPA\u00d1A PARA AGRADECER LA LABOR DEL PERSONAL DE SALUD"},"content":{"rendered":"<div class=\"opinion-section opinion-single-cover opinion-indent opinion-overlay\">\n<div class=\"container\">\n<div class=\"section-head row justify-content-center text-center\">\n<div class=\"col-12 col-md-8\">\n<div class=\"section-meta\">Como s\u00edmbolo de solidaridad y reconocimiento a la gran labor que realiza el personal de salud para combatir la pandemia por el COVID-19 en la capital, el Municipio de Aguascalientes a trav\u00e9s de la Secretar\u00eda de Comunicaci\u00f3n Social lanz\u00f3 la noche de este jueves una emotiva campa\u00f1a denominada \u201cAguascalientes Estamos Juntos\u201c.<\/div>\n<\/div>\n<\/div>\n<\/div>\n<\/div>\n<div class=\"opinion-section\">\n<div class=\"container\">\n<div class=\"section-content row justify-content-center\">\n<div class=\"col-12 col-lg-8 opinion-order-1\">\n<article class=\"opinion-post opinion-single post-16104 post type-post status-publish format-standard has-post-thumbnail hentry category-comunicacion-social\">\n<div class=\"entry-content\">\n<p class=\"p1\">En medio de un ambiente lleno de emociones y solidaridad, personal de la Secretar\u00eda de Comunicaci\u00f3n Social y de los cuerpos de emergencia del Municipio, se dieron cita en las instalaciones de los Hospitales Generales de Zona #1 y #2 del IMSS, para brindar una muestra de reconocimiento a los grandes h\u00e9roes de nuestro pa\u00eds, con una caravana llena de luces, en la que se proyecto un mapping con sus nombres, a manera de agradecimiento.<\/p>\n<p class=\"p1\"><span class=\"s1\">Recibieron flores y aplausos en honor al esfuerzo sin descanso que realizan d\u00eda con d\u00eda en la lucha contra el COVID-19.<\/span><\/p>\n<p class=\"p1\"><span class=\"s1\">Para la administraci\u00f3n de la alcaldesa\u00a0<strong>Tere Jim\u00e9nez,<\/strong>\u00a0hoy m\u00e1s que nunca es importante reconocer el trabajo que han realizado en las \u00faltimas semanas cada una de estas personas, arriesgando incluso su vida por salvar la de los habitantes de Aguascalientes.<\/span><\/p>\n<p class=\"p1\"><span class=\"s1\">A nombre de las familias y del Ayuntamiento de Aguascalientes,\u00a0<strong>Gracias<\/strong>.<\/span><\/p>\n<\/div>\n<\/article>\n<\/div>\n<\/div>\n<\/div>\n<\/div>\n","protected":false},"excerpt":{"rendered":"<p>Como s\u00edmbolo de solidaridad y reconocimiento a la gran labor que realiza el personal de salud para combatir la pandemia por el COVID-19 en la capital, el Municipio de Aguascalientes a trav\u00e9s de la Secretar\u00eda de Comunicaci\u00f3n Social lanz\u00f3 la noche de este jueves una emotiva campa\u00f1a denominada \u201cAguascalientes Estamos Juntos\u201c. En medio de un [&hellip;]<\/p>\n","protected":false},"author":1,"featured_media":6240,"comment_status":"closed","ping_status":"open","sticky":false,"template":"","format":"standard","meta":{"advanced_seo_description":"","jetpack_seo_html_title":"","jetpack_seo_noindex":false,"_jetpack_memberships_contains_paid_content":false,"footnotes":"","jetpack_publicize_message":"","jetpack_publicize_feature_enabled":true,"jetpack_social_post_already_shared":true,"jetpack_social_options":{"image_generator_settings":{"template":"highway","default_image_id":0,"font":"","enabled":false},"version":2}},"categories":[21,3],"tags":[22,25],"class_list":["post-6239","post","type-post","status-publish","format-standard","has-post-thumbnail","hentry","category-aguascalientes","category-municipio-aguascalientes","tag-aguascalientes","tag-mpio-aguascalientes"],"jetpack_publicize_connections":[],"jetpack_featured_media_url":"https:\/\/i0.wp.com\/informativoelvalledeaguascalientes.online\/wp-content\/uploads\/2020\/05\/mpio_ags_medicos_08052020.jpg?fit=1024%2C683&ssl=1","jetpack-related-posts":[],"jetpack_sharing_enabled":true,"jetpack_likes_enabled":true,"_links":{"self":[{"href":"https:\/\/informativoelvalledeaguascalientes.online\/index.php?rest_route=\/wp\/v2\/posts\/6239","targetHints":{"allow":["GET"]}}],"collection":[{"href":"https:\/\/informativoelvalledeaguascalientes.online\/index.php?rest_route=\/wp\/v2\/posts"}],"about":[{"href":"https:\/\/informativoelvalledeaguascalientes.online\/index.php?rest_route=\/wp\/v2\/types\/post"}],"author":[{"embeddable":true,"href":"https:\/\/informativoelvalledeaguascalientes.online\/index.php?rest_route=\/wp\/v2\/users\/1"}],"replies":[{"embeddable":true,"href":"https:\/\/informativoelvalledeaguascalientes.online\/index.php?rest_route=%2Fwp%2Fv2%2Fcomments&post=6239"}],"version-history":[{"count":1,"href":"https:\/\/informativoelvalledeaguascalientes.online\/index.php?rest_route=\/wp\/v2\/posts\/6239\/revisions"}],"predecessor-version":[{"id":6241,"href":"https:\/\/informativoelvalledeaguascalientes.online\/index.php?rest_route=\/wp\/v2\/posts\/6239\/revisions\/6241"}],"wp:featuredmedia":[{"embeddable":true,"href":"https:\/\/informativoelvalledeaguascalientes.online\/index.php?rest_route=\/wp\/v2\/media\/6240"}],"wp:attachment":[{"href":"https:\/\/informativoelvalledeaguascalientes.online\/index.php?rest_route=%2Fwp%2Fv2%2Fmedia&parent=6239"}],"wp:term":[{"taxonomy":"category","embeddable":true,"href":"https:\/\/informativoelvalledeaguascalientes.online\/index.php?rest_route=%2Fwp%2Fv2%2Fcategories&post=6239"},{"taxonomy":"post_tag","embeddable":true,"href":"https:\/\/informativoelvalledeaguascalientes.online\/index.php?rest_route=%2Fwp%2Fv2%2Ftags&post=6239"}],"curies":[{"name":"wp","href":"https:\/\/api.w.org\/{rel}","templated":true}]}}