{"id":62365,"date":"2024-10-25T16:35:40","date_gmt":"2024-10-25T22:35:40","guid":{"rendered":"https:\/\/informativoelvalledeaguascalientes.online\/?p=62365"},"modified":"2024-10-28T23:37:15","modified_gmt":"2024-10-29T05:37:15","slug":"desde-este-fin-de-semana-eventos-para-toda-la-familia-en-el-festival-cultural-de-calaveras-2024","status":"publish","type":"post","link":"https:\/\/informativoelvalledeaguascalientes.online\/?p=62365","title":{"rendered":"DESDE ESTE FIN DE SEMANA EVENTOS PARA TODA LA FAMILIA EN EL FESTIVAL CULTURAL DE CALAVERAS 2024"},"content":{"rendered":"<p>#informativoelvalledeaguascalientes<\/p>\n<p>#novaradioaguascalientes<\/p>\n<p>#informativoelvalledeaguascalientesll<\/p>\n<p>&nbsp;<\/p>\n<p>&nbsp;<\/p>\n<ul class=\"_28NaN JKQpO\">\n<li class=\"_20rRF\" dir=\"auto\" aria-level=\"1\">\n<p id=\"viewer-ehnk5423\" class=\"qdI7b _4rI8L wI9em _8x74a\" dir=\"\"><span class=\"ECOlE wI9em\"><strong><em>Habr\u00e1 m\u00e1s de 600 actividades para toda la familia; el 90 por ciento son totalmente gratuitas<\/em><\/strong><\/span><\/p>\n<\/li>\n<li class=\"_20rRF\" dir=\"auto\" aria-level=\"1\">\n<p id=\"viewer-afux7426\" class=\"qdI7b _4rI8L wI9em _8x74a\" dir=\"\"><span class=\"ECOlE wI9em\"><strong><em>Las principales sedes del festival son el Centro de la ciudad, el Corredor Cultural Carranza y la Isla San Marcos; tambi\u00e9n habr\u00e1 actividades en los municipios del interior<\/em><\/strong><\/span><\/p>\n<\/li>\n<li class=\"_20rRF\" dir=\"auto\" aria-level=\"1\">\n<p id=\"viewer-5gc4r429\" class=\"qdI7b _4rI8L wI9em _8x74a\" dir=\"\"><span class=\"ECOlE wI9em\"><strong><em>Conoce el programa completo en esta p\u00e1gina <\/em><\/strong><a class=\"hxVNc _6IKdy\" href=\"https:\/\/lc.cx\/C9oayy\" target=\"_self\" rel=\"noopener\" data-hook=\"WebLink\"><strong><em><u>https:\/\/lc.cx\/C9oayy<\/u><\/em><\/strong><\/a><strong><em>\u00a0<\/em><\/strong><\/span><\/p>\n<\/li>\n<\/ul>\n<div id=\"viewer-doelu433\" class=\"qdI7b _4rI8L JKQpO _8x74a\" dir=\"auto\"><span class=\"ECOlE\">\u00a0<\/span><\/div>\n<p id=\"viewer-ta91e434\" class=\"qdI7b _4rI8L wI9em _8x74a\" dir=\"auto\"><span class=\"ECOlE wI9em\">El Gobierno del Estado, a trav\u00e9s de la Secretar\u00eda de Turismo (Sectur), te invita a disfrutar este fin de semana del Festival Cultural de Calaveras 2024; habr\u00e1 m\u00e1s de 600 actividades para toda la familia, de las cuales el 90 por ciento son totalmente gratuitas e incluyen experiencias culturales, art\u00edsticas y deportivas.<\/span><\/p>\n<div id=\"viewer-b37vb468\" class=\"qdI7b _4rI8L wI9em _8x74a\" dir=\"auto\"><span class=\"ECOlE wI9em\">\u00a0<\/span><\/div>\n<p id=\"viewer-4t2n3436\" class=\"qdI7b _4rI8L wI9em _8x74a\" dir=\"auto\"><span class=\"ECOlE wI9em\">Las principales sedes del festival son el Centro de la ciudad, el Corredor Cultural Carranza y, por supuesto, la Isla San Marcos; tambi\u00e9n se llevar\u00e1n a cabo actividades en los municipios del interior.\u00a0<\/span><\/p>\n<div id=\"viewer-vfwc4490\" class=\"qdI7b _4rI8L wI9em _8x74a\" dir=\"auto\"><span class=\"ECOlE wI9em\">\u00a0<\/span><\/div>\n<p id=\"viewer-z1vku438\" class=\"qdI7b _4rI8L wI9em _8x74a\" dir=\"auto\"><span class=\"ECOlE wI9em\">La Sectur dio a conocer algunas de las principales actividades que se realizar\u00e1n este viernes 25 de octubre, como el concierto &#8220;Compositores de Aguascalientes&#8221; de la Orquesta Sinf\u00f3nica, en el Teatro Aguascalientes, en punto de las 8:30 de la noche.\u00a0<\/span><\/p>\n<div id=\"viewer-p08os512\" class=\"qdI7b _4rI8L wI9em _8x74a\" dir=\"auto\"><span class=\"ECOlE wI9em\">\u00a0<\/span><\/div>\n<p id=\"viewer-u39pc440\" class=\"qdI7b _4rI8L wI9em _8x74a\" dir=\"auto\"><span class=\"ECOlE wI9em\">Adem\u00e1s, habr\u00e1 funci\u00f3n de Lucha Libre en el Palenque de la Feria, con la participaci\u00f3n de grandes luchadores; tambi\u00e9n dar\u00e1 inicio el Primer Circuito Nacional de Calaveras de Mini Polo Acu\u00e1tico, que reunir\u00e1 a atletas de todo el pa\u00eds y tendr\u00e1 como sede la Alberca Ol\u00edmpica de Aguascalientes.<\/span><\/p>\n<div id=\"viewer-me957535\" class=\"qdI7b _4rI8L wI9em _8x74a\" dir=\"auto\"><span class=\"ECOlE wI9em\">\u00a0<\/span><\/div>\n<p id=\"viewer-ge8nk443\" class=\"qdI7b _4rI8L wI9em _8x74a\" dir=\"auto\"><span class=\"ECOlE wI9em\">Mientras que el s\u00e1bado 26 de octubre se contar\u00e1 con la presentaci\u00f3n de la artista chilena de pop-rock Nicole, a las 9:00 de la noche, en el Foro Carranza; de igual forma, en la Velaria de la Isla San Marcos, las familias podr\u00e1n disfrutar del Segundo Encuentro Nacional de Danz\u00f3n, a partir de las 11:00 de la ma\u00f1ana.\u00a0<\/span><\/p>\n<div id=\"viewer-uezj3557\" class=\"qdI7b _4rI8L wI9em _8x74a\" dir=\"auto\"><span class=\"ECOlE wI9em\">\u00a0<\/span><\/div>\n<p id=\"viewer-mfhrm445\" class=\"qdI7b _4rI8L wI9em _8x74a\" dir=\"auto\"><span class=\"ECOlE wI9em\">En Vin\u00edcola Santa Elena se ofrecer\u00e1 el concierto a la Luz de las Velas con Rom\u00e1n Pav\u00f3n, que promete una experiencia memorable, a las 8:00 de la noche; asimismo, en Ficotrece se ofrecer\u00e1n presentaciones culturales que van desde \u00f3pera y danza, hasta exhibici\u00f3n de pinturas, de las 8:00 a las 10:00 de la noche.\u00a0<\/span><\/p>\n<div id=\"viewer-jj2ja579\" class=\"qdI7b _4rI8L wI9em _8x74a\" dir=\"auto\"><span class=\"ECOlE wI9em\">\u00a0<\/span><\/div>\n<p id=\"viewer-vmg6t447\" class=\"qdI7b _4rI8L wI9em _8x74a\" dir=\"auto\"><span class=\"ECOlE wI9em\">Tambi\u00e9n se desarrollar\u00e1 el Torneo de Calaveras B\u00e9isbol 2024, en el Deportivo Ferrocarrilero, en el Centro de Capacitaci\u00f3n Deportiva Infantil (CECADI), as\u00ed como en diversos municipios del interior. Adem\u00e1s, si te gusta la naturaleza, en Vi\u00f1a Las Cruces, se organizar\u00e1 una noche de camping y se ofrecer\u00e1n diversos platillos.\u00a0<\/span><\/p>\n<div id=\"viewer-lh82b601\" class=\"qdI7b _4rI8L wI9em _8x74a\" dir=\"auto\"><span class=\"ECOlE wI9em\">\u00a0<\/span><\/div>\n<p id=\"viewer-9bcdv449\" class=\"qdI7b _4rI8L wI9em _8x74a\" dir=\"auto\"><span class=\"ECOlE wI9em\">El domingo 27 de octubre, en el Foro Carranza, se presentar\u00e1 la banda Gran Sur, con su distintivo estilo folk pop, a las 9:00 de la noche; mientras que en el Pabell\u00f3n del Pan de la Velaria de la Isla San Marcos, se llevar\u00e1 a cabo el concurso &#8220;El Pan Une Familias&#8221;, en el que los participantes competir\u00e1n para realizar el mejor pan de muerto.\u00a0\u00a0<\/span><\/p>\n<div id=\"viewer-wf0vx623\" class=\"qdI7b _4rI8L wI9em _8x74a\" dir=\"auto\"><span class=\"ECOlE wI9em\">\u00a0<\/span><\/div>\n<p id=\"viewer-j40de451\" class=\"qdI7b _4rI8L wI9em _8x74a\" dir=\"auto\"><span class=\"ECOlE wI9em\">Las personas que les gusta el contacto con la naturaleza podr\u00e1n participar en la caminata que se realizar\u00e1 en el Cerro del Muerto a las 7:00 de la noche; de igual forma se llevar\u00e1 a cabo el tradicional Marat\u00f3n Aguascalientes, en la avenida Manuel G\u00f3mez Mor\u00edn, a las 7:00 de la ma\u00f1ana, un evento que re\u00fane a corredores de diversas categor\u00edas.\u00a0<\/span><\/p>\n<div id=\"viewer-8yi3q645\" class=\"qdI7b _4rI8L wI9em _8x74a\" dir=\"auto\"><span class=\"ECOlE wI9em\">\u00a0<\/span><\/div>\n<p id=\"viewer-0ffvm453\" class=\"qdI7b _4rI8L wI9em _8x74a\" dir=\"auto\"><span class=\"ECOlE wI9em\">Adem\u00e1s, en la Isla San Marcos, durante todo el festival, las familias podr\u00e1n disfrutar de los pabellones Infantil, del Pan, Hecho en Aguascalientes, Agroalimentario y Artesanal, as\u00ed como de los de la Secretar\u00eda de la Familia (Sefam) y el DIF Estatal; mientras que en el Foro Alma Viva y Foro Catrina se realizar\u00e1n conciertos, obras de teatro, concursos y m\u00e1s.\u00a0<\/span><\/p>\n<div id=\"viewer-gouag667\" class=\"qdI7b _4rI8L wI9em _8x74a\" dir=\"auto\"><span class=\"ECOlE wI9em\">\u00a0<\/span><\/div>\n<p id=\"viewer-04700455\" class=\"qdI7b _4rI8L wI9em _8x74a\" dir=\"auto\"><span class=\"ECOlE wI9em\">Para quienes gustan de las actividades nocturnas relacionadas con el D\u00eda de Muertos, podr\u00e1n asistir a Xibalb\u00e1, que es un un recorrido tem\u00e1tico del Inframundo Maya en el Pante\u00f3n de la Salud; as\u00ed como a \u201cLos Encarnizados del Ferrocarril\u201d, con historias y leyendas alusivas a los antiguos talleres del ferrocarril, en la Plaza de las Tres Centurias, entre otros.\u00a0<\/span><\/p>\n<div id=\"viewer-bt4p3689\" class=\"qdI7b _4rI8L wI9em _8x74a\" dir=\"auto\"><span class=\"ECOlE wI9em\">\u00a0<\/span><\/div>\n<p id=\"viewer-ok2vu457\" class=\"qdI7b _4rI8L wI9em _8x74a\" dir=\"auto\"><span class=\"ECOlE wI9em\">Para conocer el programa completo, la Sectur invita a visitar el siguiente link. <a class=\"hxVNc _6IKdy\" href=\"https:\/\/lc.cx\/C9oayy\" target=\"_self\" rel=\"noopener\" data-hook=\"WebLink\"><u>https:\/\/lc.cx\/C9oayy<\/u><\/a>,\u00a0 \u00a1No te pierdas la oportunidad de disfrutar de una experiencia \u00fanica en Aguascalientes!\u00a0<\/span><\/p>\n","protected":false},"excerpt":{"rendered":"<p>#informativoelvalledeaguascalientes #novaradioaguascalientes #informativoelvalledeaguascalientesll &nbsp; &nbsp; Habr\u00e1 m\u00e1s de 600 actividades para toda la familia; el 90 por ciento son totalmente gratuitas Las principales sedes del festival son el Centro de la ciudad, el Corredor Cultural Carranza y la Isla San Marcos; tambi\u00e9n habr\u00e1 actividades en los municipios del interior Conoce el programa completo en esta [&hellip;]<\/p>\n","protected":false},"author":13383,"featured_media":62366,"comment_status":"closed","ping_status":"open","sticky":false,"template":"","format":"standard","meta":{"advanced_seo_description":"","jetpack_seo_html_title":"","jetpack_seo_noindex":false,"_jetpack_memberships_contains_paid_content":false,"footnotes":"","jetpack_publicize_message":"","jetpack_publicize_feature_enabled":true,"jetpack_social_post_already_shared":true,"jetpack_social_options":{"image_generator_settings":{"template":"highway","default_image_id":0,"font":"","enabled":false},"version":2}},"categories":[21,4],"tags":[22,615,34],"class_list":["post-62365","post","type-post","status-publish","format-standard","has-post-thumbnail","hentry","category-aguascalientes","category-gobierno-del-estado-aguascalientes","tag-aguascalientes","tag-gobierno-del-estado-de-aguascalientes","tag-sectur"],"jetpack_publicize_connections":[],"jetpack_featured_media_url":"https:\/\/i0.wp.com\/informativoelvalledeaguascalientes.online\/wp-content\/uploads\/2024\/10\/3-2.jpeg?fit=1280%2C1600&ssl=1","jetpack-related-posts":[],"jetpack_sharing_enabled":true,"jetpack_likes_enabled":true,"_links":{"self":[{"href":"https:\/\/informativoelvalledeaguascalientes.online\/index.php?rest_route=\/wp\/v2\/posts\/62365","targetHints":{"allow":["GET"]}}],"collection":[{"href":"https:\/\/informativoelvalledeaguascalientes.online\/index.php?rest_route=\/wp\/v2\/posts"}],"about":[{"href":"https:\/\/informativoelvalledeaguascalientes.online\/index.php?rest_route=\/wp\/v2\/types\/post"}],"author":[{"embeddable":true,"href":"https:\/\/informativoelvalledeaguascalientes.online\/index.php?rest_route=\/wp\/v2\/users\/13383"}],"replies":[{"embeddable":true,"href":"https:\/\/informativoelvalledeaguascalientes.online\/index.php?rest_route=%2Fwp%2Fv2%2Fcomments&post=62365"}],"version-history":[{"count":1,"href":"https:\/\/informativoelvalledeaguascalientes.online\/index.php?rest_route=\/wp\/v2\/posts\/62365\/revisions"}],"predecessor-version":[{"id":62367,"href":"https:\/\/informativoelvalledeaguascalientes.online\/index.php?rest_route=\/wp\/v2\/posts\/62365\/revisions\/62367"}],"wp:featuredmedia":[{"embeddable":true,"href":"https:\/\/informativoelvalledeaguascalientes.online\/index.php?rest_route=\/wp\/v2\/media\/62366"}],"wp:attachment":[{"href":"https:\/\/informativoelvalledeaguascalientes.online\/index.php?rest_route=%2Fwp%2Fv2%2Fmedia&parent=62365"}],"wp:term":[{"taxonomy":"category","embeddable":true,"href":"https:\/\/informativoelvalledeaguascalientes.online\/index.php?rest_route=%2Fwp%2Fv2%2Fcategories&post=62365"},{"taxonomy":"post_tag","embeddable":true,"href":"https:\/\/informativoelvalledeaguascalientes.online\/index.php?rest_route=%2Fwp%2Fv2%2Ftags&post=62365"}],"curies":[{"name":"wp","href":"https:\/\/api.w.org\/{rel}","templated":true}]}}