{"id":6236,"date":"2020-05-08T20:41:46","date_gmt":"2020-05-09T02:41:46","guid":{"rendered":"https:\/\/informativoelvalledeaguascalientes.online\/?p=6236"},"modified":"2020-05-08T20:41:46","modified_gmt":"2020-05-09T02:41:46","slug":"aprueban-mas-de-6-mdp-del-fondea-para-equipamiento-preventivo-y-de-sanitizacion-de-proteccion-civil","status":"publish","type":"post","link":"https:\/\/informativoelvalledeaguascalientes.online\/?p=6236","title":{"rendered":"APRUEBAN M\u00c1S DE 6 MDP DEL FONDEA PARA EQUIPAMIENTO PREVENTIVO Y DE SANITIZACI\u00d3N DE PROTECCI\u00d3N CIVIL"},"content":{"rendered":"<ul>\n<li style=\"font-weight: 400;\"><strong><em>La inversi\u00f3n fue aprobada por unanimidad en sesi\u00f3n del comit\u00e9 t\u00e9cnico del Fondo de Desastres Naturales del Estado de Aguascalientes<\/em><\/strong><\/li>\n<li style=\"font-weight: 400;\"><strong><em>El equipo que ser\u00e1 adquirido es multifuncional pues adem\u00e1s de reforzar la seguridad del personal en el combate al conoronavirus, puede ser empleado para abatir otras contingencias<\/em><\/strong><\/li>\n<\/ul>\n<p style=\"font-weight: 400;\">\n<p style=\"font-weight: 400;\">En sesi\u00f3n del comit\u00e9 t\u00e9cnico del Fondo de Desastres Naturales del Estado de Aguascalientes (Fondea), fue aprobada una inversi\u00f3n superior a los 6 millones de pesos para equipamiento de sanitizaci\u00f3n y preventivo de la Coordinaci\u00f3n Estatal de Protecci\u00f3n Civil, con el fin de reforzar la seguridad del personal de esta dependencia, y de intensificar el combate de la pandemia por el coronavirus (Covid-19) en beneficio de la poblaci\u00f3n de Aguascalientes, se\u00f1al\u00f3 la secretaria General de Gobierno, Siomar Estrada Cruz.<\/p>\n<p style=\"font-weight: 400;\">\n<p style=\"font-weight: 400;\">Todo el equipo e insumos que ser\u00e1n adquiridos, tienen la caracter\u00edstica de ser multifuncionales, ya que adem\u00e1s de contribuir a reforzar las acciones para evitar la propagaci\u00f3n del coronavirus, como la sanitizaci\u00f3n de edificios y espacios p\u00fablicos, pueden ser utilizados en el combate a otras contingencias como incendios forestales, o el control de plagas que perjudican la salud de la poblaci\u00f3n, como el mosquito portador del dengue.<\/p>\n<p style=\"font-weight: 400;\">\n<p style=\"font-weight: 400;\">Estrada Cruz refiri\u00f3 la relevancia de dotar a la Coordinaci\u00f3n Estatal de Protecci\u00f3n Civil del equipo pertinente para la realizaci\u00f3n de sus labores preventivas y de contenci\u00f3n durante esta pandemia, toda vez que ser\u00e1 una pr\u00e1ctica permanente en los espacios p\u00fablicos, particularmente en la fase actual en la que nos encontramos, y que se extender\u00e1n en el arranque y desarrollo del regreso escalonado a la actividad econ\u00f3mica, pues ser\u00e1 una de las medidas sanitarias para brindar protecci\u00f3n a los trabajadores.<\/p>\n<p style=\"font-weight: 400;\">\n<p style=\"font-weight: 400;\">A esta sesi\u00f3n del Fondea, tambi\u00e9n se cont\u00f3 con la asistencia de la subsecretaria de Gobierno, Claudia Ortega Valadez; el Coordinador Estatal de Protecci\u00f3n Civil, H\u00e9ctor Reyes Hern\u00e1ndez; la\u00a0directora general de Prevenci\u00f3n y Control de Enfermedades del Instituto de Servicios de Salud de Aguascalientes, Mar\u00eda Eugenia Velasco Mar\u00edn; el secretario de Gesti\u00f3n Urban\u00edstica y Ordenamiento Territorial, Armando Roque Cruz, entre otras autoridades.<\/p>\n","protected":false},"excerpt":{"rendered":"<p>La inversi\u00f3n fue aprobada por unanimidad en sesi\u00f3n del comit\u00e9 t\u00e9cnico del Fondo de Desastres Naturales del Estado de Aguascalientes El equipo que ser\u00e1 adquirido es multifuncional pues adem\u00e1s de reforzar la seguridad del personal en el combate al conoronavirus, puede ser empleado para abatir otras contingencias En sesi\u00f3n del comit\u00e9 t\u00e9cnico del Fondo de [&hellip;]<\/p>\n","protected":false},"author":1,"featured_media":6237,"comment_status":"closed","ping_status":"open","sticky":false,"template":"","format":"standard","meta":{"advanced_seo_description":"","jetpack_seo_html_title":"","jetpack_seo_noindex":false,"_jetpack_memberships_contains_paid_content":false,"footnotes":"","jetpack_publicize_message":"","jetpack_publicize_feature_enabled":true,"jetpack_social_post_already_shared":true,"jetpack_social_options":{"image_generator_settings":{"template":"highway","default_image_id":0,"font":"","enabled":false},"version":2}},"categories":[21,4],"tags":[22,51],"class_list":["post-6236","post","type-post","status-publish","format-standard","has-post-thumbnail","hentry","category-aguascalientes","category-gobierno-del-estado-aguascalientes","tag-aguascalientes","tag-seggob"],"jetpack_publicize_connections":[],"jetpack_featured_media_url":"https:\/\/i0.wp.com\/informativoelvalledeaguascalientes.online\/wp-content\/uploads\/2020\/05\/seggob_08052020.jpg?fit=947%2C631&ssl=1","jetpack-related-posts":[],"jetpack_sharing_enabled":true,"jetpack_likes_enabled":true,"_links":{"self":[{"href":"https:\/\/informativoelvalledeaguascalientes.online\/index.php?rest_route=\/wp\/v2\/posts\/6236","targetHints":{"allow":["GET"]}}],"collection":[{"href":"https:\/\/informativoelvalledeaguascalientes.online\/index.php?rest_route=\/wp\/v2\/posts"}],"about":[{"href":"https:\/\/informativoelvalledeaguascalientes.online\/index.php?rest_route=\/wp\/v2\/types\/post"}],"author":[{"embeddable":true,"href":"https:\/\/informativoelvalledeaguascalientes.online\/index.php?rest_route=\/wp\/v2\/users\/1"}],"replies":[{"embeddable":true,"href":"https:\/\/informativoelvalledeaguascalientes.online\/index.php?rest_route=%2Fwp%2Fv2%2Fcomments&post=6236"}],"version-history":[{"count":1,"href":"https:\/\/informativoelvalledeaguascalientes.online\/index.php?rest_route=\/wp\/v2\/posts\/6236\/revisions"}],"predecessor-version":[{"id":6238,"href":"https:\/\/informativoelvalledeaguascalientes.online\/index.php?rest_route=\/wp\/v2\/posts\/6236\/revisions\/6238"}],"wp:featuredmedia":[{"embeddable":true,"href":"https:\/\/informativoelvalledeaguascalientes.online\/index.php?rest_route=\/wp\/v2\/media\/6237"}],"wp:attachment":[{"href":"https:\/\/informativoelvalledeaguascalientes.online\/index.php?rest_route=%2Fwp%2Fv2%2Fmedia&parent=6236"}],"wp:term":[{"taxonomy":"category","embeddable":true,"href":"https:\/\/informativoelvalledeaguascalientes.online\/index.php?rest_route=%2Fwp%2Fv2%2Fcategories&post=6236"},{"taxonomy":"post_tag","embeddable":true,"href":"https:\/\/informativoelvalledeaguascalientes.online\/index.php?rest_route=%2Fwp%2Fv2%2Ftags&post=6236"}],"curies":[{"name":"wp","href":"https:\/\/api.w.org\/{rel}","templated":true}]}}