{"id":62181,"date":"2024-10-23T14:21:30","date_gmt":"2024-10-23T20:21:30","guid":{"rendered":"https:\/\/informativoelvalledeaguascalientes.online\/?p=62181"},"modified":"2024-10-23T17:23:43","modified_gmt":"2024-10-23T23:23:43","slug":"coordinacion-entre-el-iea-y-diputados-para-impulsar-iniciativas-educativas","status":"publish","type":"post","link":"https:\/\/informativoelvalledeaguascalientes.online\/?p=62181","title":{"rendered":"COORDINACI\u00d3N ENTRE EL IEA Y DIPUTADOS PARA IMPULSAR INICIATIVAS EDUCATIVAS"},"content":{"rendered":"<p>#informativoelvalledeaguascalientes<\/p>\n<p>#novaradioaguascalientes<\/p>\n<p>#informativoelvalledeaguascalientesll<\/p>\n<p>&nbsp;<\/p>\n<p>&nbsp;<\/p>\n<ul>\n<li><strong><em>Se busca establecer mesas de trabajo para fortalecer el combate al acoso escolar y actualizar leyes sobre la prevenci\u00f3n de violencia en las escuelas<\/em><\/strong><\/li>\n<li><strong><em>El titular del IEA present\u00f3 diversas iniciativas y programas estrat\u00e9gicos de educaci\u00f3n en Aguascalientes\u00a0<\/em><\/strong><\/li>\n<\/ul>\n<p>&nbsp;<\/p>\n<p>Con el objetivo de avanzar en los compromisos educativos de la administraci\u00f3n de la gobernadora Tere Jim\u00e9nez, el director del Instituto de Educaci\u00f3n de Aguascalientes (IEA), Luis Enrique Guti\u00e9rrez Reynoso, se reuni\u00f3 con integrantes de la Comisi\u00f3n de Educaci\u00f3n y Cultura del H. Congreso del Estado.<\/p>\n<p>&nbsp;<\/p>\n<p>Guti\u00e9rrez Reynoso destac\u00f3 que uno de los principales objetivos fue dar a conocer a los legisladores(as) los servicios educativos que ofrece el IEA, con el fin de que puedan difundir esta informaci\u00f3n entre la ciudadan\u00eda.<\/p>\n<p>&nbsp;<\/p>\n<p>Adem\u00e1s, se acord\u00f3 realizar mesas de trabajo para abordar temas como seguir con la lucha contra el acoso escolar y la violencia en el entorno educativo. Explic\u00f3 que esta iniciativa busca actualizar la legislaci\u00f3n en materia de prevenci\u00f3n de violencia en las escuelas, pues no ha tenido modificaciones desde 2014.<\/p>\n<p>&nbsp;<\/p>\n<p>Otro punto importante tratado fue la actualizaci\u00f3n de la normatividad en protocolos que garanticen el bienestar de estudiantes, docentes y personal educativo.<\/p>\n<p>&nbsp;<\/p>\n<p>Guti\u00e9rrez Reynoso tambi\u00e9n present\u00f3 diversas acciones del IEA, como las convocatorias de becas, el estado de la cobertura educativa en diferentes niveles, proyectos de infraestructura educativa y estrategias para mejorar la calidad en bachilleratos y universidades. Asimismo, se enfatiz\u00f3 la importancia de la capacitaci\u00f3n docente y la participaci\u00f3n activa de los padres de familia en la educaci\u00f3n de sus hijos.<\/p>\n<p>&nbsp;<\/p>\n<p>En este encuentro participaron los diputados Luc\u00eda de Le\u00f3n Urs\u00faa, presidenta de la Comisi\u00f3n de Educaci\u00f3n y Cultura, as\u00ed como los integrantes Amisadai Manuel Castorena Romo, Heriberto Gallegos Serna y Alma Hilda Medina Mac\u00edas.<\/p>\n<p>&nbsp;<\/p>\n","protected":false},"excerpt":{"rendered":"<p>#informativoelvalledeaguascalientes #novaradioaguascalientes #informativoelvalledeaguascalientesll &nbsp; &nbsp; Se busca establecer mesas de trabajo para fortalecer el combate al acoso escolar y actualizar leyes sobre la prevenci\u00f3n de violencia en las escuelas El titular del IEA present\u00f3 diversas iniciativas y programas estrat\u00e9gicos de educaci\u00f3n en Aguascalientes\u00a0 &nbsp; Con el objetivo de avanzar en los compromisos educativos de la [&hellip;]<\/p>\n","protected":false},"author":13383,"featured_media":62182,"comment_status":"closed","ping_status":"open","sticky":false,"template":"","format":"standard","meta":{"advanced_seo_description":"","jetpack_seo_html_title":"","jetpack_seo_noindex":false,"_jetpack_memberships_contains_paid_content":false,"footnotes":"","jetpack_publicize_message":"","jetpack_publicize_feature_enabled":true,"jetpack_social_post_already_shared":true,"jetpack_social_options":{"image_generator_settings":{"template":"highway","default_image_id":0,"font":"","enabled":false},"version":2}},"categories":[21,4],"tags":[22,615,39],"class_list":["post-62181","post","type-post","status-publish","format-standard","has-post-thumbnail","hentry","category-aguascalientes","category-gobierno-del-estado-aguascalientes","tag-aguascalientes","tag-gobierno-del-estado-de-aguascalientes","tag-iea"],"jetpack_publicize_connections":[],"jetpack_featured_media_url":"https:\/\/i0.wp.com\/informativoelvalledeaguascalientes.online\/wp-content\/uploads\/2024\/10\/IMG_8447-1-scaled.jpg?fit=2560%2C1707&ssl=1","jetpack-related-posts":[],"jetpack_sharing_enabled":true,"jetpack_likes_enabled":true,"_links":{"self":[{"href":"https:\/\/informativoelvalledeaguascalientes.online\/index.php?rest_route=\/wp\/v2\/posts\/62181","targetHints":{"allow":["GET"]}}],"collection":[{"href":"https:\/\/informativoelvalledeaguascalientes.online\/index.php?rest_route=\/wp\/v2\/posts"}],"about":[{"href":"https:\/\/informativoelvalledeaguascalientes.online\/index.php?rest_route=\/wp\/v2\/types\/post"}],"author":[{"embeddable":true,"href":"https:\/\/informativoelvalledeaguascalientes.online\/index.php?rest_route=\/wp\/v2\/users\/13383"}],"replies":[{"embeddable":true,"href":"https:\/\/informativoelvalledeaguascalientes.online\/index.php?rest_route=%2Fwp%2Fv2%2Fcomments&post=62181"}],"version-history":[{"count":1,"href":"https:\/\/informativoelvalledeaguascalientes.online\/index.php?rest_route=\/wp\/v2\/posts\/62181\/revisions"}],"predecessor-version":[{"id":62183,"href":"https:\/\/informativoelvalledeaguascalientes.online\/index.php?rest_route=\/wp\/v2\/posts\/62181\/revisions\/62183"}],"wp:featuredmedia":[{"embeddable":true,"href":"https:\/\/informativoelvalledeaguascalientes.online\/index.php?rest_route=\/wp\/v2\/media\/62182"}],"wp:attachment":[{"href":"https:\/\/informativoelvalledeaguascalientes.online\/index.php?rest_route=%2Fwp%2Fv2%2Fmedia&parent=62181"}],"wp:term":[{"taxonomy":"category","embeddable":true,"href":"https:\/\/informativoelvalledeaguascalientes.online\/index.php?rest_route=%2Fwp%2Fv2%2Fcategories&post=62181"},{"taxonomy":"post_tag","embeddable":true,"href":"https:\/\/informativoelvalledeaguascalientes.online\/index.php?rest_route=%2Fwp%2Fv2%2Ftags&post=62181"}],"curies":[{"name":"wp","href":"https:\/\/api.w.org\/{rel}","templated":true}]}}